{"id":319,"date":"2004-03-26T13:03:44","date_gmt":"2004-03-26T12:03:44","guid":{"rendered":"https:\/\/www.vorspeisenplatte.de\/speisen\/2004\/03\/diaetterror-die-serie-9-meine-ganz-persoenliche-koerpersemiotik.htm"},"modified":"2007-05-07T09:31:30","modified_gmt":"2007-05-07T07:31:30","slug":"diaetterror-die-serie-9-meine-ganz-persoenliche-koerpersemiotik","status":"publish","type":"post","link":"https:\/\/www.vorspeisenplatte.de\/speisen\/2004\/03\/diaetterror-die-serie-9-meine-ganz-persoenliche-koerpersemiotik.htm","title":{"rendered":"Di\u00e4tterror &#8211; die Serie (9): Meine ganz pers\u00f6nliche K\u00f6rpersemiotik"},"content":{"rendered":"<p>Zum Anziehen f\u00e4llt mir eigentlich immer was ein, dieser Teil der <a href=\"https:\/\/www.vorspeisenplatte.de\/archives_speisen\/00000315.htm\">Inszenierung meines Bildes nach au\u00dfen<\/a> ist f\u00fcr mich nicht nur einfach, er macht mir Spa\u00df. Gerne sind diese Inszenierungen sogar sehr privat, wenn ich zum Beispiel beim Anziehen eine Engl\u00e4nderin der 30er Jahre auf Safari vor Augen habe.<\/p>\n<p>In meinem Fall ist es, wie best\u00e4ndige Leser unausweichlich mitbekommen haben, mein K\u00f6rper, der das falsche Zeichen ist. Schauen wir uns mal die hochpers\u00f6nliche Semiotik meines K\u00f6rpers an, so, wie ich sie als Regisseurin meiner Inszenierung empfinde. Das entspricht \u00fcbrigens nur in Ausnahmen der Deutung des Zeichens \u201edick\u201c bei anderen Frauen!<\/p>\n<p>In meinen Augen steht mein dicker K\u00f6rper unter anderem f\u00fcr:<br \/>\nUnattraktiv, \u00e4ltlich, tr\u00e4ge, beh\u00e4big, festgefahren, langsam, unsportlich, plump, unbeherrscht, schlampig, passiv, nicht zur Gruppe begehrenswerter Frauen geh\u00f6rig.<\/p>\n<p>Dazu kommt, dass dieses Dicksein bei mir \u00fcberbordend weibliche Formen hat. Jegliche Betonung durch Kleidung sieht in meinen Augen also nicht etwa lebenslustig aus, k\u00f6rperbewusst, verf\u00fchrerisch, sondern ordin\u00e4r und verzweifelt.<\/p>\n<p>Unweigerlich f\u00fchrt das zu der Frage: Warum also nicht etwas dagegen unternehmen? Zur Erinnerung: Meine pers\u00f6nliche Di\u00e4tkarriere begann, als ich drei Jahre alt war. Ich bin praktisch ausdi\u00e4tiert. Ja, mein K\u00f6rper hatte zehn Jahre lang die Formen f\u00fcr Konfektionsgr\u00f6\u00dfe 38. F\u00fcr die Selbstinszenierung durch Kleidung stand mir damals ein fast wei\u00dfes Blatt zur Verf\u00fcgung, ein K\u00f6rper nahezu ohne Eigenaussage. In dieser Zeit trieb ich sehr viel Ausdauersport und lie\u00df mehrfach in der Woche das Abendessen ausfallen.<\/p>\n<p>Zudem: Schlanke Frauen, die ihre Figur nur mit Dauerdi\u00e4t oder t\u00e4glichem Sport halten k\u00f6nnen, wirken auf mich verbissen, freudlos, genussfeindlich &#8211; m\u00f6glicherweise sogar r\u00fcckgratlos, weil sie sich knebeln lassen.<\/p>\n<p>Langsam komme ich zum Kern meines Haderns. Dieser Denkansatz der weiblichen Inszenierung erkl\u00e4rt mir auch, warum ich keinerlei Probleme mit anderen Seiten an mir habe, die ebenso wenig dem Sch\u00f6nheitsideal entsprechen wie meine Figur. Ganz besonders mag ich n\u00e4mlich:<br \/>\n&#8211; meine gro\u00dfe Nase (steht f\u00fcr Charakterst\u00e4rke und meine halbspanische Abstammung)<br \/>\n&#8211; die Narben auf meinem linken Knie (lebendig, abenteuerlustig, eine Frau mit Geschichte)<br \/>\n&#8211; dass mindestens 20 Prozent meiner dunklen Kopfbehaarung wei\u00df sind (Individualit\u00e4t, Mut zur Exotik, Widerstand gegen g\u00e4ngige Sch\u00f6nheitsideale)<\/p>\n<p>Die ideale Mischung w\u00e4re eine selbstbewusste, sch\u00f6ne, schlanke Frau, die gerade ein zweites Dessert ordert (und nach der Schlemmerei nicht etwa aufs Restaurantklo verschwindet, um die Kanalratten damit zu f\u00fcttern).<\/p>\n<p>Folgen <a href=\"https:\/\/www.vorspeisenplatte.de\/archives_speisen\/00000107.htm\">(1)<\/a> <a href=\"https:\/\/www.vorspeisenplatte.de\/archives_speisen\/00000113.htm\">(2)<\/a> <a href=\"https:\/\/www.vorspeisenplatte.de\/archives_speisen\/00000120.htm\">(3)<\/a> <a href=\"https:\/\/www.vorspeisenplatte.de\/archives_speisen\/00000155.htm\">(4)<\/a> <a href=\"https:\/\/www.vorspeisenplatte.de\/archives_speisen\/00000156.htm\">(5)<\/a> <a href=\"https:\/\/www.vorspeisenplatte.de\/archives_speisen\/00000209.htm\">(6)<\/a> <a href=\"https:\/\/www.vorspeisenplatte.de\/archives_speisen\/00000247.htm\">(7)<\/a> <a href=\"https:\/\/www.vorspeisenplatte.de\/archives_speisen\/00000286.htm\">(8)<\/a> <\/p>\n","protected":false},"excerpt":{"rendered":"<p>Zum Anziehen f\u00e4llt mir eigentlich immer was ein, dieser Teil der Inszenierung meines Bildes nach au\u00dfen ist f\u00fcr mich nicht nur einfach, er macht mir Spa\u00df. Gerne sind diese Inszenierungen sogar sehr privat, wenn ich zum Beispiel beim Anziehen eine Engl\u00e4nderin der 30er Jahre auf Safari vor Augen habe. In meinem Fall ist es, wie [&hellip;]<\/p>\n","protected":false},"author":2,"featured_media":0,"comment_status":"open","ping_status":"closed","sticky":false,"template":"","format":"standard","meta":{"footnotes":""},"categories":[1],"tags":[],"class_list":["post-319","post","type-post","status-publish","format-standard","hentry","category-general"],"_links":{"self":[{"href":"https:\/\/www.vorspeisenplatte.de\/speisen\/wp-json\/wp\/v2\/posts\/319","targetHints":{"allow":["GET"]}}],"collection":[{"href":"https:\/\/www.vorspeisenplatte.de\/speisen\/wp-json\/wp\/v2\/posts"}],"about":[{"href":"https:\/\/www.vorspeisenplatte.de\/speisen\/wp-json\/wp\/v2\/types\/post"}],"author":[{"embeddable":true,"href":"https:\/\/www.vorspeisenplatte.de\/speisen\/wp-json\/wp\/v2\/users\/2"}],"replies":[{"embeddable":true,"href":"https:\/\/www.vorspeisenplatte.de\/speisen\/wp-json\/wp\/v2\/comments?post=319"}],"version-history":[{"count":0,"href":"https:\/\/www.vorspeisenplatte.de\/speisen\/wp-json\/wp\/v2\/posts\/319\/revisions"}],"wp:attachment":[{"href":"https:\/\/www.vorspeisenplatte.de\/speisen\/wp-json\/wp\/v2\/media?parent=319"}],"wp:term":[{"taxonomy":"category","embeddable":true,"href":"https:\/\/www.vorspeisenplatte.de\/speisen\/wp-json\/wp\/v2\/categories?post=319"},{"taxonomy":"post_tag","embeddable":true,"href":"https:\/\/www.vorspeisenplatte.de\/speisen\/wp-json\/wp\/v2\/tags?post=319"}],"curies":[{"name":"wp","href":"https:\/\/api.w.org\/{rel}","templated":true}]}}