{"id":32529,"date":"2016-06-22T06:24:04","date_gmt":"2016-06-22T04:24:04","guid":{"rendered":"https:\/\/www.vorspeisenplatte.de\/speisen\/?p=32529"},"modified":"2016-06-22T06:24:04","modified_gmt":"2016-06-22T04:24:04","slug":"journal-dienstag-21-juni-2016-erstes-draussen-abendessen","status":"publish","type":"post","link":"https:\/\/www.vorspeisenplatte.de\/speisen\/2016\/06\/journal-dienstag-21-juni-2016-erstes-draussen-abendessen.htm","title":{"rendered":"Journal Dienstag, 21. Juni 2016 &#8211; Erstes Drau\u00dfen-Abendessen"},"content":{"rendered":"<p>Der Vollmond tat seine Wirkung (oder vielleicht auch die Ohropax, mit denen ich meine Umgebung ausschaltete, nachdem mich Autoger\u00e4usche aus dem Hinterhof aus dem Einschlafen gerissen hatten &#8211; Wachspropfen sind allerdings nicht entfernt so romantisch wie Vollmond): Nach Langem mal wieder tief geschlafen, so tief, dass ich nach Gewecktwerden lange benommen war.<br \/>\nDas Halbjahrhundertereignis Sonnwend inklusive Vollmond h\u00e4tte ich in der Nacht zuvor schon auch gerne gesehen, doch ich war so m\u00fc\u00fc\u00fc\u00fc\u00fc\u00fcde.<\/p>\n<p>Ein grauer, aber milder Tag, zu Fu\u00df ins B\u00fcro, dort gem\u00e4chliches Arbeiten. Auf dem Heimweg meine Wanderjacke von der Schneiderin abgeholt: Der Rei\u00dfverschluss einer Tasche war gleich beim ersten Tagen kaputt gegangen, sie hatte einen neuen eingen\u00e4ht.<\/p>\n<p>Mit Herrn Kaltmamsell hatte ich verabredet, dass wir wegen bisherigen Ausfalls des Sommers und der Unsicherheit, ob wir \u00fcberhaupt einen bekommen werden, gleich die allererste Gelegenheit ergreifen w\u00fcrden, im <a href=\"https:\/\/www.vorspeisenplatte.de\/speisen\/2009\/07\/eine-oase-der-uncoolness.htm\" target=\"_blank\">Schnitzelgarten<\/a> zu Abend zu essen. Gestern war es endlich warm genug daf\u00fcr. Doch als wir ums Eck zu den Kastanien bogen, scholl uns bereits der Ton der Gro\u00dfleinwand entgegen: Fu\u00dfball\u00fcbertragung. Wir gingen also weiter ins Hey Luigi, das sich als Oktoberfest- und Fu\u00dfball-freie Oase im Glockenbachviertel einen Namen gemacht hat. Zumindest ein erstes Mal drau\u00dfen zu Abend gegessen.<\/p>\n<p>Ich hielt mich weiter von Alkohol fern. Dass mir das am Montagabend ausgesprochen schwer gefallen war, halte ich f\u00fcr ein Symptom, wie n\u00f6tig das mal ist. Nicht dass ich mich regelm\u00e4\u00dfig betr\u00e4nke, das eigentlich sogar nie. Auch ist die Tagesmenge meines Konsums nicht gestiegen (was ein Suchtkriterium w\u00e4re). Doch davor waren fast vier Wochen vergangen, in denen ich t\u00e4glich Alkohol getrunken hatte, von einem Pint als Mindestmenge bis einem harten Cocktail plus halbe Flasche Wein (das ist meine Obergrenze, mehr vertrage ich nicht, will hei\u00dfen, dann mag ich keinen Schluck mehr). Eine Woche ohne m\u00fcsste doch wirklich gehen.<\/p>\n<p>Da deutlich h\u00f6rbar weitere Fu\u00dfballspiele folgten und anschlie\u00dfende Hup-Corsos zu bef\u00fcrchten waren (M\u00fcnchen hat einen Einwandereranteil von fast 30 Prozent &#8211; irgendwer freut sich IMMER), schlief ich wieder mit verst\u00f6pselten Ohren ein.<\/p>\n","protected":false},"excerpt":{"rendered":"<p>Der Vollmond tat seine Wirkung (oder vielleicht auch die Ohropax, mit denen ich meine Umgebung ausschaltete, nachdem mich Autoger\u00e4usche aus dem Hinterhof aus dem Einschlafen gerissen hatten &#8211; Wachspropfen sind allerdings nicht entfernt so romantisch wie Vollmond): Nach Langem mal wieder tief geschlafen, so tief, dass ich nach Gewecktwerden lange benommen war. Das Halbjahrhundertereignis Sonnwend [&hellip;]<\/p>\n","protected":false},"author":2,"featured_media":0,"comment_status":"open","ping_status":"closed","sticky":false,"template":"","format":"standard","meta":{"footnotes":""},"categories":[1],"tags":[],"class_list":["post-32529","post","type-post","status-publish","format-standard","hentry","category-general"],"_links":{"self":[{"href":"https:\/\/www.vorspeisenplatte.de\/speisen\/wp-json\/wp\/v2\/posts\/32529","targetHints":{"allow":["GET"]}}],"collection":[{"href":"https:\/\/www.vorspeisenplatte.de\/speisen\/wp-json\/wp\/v2\/posts"}],"about":[{"href":"https:\/\/www.vorspeisenplatte.de\/speisen\/wp-json\/wp\/v2\/types\/post"}],"author":[{"embeddable":true,"href":"https:\/\/www.vorspeisenplatte.de\/speisen\/wp-json\/wp\/v2\/users\/2"}],"replies":[{"embeddable":true,"href":"https:\/\/www.vorspeisenplatte.de\/speisen\/wp-json\/wp\/v2\/comments?post=32529"}],"version-history":[{"count":3,"href":"https:\/\/www.vorspeisenplatte.de\/speisen\/wp-json\/wp\/v2\/posts\/32529\/revisions"}],"predecessor-version":[{"id":32542,"href":"https:\/\/www.vorspeisenplatte.de\/speisen\/wp-json\/wp\/v2\/posts\/32529\/revisions\/32542"}],"wp:attachment":[{"href":"https:\/\/www.vorspeisenplatte.de\/speisen\/wp-json\/wp\/v2\/media?parent=32529"}],"wp:term":[{"taxonomy":"category","embeddable":true,"href":"https:\/\/www.vorspeisenplatte.de\/speisen\/wp-json\/wp\/v2\/categories?post=32529"},{"taxonomy":"post_tag","embeddable":true,"href":"https:\/\/www.vorspeisenplatte.de\/speisen\/wp-json\/wp\/v2\/tags?post=32529"}],"curies":[{"name":"wp","href":"https:\/\/api.w.org\/{rel}","templated":true}]}}