{"id":32695,"date":"2016-07-01T07:02:06","date_gmt":"2016-07-01T05:02:06","guid":{"rendered":"https:\/\/www.vorspeisenplatte.de\/speisen\/?p=32695"},"modified":"2016-07-01T07:02:06","modified_gmt":"2016-07-01T05:02:06","slug":"journal-donnerstag-30-juni-2016-bar-statt-biergarten","status":"publish","type":"post","link":"https:\/\/www.vorspeisenplatte.de\/speisen\/2016\/07\/journal-donnerstag-30-juni-2016-bar-statt-biergarten.htm","title":{"rendered":"Journal Donnerstag, 30. Juni 2016 &#8211; Bar statt Biergarten"},"content":{"rendered":"<p>Was ich n\u00e4mlich kann: Schon um 16:30 Uhr Feierabend machen, weil ich einen Fu\u00dfpflegetermin nur schon um 17 Uhr bekommen hatte (sonst h\u00e4tte ich f\u00fcr einen Sp\u00e4tnachmittagstermin bis Ende Juli warten m\u00fcssen). Durch einen milden Tag mit Sonne und Wolken zum Isartor geradelt, eine sehr angenehme Stunde mit der wundervollsten Kosmetikerin der Welt verbracht.<\/p>\n<p>Abends war ich verabredet, eigentlich im Biergarten, doch das Wetter sah daf\u00fcr zu unsicher aus.<\/p>\n<p><a href=\"https:\/\/www.vorspeisenplatte.de\/speisen\/archiv\/160630_01_Mauros_Negroni.jpg\"><img loading=\"lazy\" decoding=\"async\" src=\"https:\/\/www.vorspeisenplatte.de\/speisen\/archiv\/160630_01_Mauros_Negroni.jpg\" alt=\"160630_01_Mauros_Negroni\" width=\"392\" height=\"392\" class=\"alignnone size-full wp-image-32702\" srcset=\"https:\/\/www.vorspeisenplatte.de\/speisen\/archiv\/160630_01_Mauros_Negroni.jpg 392w, https:\/\/www.vorspeisenplatte.de\/speisen\/archiv\/160630_01_Mauros_Negroni-150x150.jpg 150w, https:\/\/www.vorspeisenplatte.de\/speisen\/archiv\/160630_01_Mauros_Negroni-144x144.jpg 144w\" sizes=\"auto, (max-width: 392px) 100vw, 392px\" \/><\/a><\/p>\n<p>Es wurden statt dessen Cocktails in Mauros Negroni in Haidhausen. Der Abend war anregend und gem\u00fctlich, bis auf einer L\u00e4ngsseite dieser dunkel get\u00e4felten, stilvollen Bar eine monstr\u00f6se Leinwand heruntergelassen wurde, auf der bald \u00fcberlebensgro\u00df Fu\u00dfball lief. So kam ich wenigstens nicht zu sp\u00e4t ins Bett. Und kam daheim an, bevor mich ein Gewitterregen durchn\u00e4sste.<\/p>\n<p>\u00a7<\/p>\n<p>In vielen Details spannender Bericht von jemandem, der in einem Projekt die Integration von gefl\u00fcchteten Menschen in die Hochschulausbildung koordiniert &#8211; und sich immer wieder gut \u00fcberlegen muss, wie welche Information weitergegeben wird:<br \/>\n<a href=\"http:\/\/trollbar.de\/2016\/wir-schaffen-das-wallah-13786\" target=\"_blank\">&#8220;Wir schaffen das, wallah!&#8221;<\/a><\/p>\n<p>Interkulturelle Missverst\u00e4ndnisse &#8211; dazu muss man ja gar nicht weit fahren. Ich erinnere mich noch zu gut an die spanische Freundin auf Auslandssemester in M\u00fcnchen, die gar nicht wusste wohin mit ihrer Emp\u00f6rung, als sie zu einer Party einlud und von allen gefragt wurde, ob sie etwas mitbringen k\u00f6nnten: &#8220;Halten die mich f\u00fcr zu arm oder geizig, meine G\u00e4ste zu bewirten?!&#8221; Ich musste ihr sehr ausf\u00fchrlich erkl\u00e4ren, dass es in Deutschland vor allem unter jungen Leuten absolut \u00fcblich ist, das Buffet einer Party zusammen zu best\u00fccken (was ich, glaube ich, bei meinen Partys ungef\u00e4hr niemals zugelassen habe &#8211; mein spanisches Blut?).<\/p>\n<p>\u00a7<\/p>\n<p>Sehr erfrischend ist <a href=\"https:\/\/www.youtube.com\/channel\/UCZtL0Z52RsNiwbHsRXaSlxQ\" target=\"_blank\">der YouTube-Kanal &#8220;Zukar&#8221;<\/a> des syrischen Filmemachers Firas, der nach Deutschland fl\u00fcchten musste.<\/p>\n<p>Hier zum Beispiel ziemlich schlaue Beauty-Tipps.<\/p>\n<div class=\"video-wrapped\" style=\"width: 500px; height: 281px; background-image: url('https:\/\/www.vorspeisenplatte.de\/speisen\/wp-content\/plugins\/video-embed-privacy\/preview\/KJdctj223xQ.jpg')\" data-embed-frame=\"&lt;iframe title=&quot;Beauty Tipps mit Firas - ZUKAR 04&quot; width=&quot;500&quot; height=&quot;281&quot; src=&quot;https:\/\/www.youtube.com\/embed\/KJdctj223xQ?feature=oembed&quot; frameborder=&quot;0&quot; allow=&quot;accelerometer; autoplay; clipboard-write; encrypted-media; gyroscope; picture-in-picture; web-share&quot; referrerpolicy=&quot;strict-origin-when-cross-origin&quot; allowfullscreen&gt;&lt;\/iframe&gt;\" data-embed-play=\"Abspielen&lt;div class=&quot;small&quot;&gt;Das Video wird von Youtube eingebettet abespielt. Es gilt die &lt;a href=&quot;https:\/\/www.google.com\/intl\/de\/policies\/privacy\/&quot; target=&quot;_blank&quot;&gt;Datenschutzerkl\u00e4rung von Google&lt;\/a&gt;&lt;\/div&gt;\">\n<div class=\"video-wrapped-nojs\">Aktivieren Sie JavaScript um das Video zu sehen.<br \/><a href=\"https:\/\/youtu.be\/KJdctj223xQ\">https:\/\/youtu.be\/KJdctj223xQ<\/a><\/div>\n<\/div>\n<p>\u00a7<\/p>\n<p>Nun zu den wirklich interessanten Folgen des Brexit:<br \/>\n<a href=\"http:\/\/www.newyorker.com\/culture\/culture-desk\/what-brexit-means-for-british-food\" target=\"_blank\">&#8220;What Brexit means for British food&#8221;.<\/a><\/p>\n<blockquote><p>One of the main reasons for establishing the E.U. in the first place\u2014aside from peace\u2014was to insure a plentiful food supply for entire populations. Sicco Mansholt was a Dutch farmer who became the E.U.\u2019s first commissioner for agriculture, in 1958. Mansholt saw the union\u2019s role as preventing any recurrence of famine, such as the terrible \u201cHunger Winter\u201d suffered by the Netherlands in 1944 and 1945. Mansholt\u2019s dream was for Europe to become as self-sufficient as possible in food.<\/p><\/blockquote>\n<p>(&#8230;)<\/p>\n<blockquote><p>The E.U. can\u2019t take sole credit for the fact that the British now know pesto from salsa verde. Probably some kind of food revolution would have happened here anyway, just as it did in the States and Australia over the same period. But to contemplate Brexit is to see the extent to which Britain is not a food island. We eat food cooked by French and Italian chefs using European ingredients. More than a quarter of those working in food manufacturing in Britain are immigrants from within the E.U. We could not eat as we do without them. British food has also benefitted from the E.U.\u2019s protected-designated-origin (P.D.O.) system, which gives protected status to special regional foods, from P\u00e9rigord walnuts to the Brocciu cheese of Corsica. It took Europe\u2014through P.D.O.\u2014to remind Britons of the specialness of native delicacies like Cornish clotted cream, Whitstable oysters, and Yorkshire rhubarb.<\/p><\/blockquote>\n","protected":false},"excerpt":{"rendered":"<p>Was ich n\u00e4mlich kann: Schon um 16:30 Uhr Feierabend machen, weil ich einen Fu\u00dfpflegetermin nur schon um 17 Uhr bekommen hatte (sonst h\u00e4tte ich f\u00fcr einen Sp\u00e4tnachmittagstermin bis Ende Juli warten m\u00fcssen). Durch einen milden Tag mit Sonne und Wolken zum Isartor geradelt, eine sehr angenehme Stunde mit der wundervollsten Kosmetikerin der Welt verbracht. Abends [&hellip;]<\/p>\n","protected":false},"author":2,"featured_media":0,"comment_status":"open","ping_status":"closed","sticky":false,"template":"","format":"standard","meta":{"footnotes":""},"categories":[6,2,1],"tags":[],"class_list":["post-32695","post","type-post","status-publish","format-standard","hentry","category-essen","category-fotos","category-general"],"_links":{"self":[{"href":"https:\/\/www.vorspeisenplatte.de\/speisen\/wp-json\/wp\/v2\/posts\/32695","targetHints":{"allow":["GET"]}}],"collection":[{"href":"https:\/\/www.vorspeisenplatte.de\/speisen\/wp-json\/wp\/v2\/posts"}],"about":[{"href":"https:\/\/www.vorspeisenplatte.de\/speisen\/wp-json\/wp\/v2\/types\/post"}],"author":[{"embeddable":true,"href":"https:\/\/www.vorspeisenplatte.de\/speisen\/wp-json\/wp\/v2\/users\/2"}],"replies":[{"embeddable":true,"href":"https:\/\/www.vorspeisenplatte.de\/speisen\/wp-json\/wp\/v2\/comments?post=32695"}],"version-history":[{"count":3,"href":"https:\/\/www.vorspeisenplatte.de\/speisen\/wp-json\/wp\/v2\/posts\/32695\/revisions"}],"predecessor-version":[{"id":32705,"href":"https:\/\/www.vorspeisenplatte.de\/speisen\/wp-json\/wp\/v2\/posts\/32695\/revisions\/32705"}],"wp:attachment":[{"href":"https:\/\/www.vorspeisenplatte.de\/speisen\/wp-json\/wp\/v2\/media?parent=32695"}],"wp:term":[{"taxonomy":"category","embeddable":true,"href":"https:\/\/www.vorspeisenplatte.de\/speisen\/wp-json\/wp\/v2\/categories?post=32695"},{"taxonomy":"post_tag","embeddable":true,"href":"https:\/\/www.vorspeisenplatte.de\/speisen\/wp-json\/wp\/v2\/tags?post=32695"}],"curies":[{"name":"wp","href":"https:\/\/api.w.org\/{rel}","templated":true}]}}