{"id":3288,"date":"2008-11-10T06:44:22","date_gmt":"2008-11-10T05:44:22","guid":{"rendered":"https:\/\/www.vorspeisenplatte.de\/speisen\/?p=3288"},"modified":"2008-11-10T08:16:40","modified_gmt":"2008-11-10T07:16:40","slug":"wir-deutsche","status":"publish","type":"post","link":"https:\/\/www.vorspeisenplatte.de\/speisen\/2008\/11\/wir-deutsche.htm","title":{"rendered":"Wir Deutsche"},"content":{"rendered":"<p><img loading=\"lazy\" decoding=\"async\" src=\"https:\/\/www.vorspeisenplatte.de\/speisen\/archiv\/einburgerungsurkunde.jpg\" alt=\"\" title=\"einburgerungsurkunde\" width=\"371\" height=\"522\" class=\"alignnone size-medium wp-image-3289\" \/><\/p>\n<p>Wenn man als Deutsche zur Welt gekommen ist, kennt man das nicht anders: Man hat ein problematisches Verh\u00e4ltnis zu Nationalbewusstsein samt seinen Symbolen, setzt sich intensiv mit den Geschehnissen im Europa des 20. Jahrhunderts auseinander, tauscht Schweinsbratenrezepte aus, hat Goethe, Schiller, H\u00f6lderlin, Brecht zumindest ansatzweise gelesen. Man findet Deutsche im internationalen Vergleich oft doof, h\u00e4lt sie f\u00fcr unspontan, n\u00f6rgelig, b\u00fcrokratisch, \u00fcberheblich, peinlich. Und findet es gleichzeitig unangenehm, dass Deutsche so gar kein Selbstbewusstsein haben und einander peinlich sind.<\/p>\n<p>Wer, wie ich, erst mit elf Deutsche wurde, ist und macht all das da oben &#8211; aber viel bewusster. Wenn ich von \u201ewir Deutsche\u201c spreche, handle ich mir gerne mal einen fragenden Blick von meinen Landsleuten ein: Die Formulierung passt nicht so recht zu meinem durch und durch undeutschen Namen. Soll ich etwa nicht f\u00fcr uns Deutsche sprechen d\u00fcrfen, weil ich zwar in Deutschland, aber mit einer anderen Staatsangeh\u00f6rigkeit auf die Welt gekommen bin? Vergesst es, begl\u00fcckw\u00fcnscht euch lieber, dass wir herkunftsbunten Hunde dazugeh\u00f6ren.<\/p>\n<p>Noch eine Besonderheit von uns neudeutschen Kaltmamsells: Wir gehen sehr zur Wahl. Immer. Zu jeder.<sup><a href=\"#footnote_1_3288\" id=\"identifier_1_3288\" class=\"footnote-link footnote-identifier-link\" title=\"Hat jemand eine Erhebung zur Hand, die die Wahlbeteiligung von Geburtsdeutschen mit Eingeb&uuml;rgerten vergleicht?\">1<\/a><\/sup> Ich kann mich noch sehr an die Feierlichkeit des ersten Wahltermins erinnern, den meine Eltern wahrnehmen durften. Und dass ich in meiner Aufgeregtheit anl\u00e4sslich meiner ersten Bundestagswahlbeteiligung 1987 erstaunt war, wie gleichg\u00fcltig das meine Altersgenossen lie\u00df.<\/p>\n<p>Am Wochenende hat meine Mutter mir meine Einb\u00fcrgerungsurkunde mitgebracht; sie war beim R\u00e4umen in ihren Unterlagen aufgetaucht. Das Blatt bekommt definitiv einen Ehrenplatz in meinem Ordner f\u00fcr wichtige Dokumente.<\/p>\n<ol class=\"footnotes\"><li id=\"footnote_1_3288\" class=\"footnote\">Hat jemand eine Erhebung zur Hand, die die Wahlbeteiligung von Geburtsdeutschen mit Eingeb\u00fcrgerten vergleicht?<span class=\"footnote-back-link-wrapper\"> [<a href=\"#identifier_1_3288\" class=\"footnote-link footnote-back-link\">&#8617;<\/a>]<\/span><\/li><\/ol>","protected":false},"excerpt":{"rendered":"<p>Wenn man als Deutsche zur Welt gekommen ist, kennt man das nicht anders: Man hat ein problematisches Verh\u00e4ltnis zu Nationalbewusstsein samt seinen Symbolen, setzt sich intensiv mit den Geschehnissen im Europa des 20. Jahrhunderts auseinander, tauscht Schweinsbratenrezepte aus, hat Goethe, Schiller, H\u00f6lderlin, Brecht zumindest ansatzweise gelesen. Man findet Deutsche im internationalen Vergleich oft doof, h\u00e4lt [&hellip;]<\/p>\n","protected":false},"author":2,"featured_media":0,"comment_status":"open","ping_status":"closed","sticky":false,"template":"","format":"standard","meta":{"footnotes":""},"categories":[1],"tags":[],"class_list":["post-3288","post","type-post","status-publish","format-standard","hentry","category-general"],"_links":{"self":[{"href":"https:\/\/www.vorspeisenplatte.de\/speisen\/wp-json\/wp\/v2\/posts\/3288","targetHints":{"allow":["GET"]}}],"collection":[{"href":"https:\/\/www.vorspeisenplatte.de\/speisen\/wp-json\/wp\/v2\/posts"}],"about":[{"href":"https:\/\/www.vorspeisenplatte.de\/speisen\/wp-json\/wp\/v2\/types\/post"}],"author":[{"embeddable":true,"href":"https:\/\/www.vorspeisenplatte.de\/speisen\/wp-json\/wp\/v2\/users\/2"}],"replies":[{"embeddable":true,"href":"https:\/\/www.vorspeisenplatte.de\/speisen\/wp-json\/wp\/v2\/comments?post=3288"}],"version-history":[{"count":0,"href":"https:\/\/www.vorspeisenplatte.de\/speisen\/wp-json\/wp\/v2\/posts\/3288\/revisions"}],"wp:attachment":[{"href":"https:\/\/www.vorspeisenplatte.de\/speisen\/wp-json\/wp\/v2\/media?parent=3288"}],"wp:term":[{"taxonomy":"category","embeddable":true,"href":"https:\/\/www.vorspeisenplatte.de\/speisen\/wp-json\/wp\/v2\/categories?post=3288"},{"taxonomy":"post_tag","embeddable":true,"href":"https:\/\/www.vorspeisenplatte.de\/speisen\/wp-json\/wp\/v2\/tags?post=3288"}],"curies":[{"name":"wp","href":"https:\/\/api.w.org\/{rel}","templated":true}]}}