{"id":33027,"date":"2016-07-23T18:38:46","date_gmt":"2016-07-23T16:38:46","guid":{"rendered":"https:\/\/www.vorspeisenplatte.de\/speisen\/?p=33027"},"modified":"2016-07-24T18:41:28","modified_gmt":"2016-07-24T16:41:28","slug":"journal-freitag-22-juli-2016-massenmord-im-fernen-daheim","status":"publish","type":"post","link":"https:\/\/www.vorspeisenplatte.de\/speisen\/2016\/07\/journal-freitag-22-juli-2016-massenmord-im-fernen-daheim.htm","title":{"rendered":"Journal Freitag, 22. Juli 2016 &#8211; Massenmord im fernen Daheim"},"content":{"rendered":"<p>Eigentlich bestand der Tag aus einem ausf\u00fchrlichen Zufallsgespr\u00e4ch, einem ausf\u00fchrlichen Fr\u00fchst\u00fcck, einem ausf\u00fchrlichen Spaziergang und einem ausf\u00fchrlichen geplanten Gespr\u00e4ch.<\/p>\n<p>Doch abends auf der Tramfahrt zur\u00fcck ins Hotel erreichte mich die erste besorgte Nachfrage per SMS aus der Schweiz: Ein Freund schrieb, das Fernsehen berichte von einer Schie\u00dferei in M\u00fcnchen, ob es mir gut gehe? Ich recherchierte sofort nach dem Grund der Frage &#8211; und verbrachte, unterbrochen vom Abendbroteinkauf im Supermarkt, den Abend \u00fcber Meldungen aus M\u00fcnchen. Im Olympiaeinkaufszentrum hatte jemand mehrere Menschen erschossen und war auf der Flucht, M\u00fcnchen stoppte den \u00d6ffentlichen Nahverkehr und forderte die Menschen auf, m\u00f6glichst da zu bleiben, wo sie waren.<\/p>\n<p>Sobald es die M\u00f6glichkeit gab, markierte ich mich bei Facebook als &#8220;safe&#8221; &#8211; was ganz offensichtlich (Likes) schnell registriert wurde. Herr Kaltmamsell meldete unsere Wohnung auf Twitter als #offeneT\u00fcr, damit in der Innenstadt Gestrandete dort unterkommen konnten. Ich las zwischen Twitter und Techniktagebuchchat, blieb dann aber am Ticker der <i>S\u00fcddeutschen Zeitung<\/i> h\u00e4ngen: Die hatte mehrere Hand voll Personal vor Ort und fand die Balance zwischen Tempo und Verl\u00e4sslichkeit. Gegen 23 Uhr machte ich mir klar, dass ich weder etwas tun konnte noch irgendetwas in n\u00e4chster Zeit best\u00e4tigt werden w\u00fcrde und ging ins Bett.<\/p>\n<p>\u00a7<\/p>\n<p>Bis dahin: Morgens verlie\u00df ich das Haus erst mal f\u00fcr einen Kaffee.<\/p>\n<p><a href=\"https:\/\/www.vorspeisenplatte.de\/speisen\/archiv\/160722_04_Antonplatz.jpg\"><img loading=\"lazy\" decoding=\"async\" src=\"https:\/\/www.vorspeisenplatte.de\/speisen\/archiv\/160722_04_Antonplatz.jpg\" alt=\"160722_04_Antonplatz\" width=\"396\" height=\"422\" class=\"alignnone size-full wp-image-33031\" \/><\/a><\/p>\n<p>Diesen Ort, den Antonplatz, erkannte bei Twitter eine langj\u00e4hrige Twitterfreundin, die gleich ums Eck wohnt: Sie st\u00fcrzte umgehend aus dem Haus und fing mich ab. Sie begleitete mich bis zum Lokal, das ich mir f\u00fcrs Fr\u00fchst\u00fcck ausgesucht hatte, zum Pasternak. Genug Zeit, einander auf den neuesten Stand des Lebens zu bringen.<\/p>\n<p><a href=\"https:\/\/www.vorspeisenplatte.de\/speisen\/archiv\/160722_08_Pasternak.jpg\"><img loading=\"lazy\" decoding=\"async\" src=\"https:\/\/www.vorspeisenplatte.de\/speisen\/archiv\/160722_08_Pasternak.jpg\" alt=\"160722_08_Pasternak\" width=\"392\" height=\"471\" class=\"alignnone size-full wp-image-33032\" \/><\/a><\/p>\n<p>Da ich ja schon Kaffee gehabt hatte, trank ich zum Fr\u00fchst\u00fcck Kwas, den ich hier zu sch\u00e4tzen gelernt hatte.<\/p>\n<p><a href=\"https:\/\/www.vorspeisenplatte.de\/speisen\/archiv\/160722_11_Spatz.jpg\"><img loading=\"lazy\" decoding=\"async\" src=\"https:\/\/www.vorspeisenplatte.de\/speisen\/archiv\/160722_11_Spatz.jpg\" alt=\"160722_11_Spatz\" width=\"412\" height=\"425\" class=\"alignnone size-full wp-image-33033\" \/><\/a><\/p>\n<p>Ich erg\u00f6tzte mich an den v\u00f6llig distanzlosen Spatzen. Der im Bild hatte gerade das kleine Croissant aus meinem Brotkorb gezupft (und es dann fallen gelassen, ich konnte es mir wiederholen).<\/p>\n<p>Nachmittags war ich in Charlottenburg verabredet. Da ich Zeit hatte und das Wetter perfekt sommerlich war, ging ich zwei Stunden zu Fu\u00df &#8211; und entdeckte dabei unter anderem den Landwehrkanal (wo auch endlich Pok\u00e9monGo funktionierte und ich ein paar von den Viechern fangen konnte).<\/p>\n<p><a href=\"https:\/\/www.vorspeisenplatte.de\/speisen\/archiv\/160722_24_Siemenssteg.jpg\"><img loading=\"lazy\" decoding=\"async\" src=\"https:\/\/www.vorspeisenplatte.de\/speisen\/archiv\/160722_24_Siemenssteg.jpg\" alt=\"160722_24_Siemenssteg\" width=\"403\" height=\"535\" class=\"alignnone size-full wp-image-33034\" \/><\/a><\/p>\n<p><a href=\"https:\/\/www.vorspeisenplatte.de\/speisen\/archiv\/160722_27_Siemenssteg.jpg\"><img loading=\"lazy\" decoding=\"async\" src=\"https:\/\/www.vorspeisenplatte.de\/speisen\/archiv\/160722_27_Siemenssteg.jpg\" alt=\"160722_27_Siemenssteg\" width=\"545\" height=\"396\" class=\"alignnone size-full wp-image-33035\" \/><\/a><\/p>\n<p><a href=\"https:\/\/www.vorspeisenplatte.de\/speisen\/archiv\/160722_31_Landwehrkanal.jpg\"><img loading=\"lazy\" decoding=\"async\" src=\"https:\/\/www.vorspeisenplatte.de\/speisen\/archiv\/160722_31_Landwehrkanal.jpg\" alt=\"160722_31_Landwehrkanal\" width=\"620\" height=\"465\" class=\"alignnone size-full wp-image-33036\" srcset=\"https:\/\/www.vorspeisenplatte.de\/speisen\/archiv\/160722_31_Landwehrkanal.jpg 620w, https:\/\/www.vorspeisenplatte.de\/speisen\/archiv\/160722_31_Landwehrkanal-600x450.jpg 600w\" sizes=\"auto, (max-width: 620px) 100vw, 620px\" \/><\/a><\/p>\n<p>In Charlottenburg frischte ich dann eine sehr langj\u00e4hrige Bloggerinnenfreundschaft auf &#8211; um den Preis, dass wir uns mit Schmerzen trennten und unter dem Seufzer, dass wir einander dringend viel \u00f6fter sehen m\u00fcssen.<\/p>\n<p>Zur\u00fcck ging ich wieder den Landwehrkanal entlang, bis ich dem Umstand ins Auge sehen musste, dass auch noch so bequeme Sandalen irgendwann scheuern und Blasen verursachen. Also ging ich zum n\u00e4chstgelegenen S-Bahnhof (Tiergarten).<\/p>\n<p>\u00a7<\/p>\n<p>Laurie Penny berichtet von der US-Pr\u00e4sidentschaftskandidatenwahl der Republikaner, hier besonders pers\u00f6nlich und gleichzeitg analytisch. Unter anderem, wie sie von einem rechtsradikalen Demagogen zu den Wichtigs der Szene mitgenommen wurde.<br \/>\n<a href=\"https:\/\/medium.com\/welcome-to-the-scream-room\/im-with-the-banned-8d1b6e0b2932#.e28zvjyvs\" target=\"_blank\">&#8220;I\u2019m With The Banned&#8221;.<\/a><\/p>\n<blockquote><p>Geert Wilders is also a true believer. I am introduced to the euro-fascist and his dead-badger hair by a genial young Dutchman I met earlier on Tinder. He tells Wilders that I am a left wing journalist, and Wilders does not alter his tone of voice as he turns to me and starts vaguely explaining how the whole of France is about to be abolished and replaced with a giant Halal kebab.<\/p>\n<p>Wilders is the most obviously disturbed member of the neo-right suicide squad in attendance. He cannot finish a sentence. His voice drifts, and he trails away, already out of the room. There is a dustbin fire behind the blank eyes of his human suit.<\/p>\n<p>Wilders is a less polished, wholly charmless rendition of the neo-right demagogue character creation sheet that gave us Donald Trump and Boris Johnson. These people do not have personalities, they have haircuts. Ugly ones. And we have fallen through the looking glass in which they see themselves reflected as small gods.<\/p><\/blockquote>\n<p><i>Nachtrag 24.7.16: <a href=\"http:\/\/www.spiegel.de\/kultur\/gesellschaft\/laurie-penny-ueber-donald-trump-milo-yiannopoulos-und-die-us-republikaner-a-1104363.html\" target=\"_blank\">Bei Spiegel Online gibt es eine deutsche \u00dcbersetzung des Artikels.<\/a><\/i><\/p>\n<p>\u00a7<\/p>\n<p>In der aktuellen Ausgabe der <i>New York Review of Books<\/i> kommt Zadie Smith mit einem Essay \u00fcber Brexit und ihrer Erkl\u00e4rung des Wahlergebnisses zu Wort:<br \/>\n<a href=\"http:\/\/www.nybooks.com\/articles\/2016\/08\/18\/fences-brexit-diary\/\" target=\"_blank\">&#8220;Fences: A Brexit Diary&#8221;.<\/a><\/p>\n<p>Sehr lang und ausf\u00fchrlich, absolut lesenswert. Smith f\u00fchrt zum Thema, indem sie \u00fcber die Gegend Londons schreibt, in der sie aufgewachsen ist und in der sie vor\u00fcbergehend ihre Kinder zur Schule schickt. Am Unterschied des Verh\u00e4ltnisses der Bev\u00f6lkerungsschichten fr\u00fcher und heute zeigt sie auf, was seither schief gegangen ist. Und worin die Hybris der gebildeten Mittelschicht besteht, die vom Brexit-Ergebnis schockiert war.<\/p>\n<blockquote><p>&#8220;What have they done?\u201d we said to each other, sometimes meaning the leaders, who we felt must have known what they were doing, and sometimes meaning the people, who, we implied, didn\u2019t.<\/p>\n<p>Now I\u2019m tempted to think it was the other way around. Doing something, anything, was in some inchoate way the aim: the notable feature of neoliberalism is that it feels like you can do nothing to change it, but this vote offered up the rare prize of causing a chaotic rupture in a system that more usually steamrolls all in its path. But even this most optimistic leftist interpretation\u2014that this was a violent, more or less considered reaction to austerity and the neoliberal economic meltdown that preceded it\u2014cannot deny the casual racism that seems to have been unleashed alongside it, both by the campaign and by the vote itself.<\/p><\/blockquote>\n<p>(&#8230;)<\/p>\n<blockquote><p>Extreme inequality fractures communities, and after a while the cracks gape so wide the whole edifice comes tumbling down. In this process everybody has been losing for some time, but perhaps no one quite as much as the white working classes who really have nothing, not even the perceived moral elevation that comes with acknowledged trauma or recognized victimhood. The left is thoroughly ashamed of them. The right sees them only as a useful tool for its own personal ambitions. This inconvenient working-class revolution we are now witnessing has been accused of stupidity\u2014I cursed it myself the day it happened\u2014but the longer you look at it, you realize that in another sense it has the touch of genius, for it intuited the weaknesses of its enemies and effectively exploited them. The middle-class left so delights in being right! And so much of the disenfranchised working class has chosen to be flagrantly, shamelessly wrong.<\/p><\/blockquote>\n<p>(&#8230;)<\/p>\n<blockquote><p>While we loudly and rightly condemn the misguided racial attitudes that led to millions asking \u201cthem\u201d to leave \u201cus,\u201d to get out of our jobs and public housing and hospitals and schools and country, we might also take a look at the last thirty years and ask ourselves what kind of attitudes have allowed a different class of people to discreetly maneuver, behind the scenes, to ensure that \u201cthem\u201d and \u201cus\u201d never actually meet anywhere but in symbol. Wealthy London, whether red or blue, has always been able to pick and choose the nature of its multicultural and cross-class relations, to lecture the rest of the country on its narrow-mindedness while simultaneously fencing off its own discreet advantages. We may walk past \u201cthem\u201d very often in the street and get into their cabs and eat their food in their ethnic restaurants, but the truth is that more often than not they are not in our schools, or in our social circles, and they very rarely enter our houses\u2014unless they\u2019ve come to work on our endlessly remodeled kitchens.<\/p><\/blockquote>\n<p> <img loading=\"lazy\" decoding=\"async\" src=\"https:\/\/ssl-vg03.met.vgwort.de\/na\/566c8bd70bc4436988b3fb09434a1564\" width=\"1\" height=\"1\" alt=\"\"\/><\/p>\n","protected":false},"excerpt":{"rendered":"<p>Eigentlich bestand der Tag aus einem ausf\u00fchrlichen Zufallsgespr\u00e4ch, einem ausf\u00fchrlichen Fr\u00fchst\u00fcck, einem ausf\u00fchrlichen Spaziergang und einem ausf\u00fchrlichen geplanten Gespr\u00e4ch. Doch abends auf der Tramfahrt zur\u00fcck ins Hotel erreichte mich die erste besorgte Nachfrage per SMS aus der Schweiz: Ein Freund schrieb, das Fernsehen berichte von einer Schie\u00dferei in M\u00fcnchen, ob es mir gut gehe? Ich [&hellip;]<\/p>\n","protected":false},"author":2,"featured_media":0,"comment_status":"open","ping_status":"closed","sticky":false,"template":"","format":"standard","meta":{"footnotes":""},"categories":[6,2,1],"tags":[],"class_list":["post-33027","post","type-post","status-publish","format-standard","hentry","category-essen","category-fotos","category-general"],"_links":{"self":[{"href":"https:\/\/www.vorspeisenplatte.de\/speisen\/wp-json\/wp\/v2\/posts\/33027","targetHints":{"allow":["GET"]}}],"collection":[{"href":"https:\/\/www.vorspeisenplatte.de\/speisen\/wp-json\/wp\/v2\/posts"}],"about":[{"href":"https:\/\/www.vorspeisenplatte.de\/speisen\/wp-json\/wp\/v2\/types\/post"}],"author":[{"embeddable":true,"href":"https:\/\/www.vorspeisenplatte.de\/speisen\/wp-json\/wp\/v2\/users\/2"}],"replies":[{"embeddable":true,"href":"https:\/\/www.vorspeisenplatte.de\/speisen\/wp-json\/wp\/v2\/comments?post=33027"}],"version-history":[{"count":3,"href":"https:\/\/www.vorspeisenplatte.de\/speisen\/wp-json\/wp\/v2\/posts\/33027\/revisions"}],"predecessor-version":[{"id":33054,"href":"https:\/\/www.vorspeisenplatte.de\/speisen\/wp-json\/wp\/v2\/posts\/33027\/revisions\/33054"}],"wp:attachment":[{"href":"https:\/\/www.vorspeisenplatte.de\/speisen\/wp-json\/wp\/v2\/media?parent=33027"}],"wp:term":[{"taxonomy":"category","embeddable":true,"href":"https:\/\/www.vorspeisenplatte.de\/speisen\/wp-json\/wp\/v2\/categories?post=33027"},{"taxonomy":"post_tag","embeddable":true,"href":"https:\/\/www.vorspeisenplatte.de\/speisen\/wp-json\/wp\/v2\/tags?post=33027"}],"curies":[{"name":"wp","href":"https:\/\/api.w.org\/{rel}","templated":true}]}}