{"id":33044,"date":"2016-07-24T08:58:12","date_gmt":"2016-07-24T06:58:12","guid":{"rendered":"https:\/\/www.vorspeisenplatte.de\/speisen\/?p=33044"},"modified":"2016-07-24T08:58:12","modified_gmt":"2016-07-24T06:58:12","slug":"journal-samstag-23-juli-2016-berlinurlaub-mit-party","status":"publish","type":"post","link":"https:\/\/www.vorspeisenplatte.de\/speisen\/2016\/07\/journal-samstag-23-juli-2016-berlinurlaub-mit-party.htm","title":{"rendered":"Journal Samstag, 23. Juli 2016 &#8211; Berlinurlaub mit Party"},"content":{"rendered":"<p>Zum Fr\u00fchst\u00fcck war ich gestern verabredet, im <a href=\"https:\/\/www.facebook.com\/Hallmann-Klee-1505154016451315\/\" target=\"_blank\">Hall &#038; Klee<\/a>.<\/p>\n<p><a href=\"https:\/\/www.vorspeisenplatte.de\/speisen\/archiv\/160723_02_Hall_u_Klee.jpg\"><img loading=\"lazy\" decoding=\"async\" src=\"https:\/\/www.vorspeisenplatte.de\/speisen\/archiv\/160723_02_Hall_u_Klee.jpg\" alt=\"160723_02_Hall_u_Klee\" width=\"392\" height=\"522\" class=\"alignnone size-full wp-image-33045\" \/><\/a><\/p>\n<p><a href=\"https:\/\/www.vorspeisenplatte.de\/speisen\/archiv\/160723_04_Hall_u_Klee.jpg\"><img loading=\"lazy\" decoding=\"async\" src=\"https:\/\/www.vorspeisenplatte.de\/speisen\/archiv\/160723_04_Hall_u_Klee.jpg\" alt=\"160723_04_Hall_u_Klee\" width=\"392\" height=\"485\" class=\"alignnone size-full wp-image-33046\" \/><\/a><\/p>\n<p>Zum einen a\u00df ich dort den m\u00f6glicherweise besten Obstsalat meines Lebens. Zum anderen aber und eigentlich sa\u00df ich dort in einer Runde mit drei Bloggerfreundinnen, stundenlang und in ergiebigsten Gespr\u00e4chen.<\/p>\n<p>Nachmittags lie\u00df ich mir von einer der drei die d\u00f6rfliche Struktur des Richardplatzes zeigen, dann wollte ich eigentlich zu Fu\u00df zur\u00fcck nach Wei\u00dfensee in meine Unterkunft. Ich freute mich auf die zwei Stunden, hatte allerdings \u00fcbersehen, dass ich ja ein Kleid trug: Es war recht hei\u00df, und schon nach kurzer Zeit rieben sich meine Beine aneinander wund. Ich spazierte also nur bis zur Warschauer Stra\u00dfe und nahm dort die Tram.<\/p>\n<p><a href=\"https:\/\/www.vorspeisenplatte.de\/speisen\/archiv\/160723_06_Streustrasse.jpg\"><img loading=\"lazy\" decoding=\"async\" src=\"https:\/\/www.vorspeisenplatte.de\/speisen\/archiv\/160723_06_Streustrasse.jpg\" alt=\"160723_06_Streustrasse\" width=\"428\" height=\"481\" class=\"alignnone size-full wp-image-33047\" \/><\/a><\/p>\n<p>Abends dann der eigentliche Anlass meiner Berlinreise: Der runde Geburtstag einer Studienfreundin. Es war eine gro\u00dfartige Party, ich traf zahlreiche Menschen aus meiner Augsburger Zeit wieder, lernte neue Menschen kennen, bekam K\u00f6stliches zu essen und zu trinken. Ich f\u00fchlte mich so entspannt und ausgelassen wie schon seit vielen Jahren nicht mehr auf einem Fest &#8211; fast wie zu Studienzeiten.<\/p>\n","protected":false},"excerpt":{"rendered":"<p>Zum Fr\u00fchst\u00fcck war ich gestern verabredet, im Hall &#038; Klee. Zum einen a\u00df ich dort den m\u00f6glicherweise besten Obstsalat meines Lebens. Zum anderen aber und eigentlich sa\u00df ich dort in einer Runde mit drei Bloggerfreundinnen, stundenlang und in ergiebigsten Gespr\u00e4chen. Nachmittags lie\u00df ich mir von einer der drei die d\u00f6rfliche Struktur des Richardplatzes zeigen, dann [&hellip;]<\/p>\n","protected":false},"author":2,"featured_media":0,"comment_status":"open","ping_status":"closed","sticky":false,"template":"","format":"standard","meta":{"footnotes":""},"categories":[6,2],"tags":[],"class_list":["post-33044","post","type-post","status-publish","format-standard","hentry","category-essen","category-fotos"],"_links":{"self":[{"href":"https:\/\/www.vorspeisenplatte.de\/speisen\/wp-json\/wp\/v2\/posts\/33044","targetHints":{"allow":["GET"]}}],"collection":[{"href":"https:\/\/www.vorspeisenplatte.de\/speisen\/wp-json\/wp\/v2\/posts"}],"about":[{"href":"https:\/\/www.vorspeisenplatte.de\/speisen\/wp-json\/wp\/v2\/types\/post"}],"author":[{"embeddable":true,"href":"https:\/\/www.vorspeisenplatte.de\/speisen\/wp-json\/wp\/v2\/users\/2"}],"replies":[{"embeddable":true,"href":"https:\/\/www.vorspeisenplatte.de\/speisen\/wp-json\/wp\/v2\/comments?post=33044"}],"version-history":[{"count":2,"href":"https:\/\/www.vorspeisenplatte.de\/speisen\/wp-json\/wp\/v2\/posts\/33044\/revisions"}],"predecessor-version":[{"id":33049,"href":"https:\/\/www.vorspeisenplatte.de\/speisen\/wp-json\/wp\/v2\/posts\/33044\/revisions\/33049"}],"wp:attachment":[{"href":"https:\/\/www.vorspeisenplatte.de\/speisen\/wp-json\/wp\/v2\/media?parent=33044"}],"wp:term":[{"taxonomy":"category","embeddable":true,"href":"https:\/\/www.vorspeisenplatte.de\/speisen\/wp-json\/wp\/v2\/categories?post=33044"},{"taxonomy":"post_tag","embeddable":true,"href":"https:\/\/www.vorspeisenplatte.de\/speisen\/wp-json\/wp\/v2\/tags?post=33044"}],"curies":[{"name":"wp","href":"https:\/\/api.w.org\/{rel}","templated":true}]}}