{"id":3429,"date":"2008-12-04T08:54:50","date_gmt":"2008-12-04T07:54:50","guid":{"rendered":"https:\/\/www.vorspeisenplatte.de\/speisen\/?p=3429"},"modified":"2008-12-04T08:54:50","modified_gmt":"2008-12-04T07:54:50","slug":"blogwichteln-in-munchen","status":"publish","type":"post","link":"https:\/\/www.vorspeisenplatte.de\/speisen\/2008\/12\/blogwichteln-in-munchen.htm","title":{"rendered":"Blogwichteln in M\u00fcnchen"},"content":{"rendered":"<p><img loading=\"lazy\" decoding=\"async\" src=\"https:\/\/www.vorspeisenplatte.de\/speisen\/archiv\/blogwichteln_muc.jpg\" alt=\"\" title=\"blogwichteln_muc\" width=\"364\" height=\"272\" class=\"alignnone size-medium wp-image-3430\" \/><\/p>\n<p>Eine ganz bezaubernde Anregung von <a href=\"http:\/\/isarstadt.de\/\" target=_new>Isarstadt<\/a>: <a href=\"http:\/\/isarstadt.de\/index.php\/2008\/11\/25\/present-sentences\/\" target=_new>M\u00fcnchner Blogwichteln<\/a>. Jeder teilnehmende M\u00fcnchner Blogger schreibt etwas \u00fcber Adent \/ Weihnachten in M\u00fcnchen, gerne erg\u00e4nzt durch Foto, f\u00fcr ein zugelostes anderes Blog. Ver\u00f6ffentlicht werden die Ergebnisse am Mittwoch, 10. Dezember. Ich wei\u00df schon, wer meine Geschichte bekommen wird (ich habe sie auch schon im Kopf), und bin sehr gespannt, von wem ich eine bekomme.<\/p>\n","protected":false},"excerpt":{"rendered":"<p>Eine ganz bezaubernde Anregung von Isarstadt: M\u00fcnchner Blogwichteln. Jeder teilnehmende M\u00fcnchner Blogger schreibt etwas \u00fcber Adent \/ Weihnachten in M\u00fcnchen, gerne erg\u00e4nzt durch Foto, f\u00fcr ein zugelostes anderes Blog. Ver\u00f6ffentlicht werden die Ergebnisse am Mittwoch, 10. Dezember. Ich wei\u00df schon, wer meine Geschichte bekommen wird (ich habe sie auch schon im Kopf), und bin sehr [&hellip;]<\/p>\n","protected":false},"author":2,"featured_media":0,"comment_status":"open","ping_status":"closed","sticky":false,"template":"","format":"standard","meta":{"footnotes":""},"categories":[1],"tags":[],"class_list":["post-3429","post","type-post","status-publish","format-standard","hentry","category-general"],"_links":{"self":[{"href":"https:\/\/www.vorspeisenplatte.de\/speisen\/wp-json\/wp\/v2\/posts\/3429","targetHints":{"allow":["GET"]}}],"collection":[{"href":"https:\/\/www.vorspeisenplatte.de\/speisen\/wp-json\/wp\/v2\/posts"}],"about":[{"href":"https:\/\/www.vorspeisenplatte.de\/speisen\/wp-json\/wp\/v2\/types\/post"}],"author":[{"embeddable":true,"href":"https:\/\/www.vorspeisenplatte.de\/speisen\/wp-json\/wp\/v2\/users\/2"}],"replies":[{"embeddable":true,"href":"https:\/\/www.vorspeisenplatte.de\/speisen\/wp-json\/wp\/v2\/comments?post=3429"}],"version-history":[{"count":0,"href":"https:\/\/www.vorspeisenplatte.de\/speisen\/wp-json\/wp\/v2\/posts\/3429\/revisions"}],"wp:attachment":[{"href":"https:\/\/www.vorspeisenplatte.de\/speisen\/wp-json\/wp\/v2\/media?parent=3429"}],"wp:term":[{"taxonomy":"category","embeddable":true,"href":"https:\/\/www.vorspeisenplatte.de\/speisen\/wp-json\/wp\/v2\/categories?post=3429"},{"taxonomy":"post_tag","embeddable":true,"href":"https:\/\/www.vorspeisenplatte.de\/speisen\/wp-json\/wp\/v2\/tags?post=3429"}],"curies":[{"name":"wp","href":"https:\/\/api.w.org\/{rel}","templated":true}]}}