{"id":34299,"date":"2016-10-06T06:46:57","date_gmt":"2016-10-06T04:46:57","guid":{"rendered":"https:\/\/www.vorspeisenplatte.de\/speisen\/?p=34299"},"modified":"2016-10-06T06:46:57","modified_gmt":"2016-10-06T04:46:57","slug":"journal-mittwoch-5-oktober-2016-neue-runde-durchhalten","status":"publish","type":"post","link":"https:\/\/www.vorspeisenplatte.de\/speisen\/2016\/10\/journal-mittwoch-5-oktober-2016-neue-runde-durchhalten.htm","title":{"rendered":"Journal Mittwoch, 5. Oktober 2016 &#8211; Neue Runde Durchhalten"},"content":{"rendered":"<p>Ein sonniger Tag, knackig kalt.<\/p>\n<p>Erk\u00e4ltung im Anzug: morgens Halsweh, \u00fcber den Tag Kopfweh und langsam anlaufende Nase. K\u00f6nnte aber im kleinen Rahmen bleiben, und ich hatte ja das ganze Jahr noch keine Erk\u00e4ltung.<\/p>\n<p>Einkaufstour auf dem Heimweg.<\/p>\n<p><a href=\"https:\/\/www.vorspeisenplatte.de\/speisen\/archiv\/161005_02_Nussbaumstr.jpg\"><img loading=\"lazy\" decoding=\"async\" src=\"https:\/\/www.vorspeisenplatte.de\/speisen\/archiv\/161005_02_Nussbaumstr.jpg\" alt=\"161005_02_nussbaumstr\" width=\"391\" height=\"563\" class=\"alignnone size-full wp-image-34300\" \/><\/a><\/p>\n<p>Im Ernteanteil war der erste Radicchio der Saison, ich freute mich sehr \u00fcber den gro\u00dfen Kopf. Es gab ihn zum Abendessen als Salat mit Balsamicodressing und mit Bratkartoffeln. Passend zum K\u00e4lteinbruch hatte Herr Kaltmamsell zudem Lebkuchenherzensternebrezen besorgt.<\/p>\n<p>Fr\u00fch ins Bett, doch die Bedr\u00fcckung und Angst dieser Tage nach Urlaub lie\u00dfen mich lange nicht schlafen. Tiefe Hoffnungslosigkeit, was die Zukunft angeht &#8211; ich wei\u00df nicht, woher ich die Energie f\u00fcr einen weiteren Neuanfang nehmen soll.<\/p>\n","protected":false},"excerpt":{"rendered":"<p>Ein sonniger Tag, knackig kalt. Erk\u00e4ltung im Anzug: morgens Halsweh, \u00fcber den Tag Kopfweh und langsam anlaufende Nase. K\u00f6nnte aber im kleinen Rahmen bleiben, und ich hatte ja das ganze Jahr noch keine Erk\u00e4ltung. Einkaufstour auf dem Heimweg. Im Ernteanteil war der erste Radicchio der Saison, ich freute mich sehr \u00fcber den gro\u00dfen Kopf. Es [&hellip;]<\/p>\n","protected":false},"author":2,"featured_media":0,"comment_status":"open","ping_status":"closed","sticky":false,"template":"","format":"standard","meta":{"footnotes":""},"categories":[1],"tags":[],"class_list":["post-34299","post","type-post","status-publish","format-standard","hentry","category-general"],"_links":{"self":[{"href":"https:\/\/www.vorspeisenplatte.de\/speisen\/wp-json\/wp\/v2\/posts\/34299","targetHints":{"allow":["GET"]}}],"collection":[{"href":"https:\/\/www.vorspeisenplatte.de\/speisen\/wp-json\/wp\/v2\/posts"}],"about":[{"href":"https:\/\/www.vorspeisenplatte.de\/speisen\/wp-json\/wp\/v2\/types\/post"}],"author":[{"embeddable":true,"href":"https:\/\/www.vorspeisenplatte.de\/speisen\/wp-json\/wp\/v2\/users\/2"}],"replies":[{"embeddable":true,"href":"https:\/\/www.vorspeisenplatte.de\/speisen\/wp-json\/wp\/v2\/comments?post=34299"}],"version-history":[{"count":2,"href":"https:\/\/www.vorspeisenplatte.de\/speisen\/wp-json\/wp\/v2\/posts\/34299\/revisions"}],"predecessor-version":[{"id":34302,"href":"https:\/\/www.vorspeisenplatte.de\/speisen\/wp-json\/wp\/v2\/posts\/34299\/revisions\/34302"}],"wp:attachment":[{"href":"https:\/\/www.vorspeisenplatte.de\/speisen\/wp-json\/wp\/v2\/media?parent=34299"}],"wp:term":[{"taxonomy":"category","embeddable":true,"href":"https:\/\/www.vorspeisenplatte.de\/speisen\/wp-json\/wp\/v2\/categories?post=34299"},{"taxonomy":"post_tag","embeddable":true,"href":"https:\/\/www.vorspeisenplatte.de\/speisen\/wp-json\/wp\/v2\/tags?post=34299"}],"curies":[{"name":"wp","href":"https:\/\/api.w.org\/{rel}","templated":true}]}}