{"id":34824,"date":"2016-11-10T06:59:48","date_gmt":"2016-11-10T05:59:48","guid":{"rendered":"https:\/\/www.vorspeisenplatte.de\/speisen\/?p=34824"},"modified":"2016-11-10T16:41:54","modified_gmt":"2016-11-10T15:41:54","slug":"journal-mittwoch-9-november-2016-schlechte-nachrichten-und-erinnerungen","status":"publish","type":"post","link":"https:\/\/www.vorspeisenplatte.de\/speisen\/2016\/11\/journal-mittwoch-9-november-2016-schlechte-nachrichten-und-erinnerungen.htm","title":{"rendered":"Journal Mittwoch, 9. November 2016 &#8211; Schlechte Nachrichten und Erinnerungen"},"content":{"rendered":"<p>Aufgewacht zur Nachricht, dass jemand US-Pr\u00e4sident wird, den ich am Anfang seiner Kampagne, als alle noch \u00fcber den absurden Gedanken seiner Kandidatur schmunzelten, mit Berlusconi verglich. Ich muss jetzt neu dar\u00fcber nachdenken: Berlusconi hatte mehr gef\u00e4hrliche Medienmacht, wurde von seinen W\u00e4hlerinnen und W\u00e4hlern ebenso als echter Kerl verehrt, der sie auch alle gerne w\u00e4ren, und er ist in puncto Rassismus sowie Sexismus durchaus Trumps geistiger Bruder, doch er hatte zumindest politische Erfahrung. An ihm konnte die internationale Politik schon mal \u00fcben, wie man mit einem Menschen ohne Anstand und Benehmen \u00f6ffentlich umgeht.<\/p>\n<p>Aufgewacht auch zu Winterlandschaft.<\/p>\n<p><a href=\"https:\/\/www.vorspeisenplatte.de\/speisen\/archiv\/161109_02_Balkonblick.jpg\"><img loading=\"lazy\" decoding=\"async\" class=\"alignnone size-full wp-image-34828\" src=\"https:\/\/www.vorspeisenplatte.de\/speisen\/archiv\/161109_02_Balkonblick.jpg\" alt=\"161109_02_balkonblick\" width=\"535\" height=\"408\" \/><\/a><\/p>\n<p>Die Theresienwiese war\u00a0nach vier Monaten wieder passierbar (schon am Montag hatte ich gesehen, dass die Umz\u00e4unung beseitigt war).<\/p>\n<p><a href=\"https:\/\/www.vorspeisenplatte.de\/speisen\/archiv\/161109_08_Theresienwiese.jpg\"><img loading=\"lazy\" decoding=\"async\" class=\"alignnone size-full wp-image-34829\" src=\"https:\/\/www.vorspeisenplatte.de\/speisen\/archiv\/161109_08_Theresienwiese.jpg\" alt=\"161109_08_theresienwiese\" width=\"505\" height=\"524\" \/><\/a><\/p>\n<p><a href=\"https:\/\/www.vorspeisenplatte.de\/speisen\/archiv\/161109_09_Theresienwiese.jpg\"><img loading=\"lazy\" decoding=\"async\" class=\"alignnone size-full wp-image-34830\" src=\"https:\/\/www.vorspeisenplatte.de\/speisen\/archiv\/161109_09_Theresienwiese.jpg\" alt=\"161109_09_theresienwiese\" width=\"595\" height=\"468\" \/><\/a><\/p>\n<p><a href=\"https:\/\/www.vorspeisenplatte.de\/speisen\/archiv\/161109_10_Theresienhoehe.jpg\"><img loading=\"lazy\" decoding=\"async\" class=\"alignnone size-full wp-image-34831\" src=\"https:\/\/www.vorspeisenplatte.de\/speisen\/archiv\/161109_10_Theresienhoehe.jpg\" alt=\"161109_10_theresienhoehe\" width=\"567\" height=\"449\" \/><\/a><\/p>\n<p>Abends bereitete ich schon mal den Nachtisch f\u00fcr die freit\u00e4glichen G\u00e4ste zu, am Donnerstagabend w\u00fcrde ich keine Zeit dazu haben.<\/p>\n<p>Nach dem Abendessen (Salat aus Ernteanteil, kroatischer Pressack) verbrachte ich fast zwei Stunden mit ausf\u00fchrlichem Pok\u00e9mon-Aufr\u00e4umen: Mit Gl\u00fccksei-Verst\u00e4rkung den Fang der vergangenen zweieinhalb Wochen entwickeln, dann von jedem nur zwei bis drei behalten. Das dauerte vor allem deshalb so lange, weil die App immer wieder h\u00e4ngen blieb, entweder ganz oder mit Fehlermeldung, dass aus unbekannten Gr\u00fcnden dieses Pok\u00e9mon nicht entwickelt werden oder verschickt werden konnte. Ich musste mehrfach neu starten, das betroffene Pok\u00e9mon war anschlie\u00dfend verschwunden.<\/p>\n<p>\u00a7<\/p>\n<p>Der gestrige 9. November war ja auch der 9. November. An dem vor 78 Jahren der Antisemitismus in Deutschland organisiert gewaltt\u00e4tig wurde. Read on my dear erz\u00e4hlt ihre Familiengeschichte dieses Datums:<br \/>\n<a href=\"https:\/\/readonmydear.wordpress.com\/2016\/11\/09\/der-9-november\/\" target=\"_blank\">&#8220;Der 9. November&#8221;.<\/a><\/p>\n<p>\u00a7<\/p>\n<p><a href=\"http:\/\/themindcircle.com\/funny-period-comics\/\" target=\"_blank\">&#8220;30 Painfully Hilarious Comics About Periods That Only Women Will Understand&#8221;.<\/a><\/p>\n<p>Mein Favorit ist Nr. 22. Und ich freue mich sehr \u00fcber die lustigen Cartoon-Uteri. <\/p>\n<p>via <a href=\"https:\/\/twitter.com\/anneschuessler\" target=\"_blank\">@anneschuessler<\/a> <img loading=\"lazy\" decoding=\"async\" src=\"https:\/\/ssl-vg03.met.vgwort.de\/na\/5178600f7a884812ac15d748ab5120f5\" width=\"1\" height=\"1\" alt=\"\"\/><\/p>\n","protected":false},"excerpt":{"rendered":"<p>Aufgewacht zur Nachricht, dass jemand US-Pr\u00e4sident wird, den ich am Anfang seiner Kampagne, als alle noch \u00fcber den absurden Gedanken seiner Kandidatur schmunzelten, mit Berlusconi verglich. Ich muss jetzt neu dar\u00fcber nachdenken: Berlusconi hatte mehr gef\u00e4hrliche Medienmacht, wurde von seinen W\u00e4hlerinnen und W\u00e4hlern ebenso als echter Kerl verehrt, der sie auch alle gerne w\u00e4ren, und [&hellip;]<\/p>\n","protected":false},"author":2,"featured_media":0,"comment_status":"open","ping_status":"closed","sticky":false,"template":"","format":"standard","meta":{"footnotes":""},"categories":[2,1],"tags":[],"class_list":["post-34824","post","type-post","status-publish","format-standard","hentry","category-fotos","category-general"],"_links":{"self":[{"href":"https:\/\/www.vorspeisenplatte.de\/speisen\/wp-json\/wp\/v2\/posts\/34824","targetHints":{"allow":["GET"]}}],"collection":[{"href":"https:\/\/www.vorspeisenplatte.de\/speisen\/wp-json\/wp\/v2\/posts"}],"about":[{"href":"https:\/\/www.vorspeisenplatte.de\/speisen\/wp-json\/wp\/v2\/types\/post"}],"author":[{"embeddable":true,"href":"https:\/\/www.vorspeisenplatte.de\/speisen\/wp-json\/wp\/v2\/users\/2"}],"replies":[{"embeddable":true,"href":"https:\/\/www.vorspeisenplatte.de\/speisen\/wp-json\/wp\/v2\/comments?post=34824"}],"version-history":[{"count":3,"href":"https:\/\/www.vorspeisenplatte.de\/speisen\/wp-json\/wp\/v2\/posts\/34824\/revisions"}],"predecessor-version":[{"id":34845,"href":"https:\/\/www.vorspeisenplatte.de\/speisen\/wp-json\/wp\/v2\/posts\/34824\/revisions\/34845"}],"wp:attachment":[{"href":"https:\/\/www.vorspeisenplatte.de\/speisen\/wp-json\/wp\/v2\/media?parent=34824"}],"wp:term":[{"taxonomy":"category","embeddable":true,"href":"https:\/\/www.vorspeisenplatte.de\/speisen\/wp-json\/wp\/v2\/categories?post=34824"},{"taxonomy":"post_tag","embeddable":true,"href":"https:\/\/www.vorspeisenplatte.de\/speisen\/wp-json\/wp\/v2\/tags?post=34824"}],"curies":[{"name":"wp","href":"https:\/\/api.w.org\/{rel}","templated":true}]}}