{"id":357,"date":"2004-04-18T08:50:35","date_gmt":"2004-04-18T06:50:35","guid":{"rendered":"https:\/\/www.vorspeisenplatte.de\/speisen\/2004\/04\/theresienwiesen-flohmarkt-2004.htm"},"modified":"2007-03-10T20:09:39","modified_gmt":"2007-03-10T19:09:39","slug":"theresienwiesen-flohmarkt-2004","status":"publish","type":"post","link":"https:\/\/www.vorspeisenplatte.de\/speisen\/2004\/04\/theresienwiesen-flohmarkt-2004.htm","title":{"rendered":"Theresienwiesen-Flohmarkt 2004"},"content":{"rendered":"<p><img BORDER=0 SRC=\"https:\/\/www.vorspeisenplatte.de\/archives_speisen\/Flohmarkt.jpg\" ALT=\"Flohmarkt_Ausschnitt\" HEIGHT=438 WIDTH=672\/><\/p>\n<p>In einem Sonnenschein, den man nicht anders als strahlend bezeichnen kann*, spazierten wir um halb zehn zur Theresienwiese. Zwar f\u00fchlte ich mich zu dieser Uhrzeit wie eine Flohmarktbesucherin dritter Klasse, doch das letzte Mal waren wir \u2013 wie sich das f\u00fcr die ganz echten Flohmarktler geh\u00f6rt \u2013 gleich zum offiziellen Beginn um 7 Uhr aufgetaucht, nur um zwei Dritteln der Anbieter erst mal bei Aufbauen ihrer Tapetentische zuzusehen.<\/p>\n<p>Es ist schwer zu entscheiden, was sehenswerter ist: Die angebotenen Gegenst\u00e4nde auf den Tischen, oder die Menschen dahinter. Verk\u00e4ufer sind junge Familien, bei denen die hochschwangere Mutter gleichzeitig mit beiden H\u00e4nden ein Kleinkind b\u00e4ndigt und Preisverhandlungen f\u00fchrt. Kinder, die vor sich auf einer Decke abgeliebte Spielsachen ausbreiten. Damen aus gutem Haus, die ob zu niedriger Preisangebote ehrlich echauffiert sind. Osteurop\u00e4ische Einwanderer, die einem unwilligen Interessenten die Ware noch meterweise hinterher tragen, ihm immer noch niedrigere Preise und noch gr\u00f6\u00dfere Vorz\u00fcge nachrufend. Hundebesitzer, viele Hundebesitzer. Junge M\u00e4nner mit Sonnenbrillen, die sich vor lauter Coolness in ihren Campingst\u00fchlen kaum r\u00fchren k\u00f6nnen (oder weil es das einzige Mal im Jahr ist, dass sie so fr\u00fch aufgestanden sind) und die Accessoires einer vergangenen Coolness-Epoche anbieten. Professionelle Altwarenverk\u00e4ufer, die mit Kennerblick die wenigen ernst zu nehmenden Interessenten aussortieren, die bei ihren alten M\u00f6beln stehen bleiben, und durch Brummeln von Details (\u201edes is scho fast nimmer Jugendstil\u201c) mit ihnen ins Gespr\u00e4ch kommen \u2013 der Rest wird mit der kurzen Nennung eines exorbitanten Preises verscheucht. Mir fiel auf, dass mehr als die H\u00e4lfte der Anbieter oberbayerisch sprach. Hier sind sie also, die Einheimischen, und wie auf Flohm\u00e4rkten \u00fcblich, kommt man mit jedem sofort ins Gespr\u00e4ch. Sollte als Tipp in M\u00fcnchen-F\u00fchrer aufgenommen werden, unter \u201eMeet the locals\u201c.<\/p>\n<p>Auch unter den K\u00e4ufern sind viele mit Hund unterwegs, was ich nicht verstehe. Hin und wieder geraten Anbieter- und K\u00e4uferhunde aneinander, resultierend in einem wenige Sekunden langen Tumult, der durch scharfe Anweisungen der Besitzer beendet wird. Klein- und Kleinstkinder werden f\u00fcr Flohmarktbesuche anscheinend eher daheim gelassen. Eine lustige, sehr gegenwartstypische Erscheinung: Freunde suchen per Handy. Immer wieder sieht man einen Flohmarktbesucher telefonierend den Arm nach oben strecken. Das bedeutet dann, dass er einen anderen Flohmarktbesucher sucht, der gerade mit ihm telefoniert. Da der gestrige Flohmarkt riesig war und auf einem platten Gel\u00e4nde ohne Ortsmarken lag, h\u00f6rte sich dieses Suchen immer recht verzweifelt an: \u201eNee, eher so rechts Mitte!\u201c \u201eIch kann den Arm nicht h\u00f6her strecken, ich bin halt nicht gr\u00f6\u00dfer!\u201c \u201eDa ist so ein gr\u00fcner Schirm.\u201c \u201eIch glaub ich seh dich, dreh dich mal nach links. Nein, nach links!\u201c<\/p>\n<p>Gekauft habe ich gestern nichts, obwohl ich viele sch\u00f6ne Dinge gesehen habe. Ich will einfach nicht noch mehr rumstehen haben. Hier noch ein Gem\u00e4lde, signiert mit \u201eLaubnitz\u201c, ich sch\u00e4tze aus den ersten drei Jahrzehnten des 20. Jahrhunderts, das ich ebenfalls nicht gekauft habe. Aber ich war hingerissen.<\/p>\n<p><img BORDER=0 SRC=\"https:\/\/www.vorspeisenplatte.de\/archives_speisen\/Flohmarkt2.jpg\" ALT=\"Mottergl\u00f6ck\" HEIGHT=416 WIDTH=579\/><\/p>\n<p>*Douglas-Adams-Gedenk-Formulierung<\/p>\n<p><i>Hinweis f\u00fcr zuf\u00e4llige Leser: Der Theresienwiesen-Flohmarkt 2007 findet am Samstag, 21. April statt.<\/i><\/p>\n","protected":false},"excerpt":{"rendered":"<p>In einem Sonnenschein, den man nicht anders als strahlend bezeichnen kann*, spazierten wir um halb zehn zur Theresienwiese. Zwar f\u00fchlte ich mich zu dieser Uhrzeit wie eine Flohmarktbesucherin dritter Klasse, doch das letzte Mal waren wir \u2013 wie sich das f\u00fcr die ganz echten Flohmarktler geh\u00f6rt \u2013 gleich zum offiziellen Beginn um 7 Uhr aufgetaucht, [&hellip;]<\/p>\n","protected":false},"author":2,"featured_media":0,"comment_status":"open","ping_status":"closed","sticky":false,"template":"","format":"standard","meta":{"footnotes":""},"categories":[2,1],"tags":[],"class_list":["post-357","post","type-post","status-publish","format-standard","hentry","category-fotos","category-general"],"_links":{"self":[{"href":"https:\/\/www.vorspeisenplatte.de\/speisen\/wp-json\/wp\/v2\/posts\/357","targetHints":{"allow":["GET"]}}],"collection":[{"href":"https:\/\/www.vorspeisenplatte.de\/speisen\/wp-json\/wp\/v2\/posts"}],"about":[{"href":"https:\/\/www.vorspeisenplatte.de\/speisen\/wp-json\/wp\/v2\/types\/post"}],"author":[{"embeddable":true,"href":"https:\/\/www.vorspeisenplatte.de\/speisen\/wp-json\/wp\/v2\/users\/2"}],"replies":[{"embeddable":true,"href":"https:\/\/www.vorspeisenplatte.de\/speisen\/wp-json\/wp\/v2\/comments?post=357"}],"version-history":[{"count":0,"href":"https:\/\/www.vorspeisenplatte.de\/speisen\/wp-json\/wp\/v2\/posts\/357\/revisions"}],"wp:attachment":[{"href":"https:\/\/www.vorspeisenplatte.de\/speisen\/wp-json\/wp\/v2\/media?parent=357"}],"wp:term":[{"taxonomy":"category","embeddable":true,"href":"https:\/\/www.vorspeisenplatte.de\/speisen\/wp-json\/wp\/v2\/categories?post=357"},{"taxonomy":"post_tag","embeddable":true,"href":"https:\/\/www.vorspeisenplatte.de\/speisen\/wp-json\/wp\/v2\/tags?post=357"}],"curies":[{"name":"wp","href":"https:\/\/api.w.org\/{rel}","templated":true}]}}