{"id":35849,"date":"2017-01-09T06:42:02","date_gmt":"2017-01-09T05:42:02","guid":{"rendered":"https:\/\/www.vorspeisenplatte.de\/speisen\/?p=35849"},"modified":"2017-01-09T06:52:05","modified_gmt":"2017-01-09T05:52:05","slug":"journal-sonntag-8-januar-2017-schneetag-mit-la-la-land","status":"publish","type":"post","link":"https:\/\/www.vorspeisenplatte.de\/speisen\/2017\/01\/journal-sonntag-8-januar-2017-schneetag-mit-la-la-land.htm","title":{"rendered":"Journal Sonntag, 8. Januar 2017 &#8211; Schneetag mit <i>La La Land<\/i>"},"content":{"rendered":"<p>\u00dcber Nacht hatte es geschneit, den ganzen Tag \u00fcber tat es das auch immer wieder. Gleichzeitig waren die Temperaturen auf eine gem\u00fctliche H\u00f6he um den Gefrierpunkt gestiegen.<\/p>\n<p>Ich stapfte quer durch die halbe Stadt zur Turnstunde.<\/p>\n<p><a href=\"https:\/\/www.vorspeisenplatte.de\/speisen\/archiv\/170108_03_Schnee.jpg\"><img loading=\"lazy\" decoding=\"async\" src=\"https:\/\/www.vorspeisenplatte.de\/speisen\/archiv\/170108_03_Schnee.jpg\" alt=\"\" width=\"367\" height=\"367\" class=\"alignnone size-full wp-image-35853\" srcset=\"https:\/\/www.vorspeisenplatte.de\/speisen\/archiv\/170108_03_Schnee.jpg 367w, https:\/\/www.vorspeisenplatte.de\/speisen\/archiv\/170108_03_Schnee-150x150.jpg 150w, https:\/\/www.vorspeisenplatte.de\/speisen\/archiv\/170108_03_Schnee-144x144.jpg 144w\" sizes=\"auto, (max-width: 367px) 100vw, 367px\" \/><\/a><\/p>\n<p><a href=\"https:\/\/www.vorspeisenplatte.de\/speisen\/archiv\/170108_05_Schnee.jpg\"><img loading=\"lazy\" decoding=\"async\" src=\"https:\/\/www.vorspeisenplatte.de\/speisen\/archiv\/170108_05_Schnee.jpg\" alt=\"\" width=\"402\" height=\"567\" class=\"alignnone size-full wp-image-35854\" \/><\/a><\/p>\n<p><a href=\"https:\/\/www.vorspeisenplatte.de\/speisen\/archiv\/170108_06_Schnee.jpg\"><img loading=\"lazy\" decoding=\"async\" src=\"https:\/\/www.vorspeisenplatte.de\/speisen\/archiv\/170108_06_Schnee.jpg\" alt=\"\" width=\"410\" height=\"555\" class=\"alignnone size-full wp-image-35855\" \/><\/a><\/p>\n<p><a href=\"https:\/\/www.vorspeisenplatte.de\/speisen\/archiv\/170108_08_Schnee.jpg\"><img loading=\"lazy\" decoding=\"async\" src=\"https:\/\/www.vorspeisenplatte.de\/speisen\/archiv\/170108_08_Schnee.jpg\" alt=\"\" width=\"532\" height=\"384\" class=\"alignnone size-full wp-image-35856\" \/><\/a><\/p>\n<p>Nach ausgiebigem Heben und H\u00fcpfen stapfte ich zur\u00fcck.<\/p>\n<p><a href=\"https:\/\/www.vorspeisenplatte.de\/speisen\/archiv\/170108_14_Schnee.jpg\"><img loading=\"lazy\" decoding=\"async\" src=\"https:\/\/www.vorspeisenplatte.de\/speisen\/archiv\/170108_14_Schnee.jpg\" alt=\"\" width=\"354\" height=\"480\" class=\"alignnone size-full wp-image-35859\" \/><\/a><\/p>\n<p><a href=\"https:\/\/www.vorspeisenplatte.de\/speisen\/archiv\/170108_16_Schnee.jpg\"><img loading=\"lazy\" decoding=\"async\" src=\"https:\/\/www.vorspeisenplatte.de\/speisen\/archiv\/170108_16_Schnee.jpg\" alt=\"\" width=\"329\" height=\"564\" class=\"alignnone size-full wp-image-35860\" \/><\/a><\/p>\n<p><a href=\"https:\/\/www.vorspeisenplatte.de\/speisen\/archiv\/170108_18_Schnee.jpg\"><img loading=\"lazy\" decoding=\"async\" src=\"https:\/\/www.vorspeisenplatte.de\/speisen\/archiv\/170108_18_Schnee.jpg\" alt=\"\" width=\"462\" height=\"371\" class=\"alignnone size-full wp-image-35861\" \/><\/a><\/p>\n<p>Da ich zur eigentlichen Abendessenkochzeit im Kino sitzen w\u00fcrde, kochte ich <a href=\"https:\/\/www.vorspeisenplatte.de\/rezepte\/fabada-asturiana-bohneneintopf.htm\" target=\"_blank\">die Fabada<\/a> f\u00fcrs Abendessen schon mal vor &#8211; Eintopf schmeckt aufgew\u00e4rmt eh am besten. W\u00e4hrenddessen bastelte ich mit zwei Mitsprecherinnen an der Einreichung eines Talks f\u00fcr die n\u00e4chste re:publica.<\/p>\n<p>\u00a7<\/p>\n<p>Am sp\u00e4ten Nachmittag sah ich eine <i>special preview<\/i> von <i>La La Land<\/i>, auf den ich mich seit Kenntnis gefreut hatte. Ein sch\u00f6ner Film um eine Nachwuchsschauspielerin und einen Jazz-Pianisten in Los Angeles mit sch\u00f6ner Musik &#8211; aber mir wurde nicht klar, wieso er als &#8220;Musical&#8221; verkauft wird. Die Tanzszenen waren wenige und ganz offensichtlich nicht die Priorit\u00e4t der Macher, da habe ich in den vergangenen Jahren deutlich bessere gesehen. Beispiele f\u00fcr Filmmusicals, die wirklich welche waren: <a href=\"https:\/\/en.wikipedia.org\/wiki\/The_Producers_(2005_film)\" target=\"_blank\"><i>The Producers<\/i><\/a>, <a href=\"https:\/\/de.wikipedia.org\/wiki\/Mamma_Mia!_(Film)\" target=\"_blank\"><i>Mamma Mia<\/i><\/a>.<\/p>\n<p>Doch mir gefielen das immer wieder nicht-realistische Erz\u00e4hlen, die gleichzeitig realistische Charakterzeichnung und -darstellung. Emma Stone spielt ganz wunderbar (sie war mir in <i>Birdman<\/i> aufgefallen), handwerklich beeindruckend in den Casting-Szenen, Ryan Gosling macht seine Sache sehr gut. Doch die Tanzszenen sind lediglich ein liebevoller <i>hat tip<\/i> in Richtung ruhmreicher Vergangenheit (in der Szene vor Sonnenuntergang sind sogar Kameraf\u00fchrung und Schnitt imitiert), rufen aber gerade deshalb in Erinnerung, was ihnen fehlt. Es ging wohl nicht darum, Tanzszenen zu zeigen, sondern auf fr\u00fchere zu vereisen. Daf\u00fcr kommt die Geschichte gut zum Tragen. Die auf jeden Fall sehenswert ist. <img loading=\"lazy\" decoding=\"async\" src=\"https:\/\/ssl-vg03.met.vgwort.de\/na\/cc1f05fe27f6484f8535d9c59a471b5e\" width=\"1\" height=\"1\" alt=\"\"\/><\/p>\n","protected":false},"excerpt":{"rendered":"<p>\u00dcber Nacht hatte es geschneit, den ganzen Tag \u00fcber tat es das auch immer wieder. Gleichzeitig waren die Temperaturen auf eine gem\u00fctliche H\u00f6he um den Gefrierpunkt gestiegen. Ich stapfte quer durch die halbe Stadt zur Turnstunde. Nach ausgiebigem Heben und H\u00fcpfen stapfte ich zur\u00fcck. Da ich zur eigentlichen Abendessenkochzeit im Kino sitzen w\u00fcrde, kochte ich [&hellip;]<\/p>\n","protected":false},"author":2,"featured_media":0,"comment_status":"open","ping_status":"closed","sticky":false,"template":"","format":"standard","meta":{"footnotes":""},"categories":[4,2,1],"tags":[],"class_list":["post-35849","post","type-post","status-publish","format-standard","hentry","category-filme","category-fotos","category-general"],"_links":{"self":[{"href":"https:\/\/www.vorspeisenplatte.de\/speisen\/wp-json\/wp\/v2\/posts\/35849","targetHints":{"allow":["GET"]}}],"collection":[{"href":"https:\/\/www.vorspeisenplatte.de\/speisen\/wp-json\/wp\/v2\/posts"}],"about":[{"href":"https:\/\/www.vorspeisenplatte.de\/speisen\/wp-json\/wp\/v2\/types\/post"}],"author":[{"embeddable":true,"href":"https:\/\/www.vorspeisenplatte.de\/speisen\/wp-json\/wp\/v2\/users\/2"}],"replies":[{"embeddable":true,"href":"https:\/\/www.vorspeisenplatte.de\/speisen\/wp-json\/wp\/v2\/comments?post=35849"}],"version-history":[{"count":3,"href":"https:\/\/www.vorspeisenplatte.de\/speisen\/wp-json\/wp\/v2\/posts\/35849\/revisions"}],"predecessor-version":[{"id":35872,"href":"https:\/\/www.vorspeisenplatte.de\/speisen\/wp-json\/wp\/v2\/posts\/35849\/revisions\/35872"}],"wp:attachment":[{"href":"https:\/\/www.vorspeisenplatte.de\/speisen\/wp-json\/wp\/v2\/media?parent=35849"}],"wp:term":[{"taxonomy":"category","embeddable":true,"href":"https:\/\/www.vorspeisenplatte.de\/speisen\/wp-json\/wp\/v2\/categories?post=35849"},{"taxonomy":"post_tag","embeddable":true,"href":"https:\/\/www.vorspeisenplatte.de\/speisen\/wp-json\/wp\/v2\/tags?post=35849"}],"curies":[{"name":"wp","href":"https:\/\/api.w.org\/{rel}","templated":true}]}}