{"id":35873,"date":"2017-01-11T09:47:52","date_gmt":"2017-01-11T08:47:52","guid":{"rendered":"https:\/\/www.vorspeisenplatte.de\/speisen\/?p=35873"},"modified":"2017-01-11T09:47:52","modified_gmt":"2017-01-11T08:47:52","slug":"journal-montagdienstag-9-10-januar-2017-tante-migraene-und-j-l-carr-a-month-in-the-country","status":"publish","type":"post","link":"https:\/\/www.vorspeisenplatte.de\/speisen\/2017\/01\/journal-montagdienstag-9-10-januar-2017-tante-migraene-und-j-l-carr-a-month-in-the-country.htm","title":{"rendered":"Journal Montag\/Dienstag, 9.\/10. Januar 2017 &#8211; Tante Migr\u00e4ne und J.L. Carr, <i>A Month in the Country<\/i>"},"content":{"rendered":"<p>Montagmorgen klappte endlich der Download des Soundtracks von <i>La La Land<\/i> (ich hole mir nur drei bis vier Mal pro Jahr Musik und stelle mich dabei jedes Mal an, als s\u00e4\u00dfe ich zum ersten Mal am Internet): Die Musik ist wirklich, wirklich sch\u00f6n. Das hier habe ich seither als Ohrwurm:<\/p>\n<div class=\"video-wrapped\" style=\"width: 500px; height: 281px; background-image: url('https:\/\/www.vorspeisenplatte.de\/speisen\/wp-content\/plugins\/video-embed-privacy\/preview\/cZAw8qxn0ZE.jpg')\" data-embed-frame=\"&lt;iframe title=&quot;La La Land (2016 Movie) Official Clip \u2013 \u201cCity Of Stars\u201d&quot; width=&quot;500&quot; height=&quot;281&quot; src=&quot;https:\/\/www.youtube.com\/embed\/cZAw8qxn0ZE?feature=oembed&quot; frameborder=&quot;0&quot; allow=&quot;accelerometer; autoplay; clipboard-write; encrypted-media; gyroscope; picture-in-picture; web-share&quot; referrerpolicy=&quot;strict-origin-when-cross-origin&quot; allowfullscreen&gt;&lt;\/iframe&gt;\" data-embed-play=\"Abspielen&lt;div class=&quot;small&quot;&gt;Das Video wird von Youtube eingebettet abespielt. Es gilt die &lt;a href=&quot;https:\/\/www.google.com\/intl\/de\/policies\/privacy\/&quot; target=&quot;_blank&quot;&gt;Datenschutzerkl\u00e4rung von Google&lt;\/a&gt;&lt;\/div&gt;\">\n<div class=\"video-wrapped-nojs\">Aktivieren Sie JavaScript um das Video zu sehen.<br \/><a href=\"https:\/\/youtu.be\/cZAw8qxn0ZE\">https:\/\/youtu.be\/cZAw8qxn0ZE<\/a><\/div>\n<\/div>\n<p>Etwas verdutzt war ich ja schon \u00fcber die sieben Golden Globes f\u00fcr den Film, ich muss eine Menge \u00fcbersehen haben. Und dann nannte die gesch\u00e4tzte Susan Vahabzadeh in der <i>S\u00fcddeutschen<\/i> ihn auch noch ein &#8220;Wunder&#8221;. Vielleicht nochmal gucken?<\/p>\n<p>Angesetzt hatte ich sie schon am klirrend kalten Samstag: Eine Eislaterne f\u00fcr den Balkon. Am Montagabend durfte sie dann auch leuchten.<\/p>\n<p><a href=\"https:\/\/www.vorspeisenplatte.de\/speisen\/archiv\/170109_01_Eislaterne.jpg\"><img loading=\"lazy\" decoding=\"async\" src=\"https:\/\/www.vorspeisenplatte.de\/speisen\/archiv\/170109_01_Eislaterne.jpg\" alt=\"\" width=\"338\" height=\"370\" class=\"alignnone size-full wp-image-35882\" \/><\/a><\/p>\n<p>\u00a7<\/p>\n<p>Wenn mein Bett morgens so aussieht, habe ich sicher nicht gut geschlafen.<\/p>\n<p><a href=\"https:\/\/www.vorspeisenplatte.de\/speisen\/archiv\/170110_03_Bettlaken.jpg\"><img loading=\"lazy\" decoding=\"async\" src=\"https:\/\/www.vorspeisenplatte.de\/speisen\/archiv\/170110_03_Bettlaken.jpg\" alt=\"\" width=\"346\" height=\"429\" class=\"alignnone size-full wp-image-35883\" \/><\/a><\/p>\n<p>Ich war am gestrigen Dienstag einerseits froh, als der Wecker die unruhige Nacht beendete, andererseits f\u00fchlte ich mich so elend, dass ich nicht zu dem Sport gehen wollte, wegen dem er so fr\u00fch geklingelt hatte. Einiges an diesem Elend legte zudem den Verdacht nahe, dass mal wieder Tante Migr\u00e4ne zu Besuch war. Also meldete ich mich in der Arbeit krank, regelte das eine und andere von daheim aus, ging zur\u00fcck ins Bett.<\/p>\n<p>Mittags war ich fit genug f\u00fcrs Aufstehen, kochte mir Porridge zum Fr\u00fchst\u00fcck. Drau\u00dfen leuchteten Schnee und Sonne um die Wette, ein kleiner Spaziergang dortselbst tat mir erfahrungsgem\u00e4\u00df an Migr\u00e4netagen gut.<\/p>\n<p><a href=\"https:\/\/www.vorspeisenplatte.de\/speisen\/archiv\/170110_05_Suedfriedhof.jpg\"><img loading=\"lazy\" decoding=\"async\" src=\"https:\/\/www.vorspeisenplatte.de\/speisen\/archiv\/170110_05_Suedfriedhof.jpg\" alt=\"\" width=\"546\" height=\"425\" class=\"alignnone size-full wp-image-35886\" \/><\/a><\/p>\n<p><a href=\"https:\/\/www.vorspeisenplatte.de\/speisen\/archiv\/170110_09_Isar.jpg\"><img loading=\"lazy\" decoding=\"async\" src=\"https:\/\/www.vorspeisenplatte.de\/speisen\/archiv\/170110_09_Isar.jpg\" alt=\"\" width=\"511\" height=\"414\" class=\"alignnone size-full wp-image-35887\" \/><\/a><\/p>\n<p><a href=\"https:\/\/www.vorspeisenplatte.de\/speisen\/archiv\/170110_10_BraunauerBruecke.jpg\"><img loading=\"lazy\" decoding=\"async\" src=\"https:\/\/www.vorspeisenplatte.de\/speisen\/archiv\/170110_10_BraunauerBruecke.jpg\" alt=\"\" width=\"384\" height=\"579\" class=\"alignnone size-full wp-image-35888\" \/><\/a><\/p>\n<p>Nur dass ich diesmal vergeblich auf Erleichterung und Entspannung wartete, mein K\u00f6rper signalisierte lediglich, dass Spazierengehen f\u00fcr ihn verdammt anstrengend war.<br \/>\nDaheim schlief ich nochmal eine Runde, dann f\u00fchlte ich mich halbwegs zur\u00fcck auf normal Null. Zur abendlichen Leserunde fuhr ich lieber mit der Stra\u00dfenbahn.<\/p>\n<p>Wir unterhielten uns \u00fcber J.L. Carr, <i>A month in the country<\/i>. Der d\u00fcnne Roman von 1980 erz\u00e4hlt mit der Stimme der Hauptfigur Tom Birkin von einem Restaurator, der kurz nach dem 1. Weltkrieg in der Kirche des englischen Dorfs Oxgodby ein Jahrhunderte altes Wandgem\u00e4lde freilegen soll. Tom ist von schrecklichen Kriegserlebnissen traumatisiert, au\u00dferdem hat ihn gerade (mal wieder) seine Frau sitzen gelassen. Vor der Kirche sucht ein Arch\u00e4ologe f\u00fcr die selbe Auftraggeberin nach einem Grab, auch er ist frisch aus dem Milit\u00e4rdienst entlassen. Mit wenigen Informationen er\u00f6ffnet Carr immer wieder Welten, einen Sommer lang lernen wir die Leute im Dorf kennen, die Landschaft, die Kirchengemeinde und sehr indirekt auch den Hintergrund der Protagonisten. Den Spannungsbogen der Geschichte spannt die Freilegung des Wandgem\u00e4ldes: Die Erz\u00e4hlerstimme l\u00e4sst uns teilhaben an Toms Analysen von Farben und Werkstoffen und an den Schl\u00fcssen, die er anhand der Ergebnisse \u00fcber die Entstehung des Gem\u00e4ldes zieht. Uns allen gefiel der Roman sehr gut &#8211; und ich war erstaunt, wie viel in gerade mal 130 Seiten passt.<\/p>\n<p>Jetzt erst stelle ich fest, <a href=\"http:\/\/www.imdb.com\/title\/tt0093562\/\" target=\"_blank\">dass das Buch 1987 als Verfilmung rauskam<\/a> &#8211; mit einem vor lauter Jugend schier nicht erkennbaren Colin Firth und mit Kenneth Branagh in den Hauptrollen. <img loading=\"lazy\" decoding=\"async\" src=\"https:\/\/ssl-vg03.met.vgwort.de\/na\/00a509b193184ef6b1bc551b6efd04d4\" width=\"1\" height=\"1\" alt=\"\"\/><\/p>\n","protected":false},"excerpt":{"rendered":"<p>Montagmorgen klappte endlich der Download des Soundtracks von La La Land (ich hole mir nur drei bis vier Mal pro Jahr Musik und stelle mich dabei jedes Mal an, als s\u00e4\u00dfe ich zum ersten Mal am Internet): Die Musik ist wirklich, wirklich sch\u00f6n. Das hier habe ich seither als Ohrwurm: Aktivieren Sie JavaScript um das [&hellip;]<\/p>\n","protected":false},"author":2,"featured_media":0,"comment_status":"open","ping_status":"closed","sticky":false,"template":"","format":"standard","meta":{"footnotes":""},"categories":[3,2,1],"tags":[],"class_list":["post-35873","post","type-post","status-publish","format-standard","hentry","category-bucher","category-fotos","category-general"],"_links":{"self":[{"href":"https:\/\/www.vorspeisenplatte.de\/speisen\/wp-json\/wp\/v2\/posts\/35873","targetHints":{"allow":["GET"]}}],"collection":[{"href":"https:\/\/www.vorspeisenplatte.de\/speisen\/wp-json\/wp\/v2\/posts"}],"about":[{"href":"https:\/\/www.vorspeisenplatte.de\/speisen\/wp-json\/wp\/v2\/types\/post"}],"author":[{"embeddable":true,"href":"https:\/\/www.vorspeisenplatte.de\/speisen\/wp-json\/wp\/v2\/users\/2"}],"replies":[{"embeddable":true,"href":"https:\/\/www.vorspeisenplatte.de\/speisen\/wp-json\/wp\/v2\/comments?post=35873"}],"version-history":[{"count":3,"href":"https:\/\/www.vorspeisenplatte.de\/speisen\/wp-json\/wp\/v2\/posts\/35873\/revisions"}],"predecessor-version":[{"id":35894,"href":"https:\/\/www.vorspeisenplatte.de\/speisen\/wp-json\/wp\/v2\/posts\/35873\/revisions\/35894"}],"wp:attachment":[{"href":"https:\/\/www.vorspeisenplatte.de\/speisen\/wp-json\/wp\/v2\/media?parent=35873"}],"wp:term":[{"taxonomy":"category","embeddable":true,"href":"https:\/\/www.vorspeisenplatte.de\/speisen\/wp-json\/wp\/v2\/categories?post=35873"},{"taxonomy":"post_tag","embeddable":true,"href":"https:\/\/www.vorspeisenplatte.de\/speisen\/wp-json\/wp\/v2\/tags?post=35873"}],"curies":[{"name":"wp","href":"https:\/\/api.w.org\/{rel}","templated":true}]}}