{"id":36226,"date":"2017-02-02T07:00:01","date_gmt":"2017-02-02T06:00:01","guid":{"rendered":"https:\/\/www.vorspeisenplatte.de\/speisen\/?p=36226"},"modified":"2017-02-02T15:34:17","modified_gmt":"2017-02-02T14:34:17","slug":"journal-mittwoch-1-februar-2017-beifang-aus-dem-internet","status":"publish","type":"post","link":"https:\/\/www.vorspeisenplatte.de\/speisen\/2017\/02\/journal-mittwoch-1-februar-2017-beifang-aus-dem-internet.htm","title":{"rendered":"Journal Mittwoch, 1. Februar 2017 &#8211; Beifang aus dem Internet"},"content":{"rendered":"<p>Hurra, den ersten Monat des Jahres haben wir also geschafft.<br \/>\nEs blieb mild mit Regenneigung, ich legte aber alle Drau\u00dfenwege trocken zur\u00fcck.<\/p>\n<p>Ich ertappte mich dabei, dass ich zumindest ein bisschen anf\u00e4llig bin f\u00fcr Kalenderspr\u00fcche.<\/p>\n<p><a href=\"https:\/\/www.vorspeisenplatte.de\/speisen\/archiv\/170201_KatzundTinte.jpg\"><img loading=\"lazy\" decoding=\"async\" src=\"https:\/\/www.vorspeisenplatte.de\/speisen\/archiv\/170201_KatzundTinte.jpg\" alt=\"\" width=\"347\" height=\"453\" class=\"alignnone size-full wp-image-36256\" \/><\/a><\/p>\n<p>Genau das: Mein st\u00e4ndiges Mich-selbst-hochrei\u00dfen, immer weiter, immer nach vorne, blo\u00df keine M\u00fcdigkeit voretc. pp. Das k\u00f6nnte ich gerne stoppen. Etwas wirklich Brauchbares bringe ich eh nicht zustande &#8211; muss ich auch nicht. Warum kann ich nicht einfach aufh\u00f6ren, mir und der Welt vorzuspielen, dass ich es zumindest versuche? Weil ich die Hoffnung nicht loslassen kann, dass aus Versehen doch mal etwas Gro\u00dfartiges dabei rauskommt?<\/p>\n<p>\u00a7<\/p>\n<p>Frau Br\u00fcllen erz\u00e4hlt, wie sie in ihrem Arbeitsumfeld dann doch an Geschlechterstereotypisierung geriet &#8211; und wie sie damit umgeht.<br \/>\n<a href=\"http:\/\/bruellen.blogspot.de\/2017\/01\/ich-weiss-doch-auch-nicht.html\" target=\"_blank\">&#8220;Ich wei\u00df doch auch nicht&#8221;.<\/a><\/p>\n<p>\u00a7<\/p>\n<p>Nach meinem Besuch <a href=\"https:\/\/www.vorspeisenplatte.de\/speisen\/2016\/05\/journal-samstag-21-mai-2016-museen-in-bath.htm\" target=\"_blank\">im Fashion Museum in Bath<\/a> hatten wir ja bei Twitter \u00fcber die Gr\u00fcnde diskutiert, die zur Ausstellung fast ausschlie\u00dflich zierlicher Kleidergr\u00f6\u00dfen gef\u00fchrt haben mochten. Michelle Millar Fisher und Stephanie Kramer haben sich mit den Modehistorikerinnen Lauren Downing Peters und Clare Sauro genau dar\u00fcber unterhalten:<br \/>\n<a href=\"https:\/\/medium.com\/items\/talking-about-plus-size-fashion-68741fd4c2a1#.j0qpsjtnp\" target=\"_blank\">&#8220;Talking About Plus-Size Fashion&#8221;.<\/a><\/p>\n<p>via<a href=\"https:\/\/twitter.com\/ankegroener\" target=\"_blank\"> @ankegroener<\/a><\/p>\n<blockquote><p>Indeed, it is exceedingly rare to encounter museum archives that have had the foresight, resources, and space to conserve plus-size dress.<\/p><\/blockquote>\n<p>(..)<\/p>\n<blockquote><p>With exhibition there is a distinct bias towards the \u201cideal\u201d and a preference for smaller garments that will fit a mannequin with little fuss. Padding out a form to fit a larger garment is time consuming and must be done carefully to avoid a lumpy, \u201cstuffed\u201d appearance. Most curators, myself included, will choose the garment that is easy to dress when faced with two equal options. This curatorial bias leads to a skewed sense of history in exhibitions. Seeing is believing, and the existing clothes on display are usually tiny!<\/p><\/blockquote>\n<p>(&#8230;)<\/p>\n<blockquote><p>However, it is also important to note the higher survival rate of smaller-sized garments. In the past, when garments were largely custom-made, larger garments could be passed along to a larger pool of recipients and remade.<\/p><\/blockquote>\n<p>(&#8230;)<\/p>\n<blockquote><p>It should also be said that plus-size fashion is, in many ways, <i>inherently<\/i> mass-manufactured fashion, or an industry defined by mass-market brands like Lane Bryant. Said differently, there are few high fashion or couture designers who have created garments for larger women, and therefore it is reasonable to see why museums would pass over plus-size dress: as objects, plus-size garments tend not to be exceptional. Rather, they are typically quite conformist and poorly made<\/p><\/blockquote>\n<p>\u00a7<\/p>\n<p>Das Photo zweier Kinder, die auf den Schultern ihrer V\u00e4ter am Chicagoer Flughafen gegen Trumps <i>Muslim ban<\/i> demonstrieren &#8211; eines mit Hijab, eines mit Kippa &#8211; wurde schnell zum Symbol f\u00fcr die vereinende Kraft des Protest. CNN schreibt die Geschichte dahinter und wie sie weiterging:<br \/>\n<a href=\"http:\/\/edition.cnn.com\/2017\/01\/31\/us\/muslim-jewish-children-at-protest-irpt-trnd\/index.html\" target=\"_blank\">&#8220;Two children, two faiths, one message&#8221;.<\/a><\/p>\n<p>\u00a7<\/p>\n<p>F\u00fcrs <i>S\u00fcddeutsche Magazin<\/i> erz\u00e4hlt Michalis Pantelouris von seinen Gef\u00fchlen, als er nach der Trennung von seiner langj\u00e4hrigen Partnerin wieder mit einer Frau Sex hatte. Er erkennt:<br \/>\n<a href=\"http:\/\/sz-magazin.sueddeutsche.de\/texte\/anzeigen\/45556\/Ich-suche-keinen-Typ-Frau-Ich-suche-einen-Typ-Naehe\" target=\"_blank\">&#8220;Ich suche keinen Typ Frau. Ich suche einen Typ N\u00e4he.&#8221;<\/a><\/p>\n<p>Das fand ich sehr ber\u00fchrend beobachtet, und wahrscheinlich geht es den meisten Menschen so.<\/p>\n<p>\u00a7<\/p>\n<p>Ebenfalls bewegend und unglaublich spannend fand ich dieses Dokumentarfilmchen, das gestern in meiner Timeline herumgereicht wurde:<br \/>\n<a href=\"https:\/\/www.nytimes.com\/video\/opinion\/100000004882589\/ten-meter-tower.html\" target=\"_blank\">&#8220;Ten Meter Tower&#8221;.<\/a><\/p>\n<p>Die Filmer hatte Menschen aufgenommen, die zum ersten Mal vom Zehn-Meter-Brett springen. Oder nicht. Oder doch. <img loading=\"lazy\" decoding=\"async\" src=\"https:\/\/ssl-vg03.met.vgwort.de\/na\/0fefac1c3e9a42589d8d165180685060\" alt=\"\" width=\"1\" height=\"1\" \/><\/p>\n","protected":false},"excerpt":{"rendered":"<p>Hurra, den ersten Monat des Jahres haben wir also geschafft. Es blieb mild mit Regenneigung, ich legte aber alle Drau\u00dfenwege trocken zur\u00fcck. Ich ertappte mich dabei, dass ich zumindest ein bisschen anf\u00e4llig bin f\u00fcr Kalenderspr\u00fcche. Genau das: Mein st\u00e4ndiges Mich-selbst-hochrei\u00dfen, immer weiter, immer nach vorne, blo\u00df keine M\u00fcdigkeit voretc. pp. Das k\u00f6nnte ich gerne stoppen. [&hellip;]<\/p>\n","protected":false},"author":2,"featured_media":0,"comment_status":"open","ping_status":"closed","sticky":false,"template":"","format":"standard","meta":{"footnotes":""},"categories":[1],"tags":[],"class_list":["post-36226","post","type-post","status-publish","format-standard","hentry","category-general"],"_links":{"self":[{"href":"https:\/\/www.vorspeisenplatte.de\/speisen\/wp-json\/wp\/v2\/posts\/36226","targetHints":{"allow":["GET"]}}],"collection":[{"href":"https:\/\/www.vorspeisenplatte.de\/speisen\/wp-json\/wp\/v2\/posts"}],"about":[{"href":"https:\/\/www.vorspeisenplatte.de\/speisen\/wp-json\/wp\/v2\/types\/post"}],"author":[{"embeddable":true,"href":"https:\/\/www.vorspeisenplatte.de\/speisen\/wp-json\/wp\/v2\/users\/2"}],"replies":[{"embeddable":true,"href":"https:\/\/www.vorspeisenplatte.de\/speisen\/wp-json\/wp\/v2\/comments?post=36226"}],"version-history":[{"count":3,"href":"https:\/\/www.vorspeisenplatte.de\/speisen\/wp-json\/wp\/v2\/posts\/36226\/revisions"}],"predecessor-version":[{"id":36257,"href":"https:\/\/www.vorspeisenplatte.de\/speisen\/wp-json\/wp\/v2\/posts\/36226\/revisions\/36257"}],"wp:attachment":[{"href":"https:\/\/www.vorspeisenplatte.de\/speisen\/wp-json\/wp\/v2\/media?parent=36226"}],"wp:term":[{"taxonomy":"category","embeddable":true,"href":"https:\/\/www.vorspeisenplatte.de\/speisen\/wp-json\/wp\/v2\/categories?post=36226"},{"taxonomy":"post_tag","embeddable":true,"href":"https:\/\/www.vorspeisenplatte.de\/speisen\/wp-json\/wp\/v2\/tags?post=36226"}],"curies":[{"name":"wp","href":"https:\/\/api.w.org\/{rel}","templated":true}]}}