{"id":36268,"date":"2017-02-04T09:41:33","date_gmt":"2017-02-04T08:41:33","guid":{"rendered":"https:\/\/www.vorspeisenplatte.de\/speisen\/?p=36268"},"modified":"2017-02-04T09:41:33","modified_gmt":"2017-02-04T08:41:33","slug":"journal-freitag-3-februar-2017-vielleicht-kann-ich-shoppen-ja-doch","status":"publish","type":"post","link":"https:\/\/www.vorspeisenplatte.de\/speisen\/2017\/02\/journal-freitag-3-februar-2017-vielleicht-kann-ich-shoppen-ja-doch.htm","title":{"rendered":"Journal Freitag, 3. Februar 2017 &#8211; Vielleicht kann ich <i>Shoppen<\/i> ja doch"},"content":{"rendered":"<p>Wundersch\u00f6ner Morgenhimmel auf meinem Weg in die Arbeit.<\/p>\n<p><a href=\"https:\/\/www.vorspeisenplatte.de\/speisen\/archiv\/170203_01_Morgenhimmel.jpg\"><img loading=\"lazy\" decoding=\"async\" src=\"https:\/\/www.vorspeisenplatte.de\/speisen\/archiv\/170203_01_Morgenhimmel.jpg\" alt=\"\" width=\"465\" height=\"482\" class=\"alignnone size-full wp-image-36280\" \/><\/a><\/p>\n<p>Nach Feierabend mit rauchendem Kopf einige Eink\u00e4ufe erledigt:<br \/>\n&#8211; dicke braune Strumpfhose (und bei der Gelegenheit wieder einige Strumpfhosen-Abartigkeiten aus der Sonderangebotskiste, die mir garantiert <i>as G&#8217;schau<\/i> einbringen werden)<br \/>\n&#8211; nach Jahren mal wieder einen Lippenstift, weil <a href=\"http:\/\/joel.lu\/2017\/02\/01\/fotoausbeute-der-letzten-tage-und-ein-video\/\" target=\"_blank\">Jo\u00ebl mich gar zu neugierig gemacht hatte<\/a> (wer einen Maskenbildner liest, kommt irgendwann in Schminke um, oder?)<br \/>\n&#8211; <a href=\"http:\/\/www.tee-handelskontor-bremen.de\/teesortiment\/schwarzer-tee\/english-classic.html\" target=\"_blank\">Schwarztee vom Handelskontor Bremen<\/a>, den ich am Bremer Bahnhof gekauft hatte und der mir sehr gut schmeckt &#8211; in Bremen hatte man mich auf den Laden unterm Stachus hingewiesen<br \/>\n&#8211; Obst und Milchprodukte im Biosupermarkt<\/p>\n<p>Herr Kaltmamsell machte zum Abendbrot Dampfnudeln, wie er sie von daheim kennt: Nicht auf Kartoffelscheiben und Wasser gesetzt (<a href=\"https:\/\/www.vorspeisenplatte.de\/rezepte\/dampfnudeln-nach-fremdarbeiterinnen-art.htm\" target=\"_blank\">so hat meine polnische Oma sie mir beigebracht<\/a>), sondern auf Butter, Wasser und Milch, um eine Kruste zu erzeugen.<\/p>\n<p><a href=\"https:\/\/www.vorspeisenplatte.de\/speisen\/archiv\/170203_02_Dampfnudel.jpg\"><img loading=\"lazy\" decoding=\"async\" src=\"https:\/\/www.vorspeisenplatte.de\/speisen\/archiv\/170203_02_Dampfnudel.jpg\" alt=\"\" width=\"367\" height=\"402\" class=\"alignnone size-full wp-image-36285\" \/><\/a><\/p>\n<p>Die Kruste sieht man hier nat\u00fcrlich nicht, sie schmeckte tats\u00e4chlich sehr gut.<\/p>\n<p>Dazu am\u00fcsierten wir uns \u00fcber die konzertierte Aktion europ\u00e4ischer Late Night Shows, die sich \u00fcber Trumps &#8220;America first&#8221; lustig macht:<br \/>\n<a href=\"http:\/\/www.everysecondcounts.eu\/\" target=\"_blank\">&#8220;Who wants to be second&#8221;.<\/a><\/p>\n<p>Die Erkl\u00e4rung dazu gibt&#8217;s um den deutschen Beitrag von Jan B\u00f6hmermann herum:<\/p>\n<div class=\"video-wrapped\" style=\"width: 500px; height: 281px; background-image: url('https:\/\/www.vorspeisenplatte.de\/speisen\/wp-content\/plugins\/video-embed-privacy\/preview\/WcH9eWBs9fw.jpg')\" data-embed-frame=\"&lt;iframe title=&quot;Germany second | NEO MAGAZIN ROYALE mit Jan B\u00f6hmermann - ZDFneo&quot; width=&quot;500&quot; height=&quot;281&quot; src=&quot;https:\/\/www.youtube.com\/embed\/WcH9eWBs9fw?feature=oembed&quot; frameborder=&quot;0&quot; allow=&quot;accelerometer; autoplay; clipboard-write; encrypted-media; gyroscope; picture-in-picture; web-share&quot; referrerpolicy=&quot;strict-origin-when-cross-origin&quot; allowfullscreen&gt;&lt;\/iframe&gt;\" data-embed-play=\"Abspielen&lt;div class=&quot;small&quot;&gt;Das Video wird von Youtube eingebettet abespielt. Es gilt die &lt;a href=&quot;https:\/\/www.google.com\/intl\/de\/policies\/privacy\/&quot; target=&quot;_blank&quot;&gt;Datenschutzerkl\u00e4rung von Google&lt;\/a&gt;&lt;\/div&gt;\">\n<div class=\"video-wrapped-nojs\">Aktivieren Sie JavaScript um das Video zu sehen.<br \/><a href=\"https:\/\/youtu.be\/WcH9eWBs9fw\">https:\/\/youtu.be\/WcH9eWBs9fw<\/a><\/div>\n<\/div>\n","protected":false},"excerpt":{"rendered":"<p>Wundersch\u00f6ner Morgenhimmel auf meinem Weg in die Arbeit. Nach Feierabend mit rauchendem Kopf einige Eink\u00e4ufe erledigt: &#8211; dicke braune Strumpfhose (und bei der Gelegenheit wieder einige Strumpfhosen-Abartigkeiten aus der Sonderangebotskiste, die mir garantiert as G&#8217;schau einbringen werden) &#8211; nach Jahren mal wieder einen Lippenstift, weil Jo\u00ebl mich gar zu neugierig gemacht hatte (wer einen Maskenbildner [&hellip;]<\/p>\n","protected":false},"author":2,"featured_media":0,"comment_status":"open","ping_status":"closed","sticky":false,"template":"","format":"standard","meta":{"footnotes":""},"categories":[6,2,1],"tags":[],"class_list":["post-36268","post","type-post","status-publish","format-standard","hentry","category-essen","category-fotos","category-general"],"_links":{"self":[{"href":"https:\/\/www.vorspeisenplatte.de\/speisen\/wp-json\/wp\/v2\/posts\/36268","targetHints":{"allow":["GET"]}}],"collection":[{"href":"https:\/\/www.vorspeisenplatte.de\/speisen\/wp-json\/wp\/v2\/posts"}],"about":[{"href":"https:\/\/www.vorspeisenplatte.de\/speisen\/wp-json\/wp\/v2\/types\/post"}],"author":[{"embeddable":true,"href":"https:\/\/www.vorspeisenplatte.de\/speisen\/wp-json\/wp\/v2\/users\/2"}],"replies":[{"embeddable":true,"href":"https:\/\/www.vorspeisenplatte.de\/speisen\/wp-json\/wp\/v2\/comments?post=36268"}],"version-history":[{"count":3,"href":"https:\/\/www.vorspeisenplatte.de\/speisen\/wp-json\/wp\/v2\/posts\/36268\/revisions"}],"predecessor-version":[{"id":36288,"href":"https:\/\/www.vorspeisenplatte.de\/speisen\/wp-json\/wp\/v2\/posts\/36268\/revisions\/36288"}],"wp:attachment":[{"href":"https:\/\/www.vorspeisenplatte.de\/speisen\/wp-json\/wp\/v2\/media?parent=36268"}],"wp:term":[{"taxonomy":"category","embeddable":true,"href":"https:\/\/www.vorspeisenplatte.de\/speisen\/wp-json\/wp\/v2\/categories?post=36268"},{"taxonomy":"post_tag","embeddable":true,"href":"https:\/\/www.vorspeisenplatte.de\/speisen\/wp-json\/wp\/v2\/tags?post=36268"}],"curies":[{"name":"wp","href":"https:\/\/api.w.org\/{rel}","templated":true}]}}