{"id":36461,"date":"2017-02-13T06:51:14","date_gmt":"2017-02-13T05:51:14","guid":{"rendered":"https:\/\/www.vorspeisenplatte.de\/speisen\/?p=36461"},"modified":"2017-02-13T07:17:49","modified_gmt":"2017-02-13T06:17:49","slug":"journal-sonntag-12-februar-2017-12von12","status":"publish","type":"post","link":"https:\/\/www.vorspeisenplatte.de\/speisen\/2017\/02\/journal-sonntag-12-februar-2017-12von12.htm","title":{"rendered":"Journal Sonntag, 12. Februar 2017 &#8211; #12von12"},"content":{"rendered":"<p>Diesmal erinnerte ich mich erst nach Kaffee daran. Und dann beschloss ich, <a href=\"http:\/\/draussennurkaennchen.blogspot.de\/p\/12-von-12.html\" target=\"_blank\">der urspr\u00fcnglichen Spielanleitung f\u00fcr #12von12<\/a> zu folgen: Den Tag \u00fcber Fotos aufnehmen, davon 12 im Blog posten &#8211; ohne instagram-live-Begleitung, denn da instagram die Beitr\u00e4ge nicht mehr als Timeline anzeigt, sondern in geheimer gemischter Reihenfolge, ist das Posten eines Ablaufs sinnlos geworden.<\/p>\n<p><a href=\"https:\/\/www.vorspeisenplatte.de\/speisen\/archiv\/170212_01_Wohnzimmer.jpg\"><img loading=\"lazy\" decoding=\"async\" src=\"https:\/\/www.vorspeisenplatte.de\/speisen\/archiv\/170212_01_Wohnzimmer.jpg\" alt=\"\" width=\"459\" height=\"333\" class=\"alignnone size-full wp-image-36475\" \/><\/a><\/p>\n<p>1. Ungew\u00f6hnlich aufger\u00e4umtes Wohnzimmer.<\/p>\n<p><a href=\"https:\/\/www.vorspeisenplatte.de\/speisen\/archiv\/170212_02_Schlafzimmer.jpg\"><img loading=\"lazy\" decoding=\"async\" src=\"https:\/\/www.vorspeisenplatte.de\/speisen\/archiv\/170212_02_Schlafzimmer.jpg\" alt=\"\" width=\"445\" height=\"346\" class=\"alignnone size-full wp-image-36477\" \/><\/a><\/p>\n<p>2. Ungew\u00f6hnlich aufger\u00e4umtes Schlafzimmer.<\/p>\n<p>Grund: Am Samstag hatte ich beim gemeinsamen Mittagessen meinem Vater (Elektriker) von den eigenartigen Lichtausf\u00e4llen in unserer K\u00fcche erz\u00e4hlt. Er hatte einige Ideen, woran das liegen k\u00f6nnte und gab mir Tipps f\u00fcr Diagnose und Reparatur &#8211; die alle mein aktives Eingreifen in die Elektrik der K\u00fcche erfordert h\u00e4tten. Nun f\u00fcrchte ich mich nicht vor Elektrizit\u00e4t, doch wei\u00df ich mittlerweile, dass meine grunds\u00e4tzliche Haltung &#8220;Pah, mit ein wenig gesundem Menschenverstand muss sich das doch reparieren lassen!&#8221; in Wirklichkeit Selbst\u00fcbersch\u00e4tzung ist. Und die Erfahrung hat gezeigt, dass ich damit in 90 Prozent der F\u00e4lle Schaden verursache statt beseitige.<\/p>\n<p>Bevor ich mich aber vor meinem Vater in den Staub werfen konnte und ihn um tatkr\u00e4ftige Hilfe bitten, war schon meine Mutter eingeschritten: &#8220;Komm, da fahr&#8217; ma morgen r\u00fcber nach M\u00fcnchen und du richst&#8217; ihr des.&#8221; Mein Vater war einverstanden, puh.<\/p>\n<p>Also r\u00e4umte ich die Wohnung ein wenig auf. Damit meine Eltern beruhigt sein k\u00f6nnen, dass sie nicht in allen Erziehungsdingen versagt haben.<\/p>\n<p><a href=\"https:\/\/www.vorspeisenplatte.de\/speisen\/archiv\/170212_06_Elektriker.jpg\"><img loading=\"lazy\" decoding=\"async\" src=\"https:\/\/www.vorspeisenplatte.de\/speisen\/archiv\/170212_06_Elektriker.jpg\" alt=\"\" width=\"337\" height=\"446\" class=\"alignnone size-full wp-image-36479\" \/><\/a><\/p>\n<p>3. Elektriker bei der Arbeit, einen Phasenpr\u00fcfer verwendend.<\/p>\n<p>Zu diesem Anlass brachten meine Eltern frisch gemachten Limoncello mit, ich teilte einen spanischen ganzen K\u00e4se mit ihnen und versorgte sie mit einem halben Apfelkuchen. So geht Familie.<br \/>\nDie K\u00fcche ist jetzt wieder sehr hell.<\/p>\n<p>Ab an die Isar zum Laufen.<\/p>\n<p><a href=\"https:\/\/www.vorspeisenplatte.de\/speisen\/archiv\/170212_14_Westermuehlbach.jpg\"><img loading=\"lazy\" decoding=\"async\" src=\"https:\/\/www.vorspeisenplatte.de\/speisen\/archiv\/170212_14_Westermuehlbach.jpg\" alt=\"\" width=\"331\" height=\"448\" class=\"alignnone size-full wp-image-36481\" \/><\/a><\/p>\n<p>4. Da schau her, das Br\u00fcckerl \u00fcber den Westerm\u00fchlbach (der Bach im Glockenbachviertel hei\u00dft n\u00e4mlich gar nicht Glockenbach) hat neue Planken.<\/p>\n<p><a href=\"https:\/\/www.vorspeisenplatte.de\/speisen\/archiv\/170212_16_Hellabrunn.jpg\"><img loading=\"lazy\" decoding=\"async\" src=\"https:\/\/www.vorspeisenplatte.de\/speisen\/archiv\/170212_16_Hellabrunn.jpg\" alt=\"\" width=\"443\" height=\"406\" class=\"alignnone size-full wp-image-36482\" \/><\/a><\/p>\n<p>5. Am Tierpark vorbei.<\/p>\n<p><a href=\"https:\/\/www.vorspeisenplatte.de\/speisen\/archiv\/170212_18_Isarlauf.jpg\"><img loading=\"lazy\" decoding=\"async\" src=\"https:\/\/www.vorspeisenplatte.de\/speisen\/archiv\/170212_18_Isarlauf.jpg\" alt=\"\" width=\"374\" height=\"491\" class=\"alignnone size-full wp-image-36484\" \/><\/a><\/p>\n<p>6. Es war ganz sch\u00f6n frostig und neblig.<\/p>\n<p><a href=\"https:\/\/www.vorspeisenplatte.de\/speisen\/archiv\/170212_23_Isarlauf.jpg\"><img loading=\"lazy\" decoding=\"async\" src=\"https:\/\/www.vorspeisenplatte.de\/speisen\/archiv\/170212_23_Isarlauf.jpg\" alt=\"\" width=\"518\" height=\"369\" class=\"alignnone size-full wp-image-36486\" \/><\/a><\/p>\n<p>7. Kein Hindernis f\u00fcr echte Grillfans. <\/p>\n<p><a href=\"https:\/\/www.vorspeisenplatte.de\/speisen\/archiv\/170212_30_Badewanne.jpg\"><img loading=\"lazy\" decoding=\"async\" src=\"https:\/\/www.vorspeisenplatte.de\/speisen\/archiv\/170212_30_Badewanne.jpg\" alt=\"\" width=\"346\" height=\"470\" class=\"alignnone size-full wp-image-36488\" \/><\/a><\/p>\n<p>8. Daheim Aufw\u00e4rmen und K\u00f6rperpflege im Vollbad &#8211; der Blick auf verschiedene 12von12-Sammlungen weist darauf hin, dass das gestern eine beliebte Freizeitbesch\u00e4ftigung war.<\/p>\n<p><a href=\"https:\/\/www.vorspeisenplatte.de\/speisen\/archiv\/170212_32_Granola.jpg\"><img loading=\"lazy\" decoding=\"async\" src=\"https:\/\/www.vorspeisenplatte.de\/speisen\/archiv\/170212_32_Granola.jpg\" alt=\"\" width=\"437\" height=\"356\" class=\"alignnone size-full wp-image-36489\" \/><\/a><\/p>\n<p>9. Mit der eigens daf\u00fcr \u00fcber die Woche gereiften Banane <a href=\"https:\/\/www.vorspeisenplatte.de\/rezepte\/banuschoko-granola.htm\" target=\"_blank\">Granola nach Nicky Stich<\/a> gebacken.<\/p>\n<p><a href=\"https:\/\/www.vorspeisenplatte.de\/speisen\/archiv\/170212_34_Sessel.jpg\"><img loading=\"lazy\" decoding=\"async\" src=\"https:\/\/www.vorspeisenplatte.de\/speisen\/archiv\/170212_34_Sessel.jpg\" alt=\"\" width=\"328\" height=\"422\" class=\"alignnone size-full wp-image-36490\" \/><\/a><\/p>\n<p>10. Hillary Mantels <i>Beyond Black<\/i> weitergelesen; so gut es mir auch gef\u00e4llt, nach zwei Wochen wollte ich doch mal durchkommen.<\/p>\n<p><a href=\"https:\/\/www.vorspeisenplatte.de\/speisen\/archiv\/170212_43_Gruene_Jungfer.jpg\"><img loading=\"lazy\" decoding=\"async\" src=\"https:\/\/www.vorspeisenplatte.de\/speisen\/archiv\/170212_43_Gruene_Jungfer.jpg\" alt=\"\" width=\"406\" height=\"314\" class=\"alignnone size-full wp-image-36491\" \/><\/a><\/p>\n<p>11. Das ist ein Krakelee-Glas, wie Herr Kaltmamsell und ich es aus unserer Kindheit kennen &#8211; hatte man in den fr\u00fchen 70ern sehr, sie gingen aber auch sehr leicht kaputt. Bei seinen Eltern hatte er am Samstag ein allerletztes Exemplar abgestaubt, gestern tranken wir daraus den ersten offiziellen Drink meiner Jugend: Gr\u00fcne Jungfer (bei Herrn Kaltmamsell nannte man den Cocktail Gr\u00fcnes Gift), bestehend aus blauem Bols mit Orangensaft. Ich hatte damit auf den Tanzschul-Abschlussb\u00e4llen im Festsaal des Ingolst\u00e4dter Stadttheaters Bekanntschaft gemacht.<\/p>\n<p><a href=\"https:\/\/www.vorspeisenplatte.de\/speisen\/archiv\/170212_45_40_Wagen_westwaerts.jpg\"><img loading=\"lazy\" decoding=\"async\" src=\"https:\/\/www.vorspeisenplatte.de\/speisen\/archiv\/170212_45_40_Wagen_westwaerts.jpg\" alt=\"\" width=\"287\" height=\"465\" class=\"alignnone size-full wp-image-36492\" \/><\/a><\/p>\n<p>12. Herr Kaltmamsell entdeckte, dass Tele5 <i>40 Wagen westw\u00e4rts<\/i> zeigte (BUR LANC\u00c1STER! &#8211; wie meine spanische t\u00eda Luci ihn aussprach). Dazu MUSS man ja praktisch Whisky einschenken. Samma: Der von Hans Clarin gesprochene Off-Text war doch wohl reiner Spa\u00df der Synchron\u00fcbersetzungsmannschaft?<\/p>\n<p>Interessanter wird&#8217;s nicht. Ich werde mir f\u00fcr #12von12 ein Haustier zulegen m\u00fcssen.<\/p>\n<p>\u00a7<\/p>\n<p>Wie so viele Einwanderer sp\u00e4terer Generationen hadert Jem Yoshioka mit ihrem Verh\u00e4ltnis zum Erbe ihrer Vorfahren. Weil sie Comiczeichnerin ist, hat sie das gezeichnet:<br \/>\n<a href=\"http:\/\/jemshed.com\/comic\/home\/\" target=\"_blank\">&#8220;Home &#038; Home&#8221;.<\/a><\/p>\n<p>via <a href=\"https:\/\/twitter.com\/ruhepuls\" target=\"_blank\">@ruhepuls<\/a> <img loading=\"lazy\" decoding=\"async\" src=\"https:\/\/ssl-vg03.met.vgwort.de\/na\/1ecc6080edae48d782d7540ad42cba5b\" width=\"1\" height=\"1\" alt=\"\"\/><\/p>\n","protected":false},"excerpt":{"rendered":"<p>Diesmal erinnerte ich mich erst nach Kaffee daran. Und dann beschloss ich, der urspr\u00fcnglichen Spielanleitung f\u00fcr #12von12 zu folgen: Den Tag \u00fcber Fotos aufnehmen, davon 12 im Blog posten &#8211; ohne instagram-live-Begleitung, denn da instagram die Beitr\u00e4ge nicht mehr als Timeline anzeigt, sondern in geheimer gemischter Reihenfolge, ist das Posten eines Ablaufs sinnlos geworden. 1. [&hellip;]<\/p>\n","protected":false},"author":2,"featured_media":0,"comment_status":"open","ping_status":"closed","sticky":false,"template":"","format":"standard","meta":{"footnotes":""},"categories":[6,2,1],"tags":[],"class_list":["post-36461","post","type-post","status-publish","format-standard","hentry","category-essen","category-fotos","category-general"],"_links":{"self":[{"href":"https:\/\/www.vorspeisenplatte.de\/speisen\/wp-json\/wp\/v2\/posts\/36461","targetHints":{"allow":["GET"]}}],"collection":[{"href":"https:\/\/www.vorspeisenplatte.de\/speisen\/wp-json\/wp\/v2\/posts"}],"about":[{"href":"https:\/\/www.vorspeisenplatte.de\/speisen\/wp-json\/wp\/v2\/types\/post"}],"author":[{"embeddable":true,"href":"https:\/\/www.vorspeisenplatte.de\/speisen\/wp-json\/wp\/v2\/users\/2"}],"replies":[{"embeddable":true,"href":"https:\/\/www.vorspeisenplatte.de\/speisen\/wp-json\/wp\/v2\/comments?post=36461"}],"version-history":[{"count":3,"href":"https:\/\/www.vorspeisenplatte.de\/speisen\/wp-json\/wp\/v2\/posts\/36461\/revisions"}],"predecessor-version":[{"id":36503,"href":"https:\/\/www.vorspeisenplatte.de\/speisen\/wp-json\/wp\/v2\/posts\/36461\/revisions\/36503"}],"wp:attachment":[{"href":"https:\/\/www.vorspeisenplatte.de\/speisen\/wp-json\/wp\/v2\/media?parent=36461"}],"wp:term":[{"taxonomy":"category","embeddable":true,"href":"https:\/\/www.vorspeisenplatte.de\/speisen\/wp-json\/wp\/v2\/categories?post=36461"},{"taxonomy":"post_tag","embeddable":true,"href":"https:\/\/www.vorspeisenplatte.de\/speisen\/wp-json\/wp\/v2\/tags?post=36461"}],"curies":[{"name":"wp","href":"https:\/\/api.w.org\/{rel}","templated":true}]}}