{"id":36536,"date":"2017-02-18T08:45:13","date_gmt":"2017-02-18T07:45:13","guid":{"rendered":"https:\/\/www.vorspeisenplatte.de\/speisen\/?p=36536"},"modified":"2017-02-18T08:45:13","modified_gmt":"2017-02-18T07:45:13","slug":"journal-freitag-17-februar-2017-truebe-wolken","status":"publish","type":"post","link":"https:\/\/www.vorspeisenplatte.de\/speisen\/2017\/02\/journal-freitag-17-februar-2017-truebe-wolken.htm","title":{"rendered":"Journal Freitag, 17. Februar 2017 &#8211; Tr\u00fcbe Wolken"},"content":{"rendered":"<p>Ich war den ganzen Tag \u00fcber traurig. Das kann nicht nur am Regenwetter gelegen haben.<\/p>\n<p>Mittlerweile misstraue ich meinem Gef\u00fchlshaushalt ja derart, dass ihn als Ursache und nicht als Folge im Verdacht habe. Mal hat mein Stoffwechsel vergn\u00fcgte Stimmung zusammengemixt, dann habe ich sch\u00f6ne Ideen, nehme Vergn\u00fcgliches wahr, freue mich an Menschen, bin milde mit ihren und im Extremfall sogar meinen eigenen Unzul\u00e4nglichkeiten, packe fr\u00f6hlich die Erledigung von Aufgaben an, lerne aus allem etwas.<br \/>\nHat derselbe Stoffwechsel allerdings D\u00fcsternis produziert, sehe ich die tief h\u00e4ngenden Wolken, f\u00fchle den kneifenden Hosenbund, nehme jede menschliche Ansprache als Belastung wahr, dann dr\u00fcckt mich jede Erinnerung nieder und jeder, wirklich jeder Gedanke, dann l\u00f6st jede Aufgabe Seufzen aus, wenn nicht sogar Zorn, ist meine schiere, anscheinend nur aus Verkehrtheiten bestehende Existenz eine einzige Zumutung.<\/p>\n<p>\u00a7<\/p>\n<p>Sch\u00f6n fand ich, morgens wieder einen Blogpost fertigmachen und ver\u00f6ffentlichen zu k\u00f6nnen.<br \/>\nAu\u00dferdem gibt es eine neue Generation Pok\u00e9mon zu fangen, die nicht nur interessant aussehen, sondern erst mal (weil neu im Pok\u00e9dex) besonders viele Punkte bringen.<\/p>\n<p>Sch\u00f6n war die Plauderei mit dem Metzger im S\u00fcpermarket. Als ich ihn bat, von den deutlich mehr als bestellten Kutteln etwas wegzuschneiden, &#8220;sonst essen wir wieder drei Tage daran&#8221;, fragte er, ob ich denn Suppe damit mache. Nein, erkl\u00e4rte ich ihm, ich w\u00fcrde sie mit Tomaten und Minze zubereiten, r\u00f6mischer Art. Aha, das habe er ja noch nie geh\u00f6rt.<\/p>\n<p>Und dann \u00fcberraschte mich mit Herr Kaltmamsell mit <a href=\"https:\/\/de.wikipedia.org\/wiki\/Reis-Congee\" target=\"_blank\">Congee<\/a> zum Abendbrot.<\/p>\n<p><a href=\"https:\/\/www.vorspeisenplatte.de\/speisen\/archiv\/170217_01_Congee.jpg\"><img loading=\"lazy\" decoding=\"async\" src=\"https:\/\/www.vorspeisenplatte.de\/speisen\/archiv\/170217_01_Congee.jpg\" alt=\"\" width=\"367\" height=\"398\" class=\"alignnone size-full wp-image-36540\" \/><\/a><\/p>\n<p>\u00a7<\/p>\n<p>Auf der re:publica wird es keine Show der drei Damen aus dem Internet geben: Unser Vorschlag wurde abgelehnt. Schade.<\/p>\n","protected":false},"excerpt":{"rendered":"<p>Ich war den ganzen Tag \u00fcber traurig. Das kann nicht nur am Regenwetter gelegen haben. Mittlerweile misstraue ich meinem Gef\u00fchlshaushalt ja derart, dass ihn als Ursache und nicht als Folge im Verdacht habe. Mal hat mein Stoffwechsel vergn\u00fcgte Stimmung zusammengemixt, dann habe ich sch\u00f6ne Ideen, nehme Vergn\u00fcgliches wahr, freue mich an Menschen, bin milde mit [&hellip;]<\/p>\n","protected":false},"author":2,"featured_media":0,"comment_status":"open","ping_status":"closed","sticky":false,"template":"","format":"standard","meta":{"footnotes":""},"categories":[6,1],"tags":[],"class_list":["post-36536","post","type-post","status-publish","format-standard","hentry","category-essen","category-general"],"_links":{"self":[{"href":"https:\/\/www.vorspeisenplatte.de\/speisen\/wp-json\/wp\/v2\/posts\/36536","targetHints":{"allow":["GET"]}}],"collection":[{"href":"https:\/\/www.vorspeisenplatte.de\/speisen\/wp-json\/wp\/v2\/posts"}],"about":[{"href":"https:\/\/www.vorspeisenplatte.de\/speisen\/wp-json\/wp\/v2\/types\/post"}],"author":[{"embeddable":true,"href":"https:\/\/www.vorspeisenplatte.de\/speisen\/wp-json\/wp\/v2\/users\/2"}],"replies":[{"embeddable":true,"href":"https:\/\/www.vorspeisenplatte.de\/speisen\/wp-json\/wp\/v2\/comments?post=36536"}],"version-history":[{"count":3,"href":"https:\/\/www.vorspeisenplatte.de\/speisen\/wp-json\/wp\/v2\/posts\/36536\/revisions"}],"predecessor-version":[{"id":36542,"href":"https:\/\/www.vorspeisenplatte.de\/speisen\/wp-json\/wp\/v2\/posts\/36536\/revisions\/36542"}],"wp:attachment":[{"href":"https:\/\/www.vorspeisenplatte.de\/speisen\/wp-json\/wp\/v2\/media?parent=36536"}],"wp:term":[{"taxonomy":"category","embeddable":true,"href":"https:\/\/www.vorspeisenplatte.de\/speisen\/wp-json\/wp\/v2\/categories?post=36536"},{"taxonomy":"post_tag","embeddable":true,"href":"https:\/\/www.vorspeisenplatte.de\/speisen\/wp-json\/wp\/v2\/tags?post=36536"}],"curies":[{"name":"wp","href":"https:\/\/api.w.org\/{rel}","templated":true}]}}