{"id":36556,"date":"2017-02-20T06:28:35","date_gmt":"2017-02-20T05:28:35","guid":{"rendered":"https:\/\/www.vorspeisenplatte.de\/speisen\/?p=36556"},"modified":"2017-02-20T06:28:35","modified_gmt":"2017-02-20T05:28:35","slug":"journal-sonntag-19-februar-2017-warten-auf-erste-fruehlingsblumen","status":"publish","type":"post","link":"https:\/\/www.vorspeisenplatte.de\/speisen\/2017\/02\/journal-sonntag-19-februar-2017-warten-auf-erste-fruehlingsblumen.htm","title":{"rendered":"Journal Sonntag, 19. Februar 2017 &#8211; Warten auf erste Fr\u00fchlingsblumen"},"content":{"rendered":"<p>Gem\u00fctlicher Sonntag, begleitet von Sonnenschein.<\/p>\n<p>Morgens Fu\u00dfmarsch zum Ostbahnhof f\u00fcr eine Runde H\u00fcpfen und Heben, in milder Sonne Fu\u00dfmarsch zur\u00fcck. Doch selbst bei noch so aufmerksamer Betrachtung aller Gr\u00fcnfl\u00e4chen immer noch keine Spur von Schneegl\u00f6ckchenWinterlingenKrokussen.<\/p>\n<p><a href=\"https:\/\/www.vorspeisenplatte.de\/speisen\/archiv\/170219_02_Deutsches_Museum.jpg\"><img loading=\"lazy\" decoding=\"async\" src=\"https:\/\/www.vorspeisenplatte.de\/speisen\/archiv\/170219_02_Deutsches_Museum.jpg\" alt=\"\" width=\"561\" height=\"409\" class=\"alignnone size-full wp-image-36560\" \/><\/a><\/p>\n<p>Nachmittags im sonnenbeschienenen Sessel <i>S\u00fcddeutsche Zeitungen<\/i> und <i>SZ-Magazine<\/i> aufgelesen. Ende Januar war Interviewpartner in &#8220;Sagen Sie jetzt nichts&#8221; Felix Neureuther. <a href=\"http:\/\/techniktagebuch.tumblr.com\/post\/134845714807\/1-dezember-2015\" target=\"_blank\">Aus familienhistorischen Gr\u00fcnden<\/a> bei Antwort 1 laut aufgelacht:<br \/>\n<a href=\"http:\/\/sz-magazin.sueddeutsche.de\/texte\/bildergalerie\/45534\/1\/Sagen-Sie-jetzt-nichts-Felix-Neureuther\" target=\"_blank\">&#8220;Haben Sie oft, wie wir fr\u00fcher vor dem Fernseher, Skigymnastik mit Rosi und Christian gemacht?&#8221;.<\/a><\/p>\n<p>Abendessen kochte diesmal ich, es gab <a href=\"https:\/\/www.instagram.com\/p\/BQtGESTAghG\/\" target=\"_blank\">Kutteln auf r\u00f6mische Art<\/a>.<\/p>\n","protected":false},"excerpt":{"rendered":"<p>Gem\u00fctlicher Sonntag, begleitet von Sonnenschein. Morgens Fu\u00dfmarsch zum Ostbahnhof f\u00fcr eine Runde H\u00fcpfen und Heben, in milder Sonne Fu\u00dfmarsch zur\u00fcck. Doch selbst bei noch so aufmerksamer Betrachtung aller Gr\u00fcnfl\u00e4chen immer noch keine Spur von Schneegl\u00f6ckchenWinterlingenKrokussen. Nachmittags im sonnenbeschienenen Sessel S\u00fcddeutsche Zeitungen und SZ-Magazine aufgelesen. Ende Januar war Interviewpartner in &#8220;Sagen Sie jetzt nichts&#8221; Felix Neureuther. [&hellip;]<\/p>\n","protected":false},"author":2,"featured_media":0,"comment_status":"open","ping_status":"closed","sticky":false,"template":"","format":"standard","meta":{"footnotes":""},"categories":[2,1],"tags":[],"class_list":["post-36556","post","type-post","status-publish","format-standard","hentry","category-fotos","category-general"],"_links":{"self":[{"href":"https:\/\/www.vorspeisenplatte.de\/speisen\/wp-json\/wp\/v2\/posts\/36556","targetHints":{"allow":["GET"]}}],"collection":[{"href":"https:\/\/www.vorspeisenplatte.de\/speisen\/wp-json\/wp\/v2\/posts"}],"about":[{"href":"https:\/\/www.vorspeisenplatte.de\/speisen\/wp-json\/wp\/v2\/types\/post"}],"author":[{"embeddable":true,"href":"https:\/\/www.vorspeisenplatte.de\/speisen\/wp-json\/wp\/v2\/users\/2"}],"replies":[{"embeddable":true,"href":"https:\/\/www.vorspeisenplatte.de\/speisen\/wp-json\/wp\/v2\/comments?post=36556"}],"version-history":[{"count":3,"href":"https:\/\/www.vorspeisenplatte.de\/speisen\/wp-json\/wp\/v2\/posts\/36556\/revisions"}],"predecessor-version":[{"id":36561,"href":"https:\/\/www.vorspeisenplatte.de\/speisen\/wp-json\/wp\/v2\/posts\/36556\/revisions\/36561"}],"wp:attachment":[{"href":"https:\/\/www.vorspeisenplatte.de\/speisen\/wp-json\/wp\/v2\/media?parent=36556"}],"wp:term":[{"taxonomy":"category","embeddable":true,"href":"https:\/\/www.vorspeisenplatte.de\/speisen\/wp-json\/wp\/v2\/categories?post=36556"},{"taxonomy":"post_tag","embeddable":true,"href":"https:\/\/www.vorspeisenplatte.de\/speisen\/wp-json\/wp\/v2\/tags?post=36556"}],"curies":[{"name":"wp","href":"https:\/\/api.w.org\/{rel}","templated":true}]}}