{"id":36564,"date":"2017-02-21T09:59:12","date_gmt":"2017-02-21T08:59:12","guid":{"rendered":"https:\/\/www.vorspeisenplatte.de\/speisen\/?p=36564"},"modified":"2017-02-21T09:59:12","modified_gmt":"2017-02-21T08:59:12","slug":"journal-montag-20-februar-2017-sendlinger-tor-platz-wird-so-richtig-baustelle","status":"publish","type":"post","link":"https:\/\/www.vorspeisenplatte.de\/speisen\/2017\/02\/journal-montag-20-februar-2017-sendlinger-tor-platz-wird-so-richtig-baustelle.htm","title":{"rendered":"Journal Montag, 20. Februar 2017 &#8211; Sendlinger-Tor-Platz wird so richtig Baustelle"},"content":{"rendered":"<p>Die abendliche Besorgungsrunde f\u00fchrte mich \u00fcber den Sendlinger-Tor-Platz &#8211; eigentlich. Denn jetzt geht es wirklich los <a href=\"https:\/\/www.mvg.de\/ueber\/mvg-projekte\/u-bahn\/sendlinger-tor-neu.html\" target=\"_blank\">mit dem gro\u00dfen Umbau des U-Bahnhofs samt Tramanschl\u00fcssen<\/a>: Es waren bereits einige Zug\u00e4nge zum Untergescho\u00df gesperrt, gewohnte Ausweichrouten \u00fcber den Platz durch Bauger\u00e4t und Bauz\u00e4une blockiert. Die n\u00e4chsten Jahre wird sich hoffentlich die jahrelange \u00dcbung mit (immer noch bestehenden) Baustellen am und unter dem Hauptbahnhof auszahlen: F\u00fcr jede Querung werde ich wieder neu einen Weg suchen m\u00fcssen. Leid tun mir allerdings die vielen Pendlerinnen und Pendler, die t\u00e4glich am Sendlinger Tor umsteigen und denen mit dem Umbau alles neu und besser versprochen wird. Da m\u00fcss mer halt durch, gell.<br \/>\nDer eigentliche Bau der M\u00fcnchner U-Bahn Ende der 1960er, Anfang 70er <a href=\"https:\/\/www.u-bahn-muenchen.de\/bild\/gross\/baustelle_oktober_1969.jpg\" target=\"_blank\">war sicher schlimmer<\/a>.<\/p>\n<p>\u00a7<\/p>\n<p>Weiter <a href=\"http:\/\/blog.lvz.de\/hinterstuebchen\/\" target=\"_blank\">bei Frau Julie<\/a> (deren Blog ich arg vermisse) zur Berlinale hinterher gelesen: Auch dann ein Lesegenuss, wenn man schon wei\u00df, wie sie ausgegangen ist.<br \/>\n<a href=\"http:\/\/blog.lvz.de\/hinterstuebchen\/berlinale-2017-maenner-heute-ist-ein-guter-tag-zum-sterben\/\" target=\"_blank\">&#8220;Berlinale 2017 \u2013 M\u00e4nner! Heute ist ein guter Tag zum Sterben&#8221;.<\/a><\/p>\n<p>Das hier sieht sowas von komplett meschugge aus, dass ich es sehen m\u00f6chte &#8211; als h\u00e4tte Almod\u00f3var einen vierten Teil <a href=\"https:\/\/en.wikipedia.org\/wiki\/Three_Flavours_Cornetto_trilogy\" target=\"_blank\">der Cornetto-Trilogie<\/a> gemacht.<\/p>\n<p>https:\/\/youtu.be\/oT5i1ikUDQA<\/p>\n","protected":false},"excerpt":{"rendered":"<p>Die abendliche Besorgungsrunde f\u00fchrte mich \u00fcber den Sendlinger-Tor-Platz &#8211; eigentlich. Denn jetzt geht es wirklich los mit dem gro\u00dfen Umbau des U-Bahnhofs samt Tramanschl\u00fcssen: Es waren bereits einige Zug\u00e4nge zum Untergescho\u00df gesperrt, gewohnte Ausweichrouten \u00fcber den Platz durch Bauger\u00e4t und Bauz\u00e4une blockiert. Die n\u00e4chsten Jahre wird sich hoffentlich die jahrelange \u00dcbung mit (immer noch bestehenden) [&hellip;]<\/p>\n","protected":false},"author":2,"featured_media":0,"comment_status":"open","ping_status":"closed","sticky":false,"template":"","format":"standard","meta":{"footnotes":""},"categories":[4,1],"tags":[],"class_list":["post-36564","post","type-post","status-publish","format-standard","hentry","category-filme","category-general"],"_links":{"self":[{"href":"https:\/\/www.vorspeisenplatte.de\/speisen\/wp-json\/wp\/v2\/posts\/36564","targetHints":{"allow":["GET"]}}],"collection":[{"href":"https:\/\/www.vorspeisenplatte.de\/speisen\/wp-json\/wp\/v2\/posts"}],"about":[{"href":"https:\/\/www.vorspeisenplatte.de\/speisen\/wp-json\/wp\/v2\/types\/post"}],"author":[{"embeddable":true,"href":"https:\/\/www.vorspeisenplatte.de\/speisen\/wp-json\/wp\/v2\/users\/2"}],"replies":[{"embeddable":true,"href":"https:\/\/www.vorspeisenplatte.de\/speisen\/wp-json\/wp\/v2\/comments?post=36564"}],"version-history":[{"count":3,"href":"https:\/\/www.vorspeisenplatte.de\/speisen\/wp-json\/wp\/v2\/posts\/36564\/revisions"}],"predecessor-version":[{"id":36576,"href":"https:\/\/www.vorspeisenplatte.de\/speisen\/wp-json\/wp\/v2\/posts\/36564\/revisions\/36576"}],"wp:attachment":[{"href":"https:\/\/www.vorspeisenplatte.de\/speisen\/wp-json\/wp\/v2\/media?parent=36564"}],"wp:term":[{"taxonomy":"category","embeddable":true,"href":"https:\/\/www.vorspeisenplatte.de\/speisen\/wp-json\/wp\/v2\/categories?post=36564"},{"taxonomy":"post_tag","embeddable":true,"href":"https:\/\/www.vorspeisenplatte.de\/speisen\/wp-json\/wp\/v2\/tags?post=36564"}],"curies":[{"name":"wp","href":"https:\/\/api.w.org\/{rel}","templated":true}]}}