{"id":37456,"date":"2017-04-09T09:05:56","date_gmt":"2017-04-09T07:05:56","guid":{"rendered":"https:\/\/www.vorspeisenplatte.de\/speisen\/?p=37456"},"modified":"2017-04-09T09:05:56","modified_gmt":"2017-04-09T07:05:56","slug":"journal-samstag-8-april-2017-der-linke-weg-auf-dem-alten-suedfriedhof","status":"publish","type":"post","link":"https:\/\/www.vorspeisenplatte.de\/speisen\/2017\/04\/journal-samstag-8-april-2017-der-linke-weg-auf-dem-alten-suedfriedhof.htm","title":{"rendered":"Journal Samstag, 8. April 2017 &#8211; Der linke Weg auf dem Alten S\u00fcdfriedhof"},"content":{"rendered":"<p>Nachdem <a href=\"https:\/\/www.vorspeisenplatte.de\/speisen\/2017\/04\/journal-samstag-1-april-2017-fuehrung-durch-den-alten-suedfriedhof-mittlerer-weg.htm\" target=\"_blank\">die F\u00fchrung auf dem Alten S\u00fcdfriedhof vergangenen Samstag<\/a> so spannend und bereichernd gewesen war, hatte ich uns <a href=\"https:\/\/www.florian-scheungraber.de\/\" target=\"_blank\">bei Florian Scheungraber<\/a> gleich zum n\u00e4chsten Teil angemeldet: <a href=\"https:\/\/www.florian-scheungraber.de\/f%C3%BChrungen\/der-weg-mauer-links\/\" target=\"_blank\">F\u00fchrung \u00fcber den Weg an der Mauer links.<\/a> Und ich lernte wieder eine Menge. Selbst in seiner Einf\u00fchrung erw\u00e4hnte Scheungraber andere Details als vergangene Woche, und die bestatteten Pers\u00f6nlichkeiten ergaben einen roten Faden, der uns zu weiteren Aspekten der M\u00fcnchner Stadtgeschichte brachte.<\/p>\n<p><a href=\"https:\/\/www.vorspeisenplatte.de\/speisen\/archiv\/170408_02_Suedfriedhof.jpg\"><img loading=\"lazy\" decoding=\"async\" src=\"https:\/\/www.vorspeisenplatte.de\/speisen\/archiv\/170408_02_Suedfriedhof.jpg\" alt=\"\" width=\"563\" height=\"430\" class=\"alignnone size-full wp-image-37458\" \/><\/a><\/p>\n<p>Ich h\u00f6rte die Geschichte hinter den Viktoria-Seerosen im Botanischen Garten, wie selbst im sp\u00e4ten 18. Jahrhundert jemand zum Titel &#8220;Hofnarr&#8221; kam, dass ein Portr\u00e4t gerade durch Z\u00fcchtigkeit zum Skandal werden konnte, wie sich im 19. Jahrhundert die M\u00fcnchner K\u00fcnstlerschaft zerstritt. Wieder waren im Baugewerbe alle miteinander verwandt und verschw\u00e4gert, und das Oktoberfest sah vor 200 Jahren ganz anders aus (Scheungraber hatte auch dazu Kopien von Zeichnungen und Gem\u00e4lden unterm Arm).<\/p>\n<p>An einer ziemlich verf\u00e4rbten Marmorstatue erkl\u00e4rte uns der Steinmetzmeister Scheungraber, in welchen Schritten eine Restaurierung ablaufen w\u00fcrden: sehr aufw\u00e4ndig, und ich lernte den Fachausdruck &#8220;Verzuckerung&#8221;.<\/p>\n<p>\u00a7<\/p>\n<p>Es war ein herrlicher Fr\u00fchlingstag, die Sonne w\u00e4rmte aufs Angenehmste.<br \/>\nIch holte die Kiste Sommerzeug aus dem Keller: Vielleicht ist es in Ordnung, dass nicht meine gesamte Kleidung in einen Schrank passt, auch bei diesem Wechsel musste ich eine Reihe Wollr\u00f6cke auslagern (Sommerschuhe und vier Paar echte Winterschuhe wechseln einander eh ab).<br \/>\nW\u00e4sche waschen, ein paar Stunden b\u00fcgeln &#8211; f\u00fchlt sich schon ein wenig nach Sisyphos an.<\/p>\n","protected":false},"excerpt":{"rendered":"<p>Nachdem die F\u00fchrung auf dem Alten S\u00fcdfriedhof vergangenen Samstag so spannend und bereichernd gewesen war, hatte ich uns bei Florian Scheungraber gleich zum n\u00e4chsten Teil angemeldet: F\u00fchrung \u00fcber den Weg an der Mauer links. Und ich lernte wieder eine Menge. Selbst in seiner Einf\u00fchrung erw\u00e4hnte Scheungraber andere Details als vergangene Woche, und die bestatteten Pers\u00f6nlichkeiten [&hellip;]<\/p>\n","protected":false},"author":2,"featured_media":0,"comment_status":"open","ping_status":"closed","sticky":false,"template":"","format":"standard","meta":{"footnotes":""},"categories":[2,1],"tags":[],"class_list":["post-37456","post","type-post","status-publish","format-standard","hentry","category-fotos","category-general"],"_links":{"self":[{"href":"https:\/\/www.vorspeisenplatte.de\/speisen\/wp-json\/wp\/v2\/posts\/37456","targetHints":{"allow":["GET"]}}],"collection":[{"href":"https:\/\/www.vorspeisenplatte.de\/speisen\/wp-json\/wp\/v2\/posts"}],"about":[{"href":"https:\/\/www.vorspeisenplatte.de\/speisen\/wp-json\/wp\/v2\/types\/post"}],"author":[{"embeddable":true,"href":"https:\/\/www.vorspeisenplatte.de\/speisen\/wp-json\/wp\/v2\/users\/2"}],"replies":[{"embeddable":true,"href":"https:\/\/www.vorspeisenplatte.de\/speisen\/wp-json\/wp\/v2\/comments?post=37456"}],"version-history":[{"count":3,"href":"https:\/\/www.vorspeisenplatte.de\/speisen\/wp-json\/wp\/v2\/posts\/37456\/revisions"}],"predecessor-version":[{"id":37464,"href":"https:\/\/www.vorspeisenplatte.de\/speisen\/wp-json\/wp\/v2\/posts\/37456\/revisions\/37464"}],"wp:attachment":[{"href":"https:\/\/www.vorspeisenplatte.de\/speisen\/wp-json\/wp\/v2\/media?parent=37456"}],"wp:term":[{"taxonomy":"category","embeddable":true,"href":"https:\/\/www.vorspeisenplatte.de\/speisen\/wp-json\/wp\/v2\/categories?post=37456"},{"taxonomy":"post_tag","embeddable":true,"href":"https:\/\/www.vorspeisenplatte.de\/speisen\/wp-json\/wp\/v2\/tags?post=37456"}],"curies":[{"name":"wp","href":"https:\/\/api.w.org\/{rel}","templated":true}]}}