{"id":38723,"date":"2017-06-29T06:58:08","date_gmt":"2017-06-29T04:58:08","guid":{"rendered":"https:\/\/www.vorspeisenplatte.de\/speisen\/?p=38723"},"modified":"2017-06-29T06:58:08","modified_gmt":"2017-06-29T04:58:08","slug":"journal-mittwoch-28-juni-2017-laufen-nach-der-arbeit","status":"publish","type":"post","link":"https:\/\/www.vorspeisenplatte.de\/speisen\/2017\/06\/journal-mittwoch-28-juni-2017-laufen-nach-der-arbeit.htm","title":{"rendered":"Journal Mittwoch, 28. Juni 2017 &#8211; Laufen nach der Arbeit"},"content":{"rendered":"<p>Besonderheit des gestrigen, sonst ereignislosen Tags: Ich ging nach der Arbeit Laufen. Es war Abk\u00fchlung angek\u00fcndigt, sogar Aufziehen einer Regenfront, das klang nach gutem Laufwetter &#8211; und es ist noch lang genug hell.<\/p>\n<p>Ich verlie\u00df das B\u00fcro also fr\u00fcher als sonst, radelte heim, zog mich um und radelte zur Wittelsbacherbr\u00fccke. Auf der Isar war das eine oder andere Schlauchboot \/ aufblasbare Schwimmtier in \u00e4hnlicher Gr\u00f6\u00dfe \/ Kanu unterwegs. Die Temperaturen f\u00fchlten sich angenehm an, auf halber Strecke bekam ich den einen oder anderen Tropfen Regen ab. Insgesamt stellte sich der Lauf als ausgezeichnete Idee heraus, auch wenn ich nicht so viel Energie hatte wie morgens.<\/p>\n<p><a href=\"https:\/\/www.vorspeisenplatte.de\/speisen\/archiv\/170628_01_Isarlauf.jpg\"><img loading=\"lazy\" decoding=\"async\" src=\"https:\/\/www.vorspeisenplatte.de\/speisen\/archiv\/170628_01_Isarlauf.jpg\" alt=\"\" width=\"308\" height=\"502\" class=\"alignnone size-full wp-image-38731\" \/><\/a><\/p>\n<p><a href=\"https:\/\/www.vorspeisenplatte.de\/speisen\/archiv\/170628_03_Isarlauf.jpg\"><img loading=\"lazy\" decoding=\"async\" src=\"https:\/\/www.vorspeisenplatte.de\/speisen\/archiv\/170628_03_Isarlauf.jpg\" alt=\"\" width=\"569\" height=\"441\" class=\"alignnone size-full wp-image-38732\" \/><\/a><\/p>\n<p><a href=\"https:\/\/www.vorspeisenplatte.de\/speisen\/archiv\/170628_07_Isarlauf.jpg\"><img loading=\"lazy\" decoding=\"async\" src=\"https:\/\/www.vorspeisenplatte.de\/speisen\/archiv\/170628_07_Isarlauf.jpg\" alt=\"\" width=\"556\" height=\"415\" class=\"alignnone size-full wp-image-38733\" \/><\/a><\/p>\n<p><a href=\"https:\/\/www.vorspeisenplatte.de\/speisen\/archiv\/170628_10_Isarlauf.jpg\"><img loading=\"lazy\" decoding=\"async\" src=\"https:\/\/www.vorspeisenplatte.de\/speisen\/archiv\/170628_10_Isarlauf.jpg\" alt=\"\" width=\"463\" height=\"496\" class=\"alignnone size-full wp-image-38734\" \/><\/a><\/p>\n<p>Herr Kaltmamsell, der weiterhin versichert, gerne auch unter der Woche f\u00fcr uns zu kochen, hatte vor Tagen meine Essensw\u00fcnsche abgefragt (freie Entscheidung, da der Ernteanteil bereits vollst\u00e4ndig vertilgt war) und servierte aufw\u00e4ndiges Butter Chicken &#8211; sogar mit frisch gebackenen Chapati, weil ich Reis als Beilage langweilig finde.<\/p>\n<p><a href=\"https:\/\/www.vorspeisenplatte.de\/speisen\/archiv\/170628_15_Buttered_Chicken.jpg\"><img loading=\"lazy\" decoding=\"async\" src=\"https:\/\/www.vorspeisenplatte.de\/speisen\/archiv\/170628_15_Buttered_Chicken.jpg\" alt=\"\" width=\"379\" height=\"470\" class=\"alignnone size-full wp-image-38736\" \/><\/a><\/p>\n<p>Ausgesprochen k\u00f6stlich, ich f\u00fchlte mich sehr verw\u00f6hnt.<\/p>\n<p>\u00a7<\/p>\n<p>Zu meiner gro\u00dfen Freund sieht es danach aus, als sei ein brach liegendes Blog der ersten Stunde wiedererwacht:<br \/>\n<a href=\"http:\/\/helgabirnstiel.blogs.com\/notebook_muenchen\/\" target=\"_blank\">Notebook M\u00fcnchen<\/a><\/p>\n<p>\u00a7<\/p>\n<p>Die Ehe f\u00fcr alle scheint in Deutschland nach jahrzehntelangem unw\u00fcrdigen Gezerre dann doch noch in dieser Legislaturperiode wahr zu werden &#8211; weil Kanzlerin Merkel ausgerechnet in einem Podiumsinterview einer Frauenzeitschrift anders klang als bisher. Viel weist darauf hin, dass sie von Wahltaktik motiviert war.<\/p>\n<p>Ich dachte ja: Whatever works. Aber auch hier lohnt es, Betroffene zu Wort kommen zu lassen (wie ich seinerzeit das Referendum in Irland zur Ehe f\u00fcr alle klasse fand, bis mich eine Betroffene darauf hinwies, wie erniedrigend es f\u00fcr sie sei, wenn die Norm-Mehrheit \u00fcber ihre Rechte befinden d\u00fcrfe). Deshalb sind die Ausf\u00fchrungen von Frank Stauss lesenswert:<br \/>\n<a href=\"http:\/\/frank-stauss.de\/index.php\/verdruckst-verlogen-und-verzockt\/\" target=\"_blank\">&#8220;Verdruckst, verlogen und verzockt.&#8221;<\/a><\/p>\n<blockquote><p>Es geht und es ging immer um Menschen. Um Eltern, um M\u00fctter, um V\u00e4ter. Um die t\u00e4glichen kleinen und gro\u00dfen Dem\u00fctigungen \u2013 die zwar abgenommen haben aber immer noch an jeder Ecke auf uns lauern. Staatlich legitimiert und die l\u00e4ngste Zeit nicht nur mit dem Segen der Kanzlerin, sondern wegen ihrer harten, klaren und berechnenden Ablehnung jeder Reformen.<\/p><\/blockquote>\n","protected":false},"excerpt":{"rendered":"<p>Besonderheit des gestrigen, sonst ereignislosen Tags: Ich ging nach der Arbeit Laufen. Es war Abk\u00fchlung angek\u00fcndigt, sogar Aufziehen einer Regenfront, das klang nach gutem Laufwetter &#8211; und es ist noch lang genug hell. Ich verlie\u00df das B\u00fcro also fr\u00fcher als sonst, radelte heim, zog mich um und radelte zur Wittelsbacherbr\u00fccke. Auf der Isar war das [&hellip;]<\/p>\n","protected":false},"author":2,"featured_media":0,"comment_status":"open","ping_status":"closed","sticky":false,"template":"","format":"standard","meta":{"footnotes":""},"categories":[6,2,1],"tags":[],"class_list":["post-38723","post","type-post","status-publish","format-standard","hentry","category-essen","category-fotos","category-general"],"_links":{"self":[{"href":"https:\/\/www.vorspeisenplatte.de\/speisen\/wp-json\/wp\/v2\/posts\/38723","targetHints":{"allow":["GET"]}}],"collection":[{"href":"https:\/\/www.vorspeisenplatte.de\/speisen\/wp-json\/wp\/v2\/posts"}],"about":[{"href":"https:\/\/www.vorspeisenplatte.de\/speisen\/wp-json\/wp\/v2\/types\/post"}],"author":[{"embeddable":true,"href":"https:\/\/www.vorspeisenplatte.de\/speisen\/wp-json\/wp\/v2\/users\/2"}],"replies":[{"embeddable":true,"href":"https:\/\/www.vorspeisenplatte.de\/speisen\/wp-json\/wp\/v2\/comments?post=38723"}],"version-history":[{"count":3,"href":"https:\/\/www.vorspeisenplatte.de\/speisen\/wp-json\/wp\/v2\/posts\/38723\/revisions"}],"predecessor-version":[{"id":38743,"href":"https:\/\/www.vorspeisenplatte.de\/speisen\/wp-json\/wp\/v2\/posts\/38723\/revisions\/38743"}],"wp:attachment":[{"href":"https:\/\/www.vorspeisenplatte.de\/speisen\/wp-json\/wp\/v2\/media?parent=38723"}],"wp:term":[{"taxonomy":"category","embeddable":true,"href":"https:\/\/www.vorspeisenplatte.de\/speisen\/wp-json\/wp\/v2\/categories?post=38723"},{"taxonomy":"post_tag","embeddable":true,"href":"https:\/\/www.vorspeisenplatte.de\/speisen\/wp-json\/wp\/v2\/tags?post=38723"}],"curies":[{"name":"wp","href":"https:\/\/api.w.org\/{rel}","templated":true}]}}