{"id":39158,"date":"2017-07-22T08:44:52","date_gmt":"2017-07-22T06:44:52","guid":{"rendered":"https:\/\/www.vorspeisenplatte.de\/speisen\/?p=39158"},"modified":"2017-07-22T08:44:52","modified_gmt":"2017-07-22T06:44:52","slug":"journal-donnerstagfreitag-20-21-juli-2017-gruenspecht-und-einkaufswidrigkeiten","status":"publish","type":"post","link":"https:\/\/www.vorspeisenplatte.de\/speisen\/2017\/07\/journal-donnerstagfreitag-20-21-juli-2017-gruenspecht-und-einkaufswidrigkeiten.htm","title":{"rendered":"Journal Donnerstag\/Freitag, 20.\/21. Juli 2017 &#8211; Gr\u00fcnspecht und Einkaufswidrigkeiten"},"content":{"rendered":"<p>Donnerstag auf dem Heimweg feuchtgeregnet worden, nach dem warmen Tag gar nicht unangenehm.<\/p>\n<p><a href=\"https:\/\/www.vorspeisenplatte.de\/speisen\/archiv\/170720_03_Theresienwiese.jpg\"><img loading=\"lazy\" decoding=\"async\" class=\"alignnone size-full wp-image-39170\" src=\"https:\/\/www.vorspeisenplatte.de\/speisen\/archiv\/170720_03_Theresienwiese.jpg\" alt=\"\" width=\"561\" height=\"403\" \/><\/a><\/p>\n<p>Vor dem Zu-Bett-Gehen wieder lange Flederm\u00e4use geguckt.<\/p>\n<p>Der S\u00e4nger der Band Linkin Park ist tot und gro\u00dfe Teile meines Internets trauern. Ich musste erst mal nachh\u00f6ren, welche Musik diese Kapelle gemacht hat (aha, sowas h\u00f6rte mein j\u00fcngerer Bruder viel), fand aber vor allem interessant, dass wieder Menschen vor allem deshalb bewegt waren, weil sie diese Band mit ihrer Jugend\/ihrer Generation verbanden (wie andere wohl die Band Nirvana). Ich \u00fcberlegte, welche Musik f\u00fcr mich als Heranwachsende emotional am wichtigsten war (einer Musikh\u00f6r-&#8220;Generation&#8221; anzugeh\u00f6ren, habe ich nie geschafft). Mir fiel Beethoven ein, vielleicht noch Bach-Motetten. Doch bevor ich das geradezu Raddatz-schn\u00f6slig cool finden konnte, wurde mir klar, dass Musik f\u00fcr mein Heranwachsen wohl einfach keine Rolle spielte.<\/p>\n<p>\u00a7<\/p>\n<p>Freitag im Morgengrauen entdeckte ich mit Herrn Kaltmamsell einen Specht in der Kastanie vorm Balkon, der ungewohnt aussah. Wir verfolgten ihn so lange mit Fernglas und Teleobjektiv \u00fcber Wiese und B\u00fcsche, bis feststand: Ein Gr\u00fcnspecht!<\/p>\n<p><a href=\"https:\/\/www.vorspeisenplatte.de\/speisen\/archiv\/170721_01_Nussbaumstr.jpg\"><img loading=\"lazy\" decoding=\"async\" class=\"alignnone size-full wp-image-39168\" src=\"https:\/\/www.vorspeisenplatte.de\/speisen\/archiv\/170721_01_Nussbaumstr.jpg\" alt=\"\" width=\"423\" height=\"564\" \/><\/a><\/p>\n<p>(Fehlt unter den Stylingtipps der Frauengazetten: Morgensonne streckt.)<\/p>\n<p>Der Tag wurde schw\u00fclhei\u00df. Nach der Arbeit nahm ich eine S-Bahn zum Marienplatz f\u00fcr Eink\u00e4ufe und tropfte. Die Eink\u00e4ufe vermochten meine Grundlaune nicht zu heben:<br \/>\n&#8211; Die Bankfiliale, an der ich Geld abheben wollte, existiert nicht mehr.<br \/>\n&#8211; Der M\u00fcller hatte nicht alle Mehle, die ich wollte.<br \/>\n&#8211; An der Supermarktkasse standen die Kunden bis in die Mitte des Ladens, so dass ich noch in der T\u00fcr umgekehrte.<br \/>\n&#8211; F\u00fcr die Wachauer Marillen verlangte man am Viktualienmarkt 14 (VIERZEHN) Euro das Kilo (und f\u00fcr franz\u00f6sische Aprikosen acht), so dass ich doch lieber zum Obststandl am Rindermarkt ging, wo ich ein Kilo sch\u00f6ne franz\u00f6sische Aprikosen f\u00fcr f\u00fcnf Euro bekam.<\/p>\n<p>Daheim sch\u00e4lte ich Mandeln f\u00fcr das samst\u00e4gliche Backen von <a href=\"https:\/\/www.vorspeisenplatte.de\/rezepte\/aprikosentarte-mit-mandelcreme.htm\" target=\"_blank\" rel=\"noopener\">Aprikosentarte<\/a> und schnitt das Sommergem\u00fcse des Ernteanteils f\u00fcr Ofengem\u00fcse zum Nachtmahl (nur eine Paprikaschote und frischen Basilikum mussten wir zukaufen).<\/p>\n<p><a href=\"https:\/\/www.vorspeisenplatte.de\/speisen\/archiv\/170721_03_Nachtmahl.jpg\"><img loading=\"lazy\" decoding=\"async\" class=\"alignnone size-full wp-image-39173\" src=\"https:\/\/www.vorspeisenplatte.de\/speisen\/archiv\/170721_03_Nachtmahl.jpg\" alt=\"\" width=\"423\" height=\"564\" \/><\/a><\/p>\n<p>Das gab es zu einem k\u00f6stlichen Entrec\u00f4te, um das ich gebeten hatte, da ich Freitagabend irgendwie immer mehr mit edlem Rindfleisch aus der Pfanne verbinde. Herr Kaltmamsell hatte es besonders energisch scharf angebraten, nahezu die gesamte Wohnung war rauchvernebelt. Doch das Ergebnis schmeckte sensationell.<\/p>\n<p>\u00a7<\/p>\n<p>Ich bin alt. Das merke ich unter anderem an meiner steigenden Irritation \u00fcber komplett zerrissene Jeans als Neuware &#8211; gestern kam mir eine Frau entgegen, deren Hose wirklich in Fetzen an ihr hing. Aber gut, jede wie sie mag (tats\u00e4chlich war ich aber schon in den 80ern \u00fcber die damalige Mode zerrissener Jeans irritiert &#8211; bin mir allerdings recht sicher, dass sie nicht so verkauft wurden, sondern Teenager die Risse noch m\u00fchevoll und im Schwei\u00dfe eigener H\u00e4nde selbst reinrei\u00dfen mussten &#8211; mir ham ja nix g&#8217;habt!). Echte Verkaufschancen sehe ich hierf\u00fcr:<br \/>\n<a href=\"http:\/\/www.der-postillon.com\/2017\/07\/iphone-used.html\" target=\"_blank\" rel=\"noopener\">&#8220;Used Look: Apple plant iPhone mit Kratzern und Displayrissen&#8221;.<\/a><\/p>\n<p>\u00a7<\/p>\n<p>Wie verlief der B\u00fcroalltag eigentlich vor EDV? Ich selbst habe das nicht mehr mitbekommen, denn mein Arbeitsleben begann 1986 in der Redaktion einer Tageszeitung bereits am Computer. Auch wenn noch einige riesige Schreibmaschinen herumstanden, die f\u00fcr das Tippen von Bildtexten und das Ausf\u00fcllen von Formularen ben\u00f6tigt wurden.<br \/>\n<a href=\"http:\/\/techniktagebuch.tumblr.com\/post\/162979926207\/16-september-2015\" target=\"_blank\" rel=\"noopener\">&#8220;Das analoge B\u00fcro&#8221;.<\/a><\/p>\n<p>Welche zentrale Rolle Sekret\u00e4rinnen damals hatten, war auch mir nicht bewusst. Nun frage ich mich, woher bitte das Klischee der unterbesch\u00e4ftigten, N\u00e4gel feilenden Dame im Vorzimmer kommt, mit dem bis heute Sekret\u00e4rinnenwitze gerissen werden.<\/p>\n<p>\u00a7<\/p>\n<p>Stefan Mesch schreibt \u00fcber seine Studienzeit in Hildesheim:<br \/>\n<a href=\"https:\/\/www.merkur-zeitschrift.de\/2017\/07\/14\/austeilen-abgrenzen-angstmachen-einstecken-fuenf-jahre-als-schreibschueler\/\" target=\"_blank\" rel=\"noopener\">&#8220;Austeilen, Abgrenzen, Angstmachen, Einstecken. F\u00fcnf Jahre als Schreibsch\u00fcler&#8221;.<\/a><\/p>\n<p>Ich fand das hochinteressant, weil ein Einblick in eine mir v\u00f6llig fremde Welt. Selbst die Au\u00dfenseiterrolle Meschs, weil er nicht aus einer Bildungsschicht stammt, ist mir fremd: In meinem Geisteswissenschaft-Studium mischten sich die unterschiedlichen Herk\u00fcnfte st\u00e4rker.<\/p>\n<p>In Stefan Meschs Blog gibt es eine Langversion der Erinnerungen (mit mehr Namen, u.a. seiner Dozenten und Dozentinnen):<br \/>\n<a href=\"https:\/\/stefanmesch.wordpress.com\/2017\/07\/14\/sexismus-im-studium-sexismus-an-schreibschulen-kreatives-schreiben-kulturjournalismus-hildesheim\/\" target=\"_blank\" rel=\"noopener\">&#8220;Sexismus im Studium, Sexismus an Schreibschulen: Kreatives Schreiben &amp; Kulturjournalismus, Hildesheim&#8221;.<\/a> <img loading=\"lazy\" decoding=\"async\" src=\"https:\/\/ssl-vg03.met.vgwort.de\/na\/100d6487cde048bcbac3627a943fc0d8\" width=\"1\" height=\"1\" alt=\"\"\/><\/p>\n","protected":false},"excerpt":{"rendered":"<p>Donnerstag auf dem Heimweg feuchtgeregnet worden, nach dem warmen Tag gar nicht unangenehm. Vor dem Zu-Bett-Gehen wieder lange Flederm\u00e4use geguckt. Der S\u00e4nger der Band Linkin Park ist tot und gro\u00dfe Teile meines Internets trauern. Ich musste erst mal nachh\u00f6ren, welche Musik diese Kapelle gemacht hat (aha, sowas h\u00f6rte mein j\u00fcngerer Bruder viel), fand aber vor [&hellip;]<\/p>\n","protected":false},"author":2,"featured_media":0,"comment_status":"open","ping_status":"closed","sticky":false,"template":"","format":"standard","meta":{"footnotes":""},"categories":[6,2,1],"tags":[],"class_list":["post-39158","post","type-post","status-publish","format-standard","hentry","category-essen","category-fotos","category-general"],"_links":{"self":[{"href":"https:\/\/www.vorspeisenplatte.de\/speisen\/wp-json\/wp\/v2\/posts\/39158","targetHints":{"allow":["GET"]}}],"collection":[{"href":"https:\/\/www.vorspeisenplatte.de\/speisen\/wp-json\/wp\/v2\/posts"}],"about":[{"href":"https:\/\/www.vorspeisenplatte.de\/speisen\/wp-json\/wp\/v2\/types\/post"}],"author":[{"embeddable":true,"href":"https:\/\/www.vorspeisenplatte.de\/speisen\/wp-json\/wp\/v2\/users\/2"}],"replies":[{"embeddable":true,"href":"https:\/\/www.vorspeisenplatte.de\/speisen\/wp-json\/wp\/v2\/comments?post=39158"}],"version-history":[{"count":3,"href":"https:\/\/www.vorspeisenplatte.de\/speisen\/wp-json\/wp\/v2\/posts\/39158\/revisions"}],"predecessor-version":[{"id":39180,"href":"https:\/\/www.vorspeisenplatte.de\/speisen\/wp-json\/wp\/v2\/posts\/39158\/revisions\/39180"}],"wp:attachment":[{"href":"https:\/\/www.vorspeisenplatte.de\/speisen\/wp-json\/wp\/v2\/media?parent=39158"}],"wp:term":[{"taxonomy":"category","embeddable":true,"href":"https:\/\/www.vorspeisenplatte.de\/speisen\/wp-json\/wp\/v2\/categories?post=39158"},{"taxonomy":"post_tag","embeddable":true,"href":"https:\/\/www.vorspeisenplatte.de\/speisen\/wp-json\/wp\/v2\/tags?post=39158"}],"curies":[{"name":"wp","href":"https:\/\/api.w.org\/{rel}","templated":true}]}}