{"id":39181,"date":"2017-07-23T08:41:54","date_gmt":"2017-07-23T06:41:54","guid":{"rendered":"https:\/\/www.vorspeisenplatte.de\/speisen\/?p=39181"},"modified":"2017-07-23T08:41:54","modified_gmt":"2017-07-23T06:41:54","slug":"journal-samstag-22-juli-2017-beifang-aus-dem-internetz","status":"publish","type":"post","link":"https:\/\/www.vorspeisenplatte.de\/speisen\/2017\/07\/journal-samstag-22-juli-2017-beifang-aus-dem-internetz.htm","title":{"rendered":"Journal Samstag, 22. Juli 2017 &#8211; Beifang aus dem Internetz"},"content":{"rendered":"<p>Ausgeschlafen (bis kurz vor sieben).<br \/>\nDurcheinander Morgenkaffee getrunken, gebloggt, <a href=\"https:\/\/www.vorspeisenplatte.de\/rezepte\/aprikosentarte-mit-mandelcreme.htm\" target=\"_blank\">Aprikosentarte<\/a> gebacken, bis alles davon abgeschlossen war.<\/p>\n<p>Unter bedecktem Himmel und in angenehm frischer Luft ins Schyrenbad zum Schwimmen spaziert. Noch schrillten \u00fcber mir die Mauersegler; jetzt k\u00f6nnten sie jeden Tag weg sein. Mein Timing erwies sich als perfekt: Das Schwimmbad und die Bahnen waren sehr d\u00fcnn besetzt, erst auf meinen letzten 500 Metern kam langsam die Sonne heraus, und w\u00e4hrend ich mich duschte, cremte, anzog, wurde es richtig sommerlich. Als ich gegen eins vor die Tore des Freibads trat, kamen die Familien bereits scharenweise.<\/p>\n<p><a href=\"https:\/\/www.vorspeisenplatte.de\/speisen\/archiv\/170722_03_Schyrenstr.jpg\"><img loading=\"lazy\" decoding=\"async\" src=\"https:\/\/www.vorspeisenplatte.de\/speisen\/archiv\/170722_03_Schyrenstr.jpg\" alt=\"\" width=\"423\" height=\"536\" class=\"alignnone size-full wp-image-39193\" \/><\/a><\/p>\n<p><a href=\"https:\/\/www.vorspeisenplatte.de\/speisen\/archiv\/170722_06_Wittelsbacherbruecke.jpg\"><img loading=\"lazy\" decoding=\"async\" src=\"https:\/\/www.vorspeisenplatte.de\/speisen\/archiv\/170722_06_Wittelsbacherbruecke.jpg\" alt=\"\" width=\"474\" height=\"576\" class=\"alignnone size-full wp-image-39194\" \/><\/a><\/p>\n<p>Einkaufsrunde, in der Sonne war es bereits unangenehm hei\u00df.<\/p>\n<p>Fr\u00fchst\u00fcck, die Tarte schmeckte hervorragend.<\/p>\n<p>Den Nachmittag mit H\u00e4uslichkeiten verbracht: Geb\u00fcgelt, Vorteige f\u00fcrs Brotbacken am Sonntagmorgen angesetzt. Auf dem Balkon Zeitung gelesen.<\/p>\n<p>\u00a7<\/p>\n<p><a href=\"https:\/\/www.outsideonline.com\/2198961\/dealing-fragile-male-ego-adventurous-woman\" target=\"_blank\">&#8220;How to Deal with the Fragile Male Ego as an Adventurous Woman&#8221;.<\/a><\/p>\n<p>(Zweite Frage im Text.)<\/p>\n<p>Meine gute Nachricht: Es gibt sie sehr wohl da drau\u00dfen &#8211; M\u00e4nner, die leuchtende Augen bekommen, wenn du als Frau in einer stereotyp hetero-m\u00e4nnlichen Fertigkeit besser bist als sie. Aber du musst einen Blick f\u00fcr sie entwickeln, sie sind eher nicht so die auffallenden Typen (Zufall?).<\/p>\n<p>\u00a7<\/p>\n<p>Wenn die kurze Geschichte der deutschen Piratenpartei eine positive Folge hatte, dann in der Person von Julia Reda, Piraten-Abgeordnete im Europ\u00e4ischen Parlament. Eben hat sie daf\u00fcr gesorgt, dass eine Gesetzesinitiative abgelehnt wurde, die das Teilen von Selfies an \u00f6ffentlichen Pl\u00e4tzen \u00fcber die gro\u00dfen Online-Plattformen rechtlich riskant gemacht h\u00e4tte.<br \/>\n<a href=\"http:\/\/www.wired.co.uk\/article\/public-selfies-saved-by-a-german-pirate\" target=\"_blank\">&#8220;A German pirate just saved our right to take public selfies&#8221;.<\/a><\/p>\n<blockquote><p>That such a proposal got this far, seems incredible. Reda tells WIRED.co.uk that the likely reason for the Legal Affairs Committee passing the proposal, leading to the vote, will not be that it was &#8220;carefully evaluated&#8221; and agreed upon. Instead: &#8220;[MEPs] simply extended to this amendment the same attitude and convictions they apply to all copyright reform issues&#8221; &#8212; that more copyright protection, will always be a good thing.<\/p><\/blockquote>\n<p>\u00a7<\/p>\n<p>Hier was zum Anh\u00f6ren: Eine NDR-Sendung \u00fcber die Schwierigkeiten deutscher Staatsb\u00fcrger, die lange in Gro\u00dfbritannien gelebt haben und nach dem Brexit vermehrt nach Deutschland zur\u00fcckkehren.<br \/>\n<a href=\"http:\/\/www.ndr.de\/info\/sendungen\/das_forum\/Rueckkehrer-aus-Grossbritannien,sendung655144.html\" target=\"_blank\">&#8220;R\u00fcckkehrer aus Gro\u00dfbritannien<br \/>\nEntt\u00e4uschung im Beh\u00f6rdendschungel&#8221;.<\/a><\/p>\n<p>Ausf\u00fchrlich darin zu h\u00f6ren: <a href=\"http:\/\/www.konstantinbinder.co.uk\/\" target=\"_blank\">Konstantin Binder<\/a>, Ex-<a href=\"http:\/\/www.londonleben.co.uk\/\" target=\"_blank\">Londonleben<\/a>.<\/p>\n<p>\u00a7<\/p>\n<p>Mehr H\u00f6rinhalt: In seinem Podcast <i>Durch die Gegend<\/i> spaziert Christian M\u00f6ller mit interessanten Menschen plaudernd, na ja, durch die Gegend. Zum Beispiel mit der verehrten Carolin Emcke.<br \/>\n<a href=\"http:\/\/viertausendhertz.de\/ddg20\/\" target=\"_blank\">&#8220;Ich war ein Heimwehkind&#8221;.<\/a><\/p>\n<p>Ich h\u00f6rte dem sehr gut vorbereiteten Interviewer und Frau Emcke gerne zu, genoss auch das Kreuzberger Spatzengezwitscher im Hintergrund.<\/p>\n<p>\u00a7<\/p>\n<p>Abends endlich die aktuelle Doku von Mario Sixtus f\u00fcrs ZDF angeguckt:<br \/>\n<a href=\"https:\/\/www.zdf.de\/dokumentation\/zdfinfo-doku\/im-netz-der-luegen-falschmeldungen-im-internet-104.html\" target=\"_blank\">&#8220;Im Netz der L\u00fcgen &#8211; Falschmeldungen im Internet&#8221;.<\/a><\/p>\n<p>Gibt es Filterblasen wirklich? Wie funktionieren sie? Wie entkommt man ihnen?<\/p>\n<blockquote><p>Sixtus spricht mit dem Autoren und Psychologen Sebastian Bartoschek \u00fcber die Mechanismen von Falschmeldungen und Hetze im Netz; mit Juliane Leopold, der Gr\u00fcnderin von BuzzFeed Deutschland, \u00fcber die Verantwortung der sozialen Medien in dieser neuen \u00c4ra der Informations\u00f6konomie. Au\u00dferdem l\u00e4sst er sich von Journalistik-Forscher Gerret von Nordheim am konkreten Beispiel erkl\u00e4ren, was es hei\u00dft, in einer Filterblase gefangen zu sein.<\/p><\/blockquote>\n<p>Dicke Empfehlung. <img loading=\"lazy\" decoding=\"async\" src=\"https:\/\/ssl-vg03.met.vgwort.de\/na\/b4087152b3b7478585630502ce54cec6\" width=\"1\" height=\"1\" alt=\"\"\/><\/p>\n","protected":false},"excerpt":{"rendered":"<p>Ausgeschlafen (bis kurz vor sieben). Durcheinander Morgenkaffee getrunken, gebloggt, Aprikosentarte gebacken, bis alles davon abgeschlossen war. Unter bedecktem Himmel und in angenehm frischer Luft ins Schyrenbad zum Schwimmen spaziert. Noch schrillten \u00fcber mir die Mauersegler; jetzt k\u00f6nnten sie jeden Tag weg sein. Mein Timing erwies sich als perfekt: Das Schwimmbad und die Bahnen waren sehr [&hellip;]<\/p>\n","protected":false},"author":2,"featured_media":0,"comment_status":"open","ping_status":"closed","sticky":false,"template":"","format":"standard","meta":{"footnotes":""},"categories":[2,1],"tags":[],"class_list":["post-39181","post","type-post","status-publish","format-standard","hentry","category-fotos","category-general"],"_links":{"self":[{"href":"https:\/\/www.vorspeisenplatte.de\/speisen\/wp-json\/wp\/v2\/posts\/39181","targetHints":{"allow":["GET"]}}],"collection":[{"href":"https:\/\/www.vorspeisenplatte.de\/speisen\/wp-json\/wp\/v2\/posts"}],"about":[{"href":"https:\/\/www.vorspeisenplatte.de\/speisen\/wp-json\/wp\/v2\/types\/post"}],"author":[{"embeddable":true,"href":"https:\/\/www.vorspeisenplatte.de\/speisen\/wp-json\/wp\/v2\/users\/2"}],"replies":[{"embeddable":true,"href":"https:\/\/www.vorspeisenplatte.de\/speisen\/wp-json\/wp\/v2\/comments?post=39181"}],"version-history":[{"count":3,"href":"https:\/\/www.vorspeisenplatte.de\/speisen\/wp-json\/wp\/v2\/posts\/39181\/revisions"}],"predecessor-version":[{"id":39202,"href":"https:\/\/www.vorspeisenplatte.de\/speisen\/wp-json\/wp\/v2\/posts\/39181\/revisions\/39202"}],"wp:attachment":[{"href":"https:\/\/www.vorspeisenplatte.de\/speisen\/wp-json\/wp\/v2\/media?parent=39181"}],"wp:term":[{"taxonomy":"category","embeddable":true,"href":"https:\/\/www.vorspeisenplatte.de\/speisen\/wp-json\/wp\/v2\/categories?post=39181"},{"taxonomy":"post_tag","embeddable":true,"href":"https:\/\/www.vorspeisenplatte.de\/speisen\/wp-json\/wp\/v2\/tags?post=39181"}],"curies":[{"name":"wp","href":"https:\/\/api.w.org\/{rel}","templated":true}]}}