{"id":39239,"date":"2017-07-27T06:50:51","date_gmt":"2017-07-27T04:50:51","guid":{"rendered":"https:\/\/www.vorspeisenplatte.de\/speisen\/?p=39239"},"modified":"2017-07-27T06:50:51","modified_gmt":"2017-07-27T04:50:51","slug":"journal-mittwoch-26-juli-2017-aerobic-nostalgie","status":"publish","type":"post","link":"https:\/\/www.vorspeisenplatte.de\/speisen\/2017\/07\/journal-mittwoch-26-juli-2017-aerobic-nostalgie.htm","title":{"rendered":"Journal Mittwoch, 26. Juli 2017 &#8211; Aerobic-Nostalgie"},"content":{"rendered":"<p>Durchgehend str\u00f6mender Regen und so niedrige Temperaturen, dass ich im B\u00fcro Strickjacke trug.<\/p>\n<p>Ich wachte trotz sp\u00e4ter Vornacht schon um f\u00fcnf auf, Angstkarussell lie\u00df mich nicht wieder einschlafen, also stand ich sehr fr\u00fch auf. Und wenn ich schon mal auf war, konnte ich ja auch fr\u00fch in die Arbeit gehen, unterm Schirm. Die Heftigkeit des Regens sorgte daf\u00fcr, dass ich dennoch reichlich nass ankam.<\/p>\n<p>Der Schlafmangel benebelte mich den ganzen Vormittag (zumindest erledigte sich die eine oder andere Sorge), erst am Nachmittag f\u00fchlte ich mich richtig wach. Also sprach nichts dagegen, das mitgebrachte Sportzeug wie geplant zu nutzen: Ich nahm eine S-Bahn in mein Sportstudio am Hauptbahnhof (U-Bahn fiel wegen Personen im Gleis aus), strampelte dort auf dem Crosstrainer und probierte eine Stunde &#8220;Latin Dance&#8221; aus: Es werden Latinost\u00fccke gespielt (sehr, sehr laut, ich stopfte mir schnell Taschentuchfetzen in die Ohren), dazwischen vergeht Zeit, bis sich f\u00fcr das n\u00e4chste St\u00fcck entschieden wurde, dazu tanzt die Vorturnerin einfache Latino-Tanzschritte, die Turngruppe macht nach, was sie vormacht. Erinnerte mich an meine wenigen Zumba-Erlebnisse, f\u00fchlte sich nicht so recht wie Training an. Die derzeitige Sportstudiomode hat Cardiostunden fast abgeschafft, hier sind es unter 45 Stunden in der Woche nur noch vier. Ich sehne mich sehr nach Aerobic und Step-Aerobic zur\u00fcck.<br \/>\n(Au\u00dferdem kam die Vorturnerin zehn Minuten zu sp\u00e4t, damit kann ich sehr schwer umgehen.) <\/p>\n<p>Daheim wartete Herr Kaltmamsell mit einer gro\u00dfen Portion bestellter Sushi.<\/p>\n","protected":false},"excerpt":{"rendered":"<p>Durchgehend str\u00f6mender Regen und so niedrige Temperaturen, dass ich im B\u00fcro Strickjacke trug. Ich wachte trotz sp\u00e4ter Vornacht schon um f\u00fcnf auf, Angstkarussell lie\u00df mich nicht wieder einschlafen, also stand ich sehr fr\u00fch auf. Und wenn ich schon mal auf war, konnte ich ja auch fr\u00fch in die Arbeit gehen, unterm Schirm. Die Heftigkeit des [&hellip;]<\/p>\n","protected":false},"author":2,"featured_media":0,"comment_status":"open","ping_status":"closed","sticky":false,"template":"","format":"standard","meta":{"footnotes":""},"categories":[1],"tags":[],"class_list":["post-39239","post","type-post","status-publish","format-standard","hentry","category-general"],"_links":{"self":[{"href":"https:\/\/www.vorspeisenplatte.de\/speisen\/wp-json\/wp\/v2\/posts\/39239","targetHints":{"allow":["GET"]}}],"collection":[{"href":"https:\/\/www.vorspeisenplatte.de\/speisen\/wp-json\/wp\/v2\/posts"}],"about":[{"href":"https:\/\/www.vorspeisenplatte.de\/speisen\/wp-json\/wp\/v2\/types\/post"}],"author":[{"embeddable":true,"href":"https:\/\/www.vorspeisenplatte.de\/speisen\/wp-json\/wp\/v2\/users\/2"}],"replies":[{"embeddable":true,"href":"https:\/\/www.vorspeisenplatte.de\/speisen\/wp-json\/wp\/v2\/comments?post=39239"}],"version-history":[{"count":3,"href":"https:\/\/www.vorspeisenplatte.de\/speisen\/wp-json\/wp\/v2\/posts\/39239\/revisions"}],"predecessor-version":[{"id":39244,"href":"https:\/\/www.vorspeisenplatte.de\/speisen\/wp-json\/wp\/v2\/posts\/39239\/revisions\/39244"}],"wp:attachment":[{"href":"https:\/\/www.vorspeisenplatte.de\/speisen\/wp-json\/wp\/v2\/media?parent=39239"}],"wp:term":[{"taxonomy":"category","embeddable":true,"href":"https:\/\/www.vorspeisenplatte.de\/speisen\/wp-json\/wp\/v2\/categories?post=39239"},{"taxonomy":"post_tag","embeddable":true,"href":"https:\/\/www.vorspeisenplatte.de\/speisen\/wp-json\/wp\/v2\/tags?post=39239"}],"curies":[{"name":"wp","href":"https:\/\/api.w.org\/{rel}","templated":true}]}}