{"id":40,"date":"2003-10-09T17:34:43","date_gmt":"2003-10-09T15:34:43","guid":{"rendered":"https:\/\/www.vorspeisenplatte.de\/speisen\/2003\/10\/earlybird.htm"},"modified":"2008-10-14T10:17:19","modified_gmt":"2008-10-14T08:17:19","slug":"earlybird","status":"publish","type":"post","link":"https:\/\/www.vorspeisenplatte.de\/speisen\/2003\/10\/earlybird.htm","title":{"rendered":"Earlybird"},"content":{"rendered":"<p>Unter den X-Men ist eine Figur, die gerne \u00fcbersehen wird: Earlybird. Auch er hat durch eine Mutation eine \u00fcbernat\u00fcrliche F\u00e4higkeit: Er kann fr\u00fch aufstehen!<\/p>\n<p>Normal ist, \u201eAusschlafen\u201c als eine T\u00e4tigkeit anzusehen, auf die man sich bei der Planung eines Wochenendes oder des Urlaubs freut.<br \/>\nNormal ist auch, Termine vor 9 Uhr als \u201emitten in der Nacht\u201c zu bezeichnen und sichtlich zu erschauern.<br \/>\nNormal ist, noch nie auf dem Weg in die Arbeit einen Sonnenaufgang gesehen zu haben.<\/p>\n<p>Das kann ja nur bedeuten, dass ich an einer genetischen Mutation leide. <\/p>\n<p>Ich wache auf \u2013 und bin munter und fr\u00f6hlich. Im Lauf meines Lebens habe ich zumindest gelernt, dies in Anwesenheit von Morgenmuffel nicht nach au\u00dfen zu tragen. Ein \u00fcbernachtender Freund hat mir das beigebracht: Nachdem ich ihn am Fr\u00fchst\u00fcckstisch eine Weile vollgeplappert und -gezwitschert hatte, hob er seinen Blick vom Tisch und presste zwischen den Z\u00e4hnen heraus: \u201eKaffee. &#8211; &#8211; &#8211; &#8211; &#8211; &#8211; Nicht reden.\u201c<\/p>\n<p>Lange hatte ich mich mit meiner Mutation ganz wohl gef\u00fchlt. Mein Papa ist n\u00e4mlich auch so drauf (der Gen-Defekt ist also erblich). Am Wochenende oder wenn er Urlaub hatte, trafen wir uns sommers in der <a href=\"http:\/\/www.huesch.info\/huesch00.html\" target=_new>ber\u00fchmten<\/a> <a href=\"http:\/\/www.amazon.de\/exec\/obidos\/ASIN\/B0000089J4\/michaelgneitin04\/028-9783203-6242952\" target=_new>Herrgottsfr\u00fch<\/a> auf dem Balkon und schauten den Amseln auf taubenetzter Wiese zu.<\/p>\n<p>Das wurde ganz anders, als ich ins Arbeitsleben mit unbefristetem Vetrag trat. Auf einmal durfte ich erst im 9 Uhr ins B\u00fcro. In M\u00fcnchen und vor allem in der Agentur-Branche beginnt um diese Uhrzeit allerfr\u00fchestens der Tag. Der ohnehin im B\u00fcro mit Riesentassen Milchkaffee und Zeitungslesen gestartet wird.<br \/>\nIch gew\u00f6hnte mir an, zwischen meinem Erwachen um 6 und dem Verlassen des Hauses mindestens eine Tageszeitung zu lesen und mindestens eine Kanne Tee zu trinken.<\/p>\n<p>Nachts kann ich zwar feiern \u2013 aber sicher nicht arbeiten. Ganz anders die lieben Kolleginnen. Wenn ich um 20.30 Uhr gerade mal noch Listen schreiben konnte, klingelte gerne das Telefon: \u201eDu, ich brauch dein Hirn. Ich habe gerade eine klasse Idee f\u00fcr das Konzept; komm mal r\u00fcber, dann lese ich\u2019s dir vor!\u201c Hurra. Und das, wo ich keine Chance auf Rache hatte. Denn w\u00e4hrend meiner vormitt\u00e4glich hochkreativen Phase waren diese Damens noch nicht im Haus.<\/p>\n<p>Jetzt hab\u2019 ich\u2019s gut: Ich kann zwischen 7 und 8 Uhr anfangen, ohne erst mal jede T\u00fcr aufsperren zu m\u00fcssen. Daf\u00fcr ist auch gegen 18 Uhr Schluss: echte freie Abende! Earlybird hat sein Zuhause gefunden.<\/p>\n","protected":false},"excerpt":{"rendered":"<p>Unter den X-Men ist eine Figur, die gerne \u00fcbersehen wird: Earlybird. Auch er hat durch eine Mutation eine \u00fcbernat\u00fcrliche F\u00e4higkeit: Er kann fr\u00fch aufstehen! Normal ist, \u201eAusschlafen\u201c als eine T\u00e4tigkeit anzusehen, auf die man sich bei der Planung eines Wochenendes oder des Urlaubs freut. Normal ist auch, Termine vor 9 Uhr als \u201emitten in der [&hellip;]<\/p>\n","protected":false},"author":2,"featured_media":0,"comment_status":"open","ping_status":"closed","sticky":false,"template":"","format":"standard","meta":{"footnotes":""},"categories":[1],"tags":[],"class_list":["post-40","post","type-post","status-publish","format-standard","hentry","category-general"],"_links":{"self":[{"href":"https:\/\/www.vorspeisenplatte.de\/speisen\/wp-json\/wp\/v2\/posts\/40","targetHints":{"allow":["GET"]}}],"collection":[{"href":"https:\/\/www.vorspeisenplatte.de\/speisen\/wp-json\/wp\/v2\/posts"}],"about":[{"href":"https:\/\/www.vorspeisenplatte.de\/speisen\/wp-json\/wp\/v2\/types\/post"}],"author":[{"embeddable":true,"href":"https:\/\/www.vorspeisenplatte.de\/speisen\/wp-json\/wp\/v2\/users\/2"}],"replies":[{"embeddable":true,"href":"https:\/\/www.vorspeisenplatte.de\/speisen\/wp-json\/wp\/v2\/comments?post=40"}],"version-history":[{"count":0,"href":"https:\/\/www.vorspeisenplatte.de\/speisen\/wp-json\/wp\/v2\/posts\/40\/revisions"}],"wp:attachment":[{"href":"https:\/\/www.vorspeisenplatte.de\/speisen\/wp-json\/wp\/v2\/media?parent=40"}],"wp:term":[{"taxonomy":"category","embeddable":true,"href":"https:\/\/www.vorspeisenplatte.de\/speisen\/wp-json\/wp\/v2\/categories?post=40"},{"taxonomy":"post_tag","embeddable":true,"href":"https:\/\/www.vorspeisenplatte.de\/speisen\/wp-json\/wp\/v2\/tags?post=40"}],"curies":[{"name":"wp","href":"https:\/\/api.w.org\/{rel}","templated":true}]}}