{"id":41351,"date":"2017-11-20T06:30:23","date_gmt":"2017-11-20T05:30:23","guid":{"rendered":"https:\/\/www.vorspeisenplatte.de\/speisen\/?p=41351"},"modified":"2017-11-20T06:30:23","modified_gmt":"2017-11-20T05:30:23","slug":"journal-sonntag-19-november-2017-erster-schnee","status":"publish","type":"post","link":"https:\/\/www.vorspeisenplatte.de\/speisen\/2017\/11\/journal-sonntag-19-november-2017-erster-schnee.htm","title":{"rendered":"Journal Sonntag, 19. November 2017 &#8211; Erster Schnee"},"content":{"rendered":"<p>Ich bin ja keine <i>grunds\u00e4tzliche<\/i> Freundin des Drau\u00dfen; das Drau\u00dfen muss mir schon ein wenig entgegenkommen, z.B. mit Wetter, Licht oder Landschaft.<\/p>\n<p><a href=\"https:\/\/www.vorspeisenplatte.de\/speisen\/archiv\/171119_01_Schnee.jpg\"><img loading=\"lazy\" decoding=\"async\" class=\"alignnone size-full wp-image-41369\" src=\"https:\/\/www.vorspeisenplatte.de\/speisen\/archiv\/171119_01_Schnee.jpg\" alt=\"\" width=\"402\" height=\"553\" \/><\/a><\/p>\n<p>Erster Schnee, die Matschflocken lie\u00dfen sich fast nicht fotografieren.<\/p>\n<p>An sich hatte ich mich auf die erste Laufrunde seit zwei Wochen gefreut, und an sich macht mir ein bisschen Regen nichts aus. Doch mittelstarker Schneeregen <i>und<\/i> Wind, die laut Prognose noch Stunden andauern w\u00fcrden, schreckten mich dann doch ab. Mit zornigem Seufzer stieg ich also nach Morgenkaffee und Bloggen auf den Crosstrainer.<\/p>\n<p>Zumindest etwas Spannendes h\u00f6ren wollte ich. Ich folgte <a href=\"https:\/\/www.vorspeisenplatte.de\/speisen\/2017\/10\/journal-freitagsamstag-27-28-oktober-2017-start-in-fuenf-freie-tage.htm#comment-246424\" target=\"_blank\" rel=\"noopener\">dem Tipp von Kommenatorin Eva<\/a> und h\u00f6rte eine Folge des Podcasts der Helmholtz-Gemeinschaft:<br \/>\n<a href=\"https:\/\/resonator-podcast.de\/2017\/res118-kognitionsforschung\/\" target=\"_blank\" rel=\"noopener\">&#8220;Kognitionsforschung&#8221;.<\/a><\/p>\n<p>Holger Klein interviewt darin Peter Weiss-Blankenhorn (wir bemerken: beim Helmholtz d\u00fcrfen Forscher auch mal ohne &#8220;Prof. Dr.&#8221; genannt werden), den Leiter der Arbeitsgruppe Motorische Kognition am Institut f\u00fcr Neurowissenschaften und Medizin des Forschungszentrums J\u00fclich. Hochinteressant und mit mehreren &#8220;Ach&#8221;-Momenten (einmal kam genau diese Reaktion auch von Holgi.) Unter anderen f\u00fchle ich mich jetzt gr\u00fcndlich ger\u00fcstet f\u00fcr einen eventuellen Schlaganfall. Unter noch anderem ging es auch um Syn\u00e4sthesie: Weiss-Blankenhorn merkte an, dass fast alle Menschen so d\u00e4chten, eine kleine Gruppe halt sehr extrem. Als Beispiel f\u00fchrte er an, f\u00fcr sie sei die Vier blau. V\u00f6lliger Bl\u00f6dsinn! Die Vier ist selbstverst\u00e4ndlich gelb, Acht und Zwei rot, Drei ist gr\u00fcn, die Eins schwarz, die Sieben hingegen blau. Pft. (Nein, ich bin sicher keine Syn\u00e4sthetikerin, doch interessanterweise denkt selbst mein durchschnittliches Hirn so.)<\/p>\n<p>Gleich beim H\u00f6ren fand ich eine Anwendung f\u00fcr die Aussagen des Podcasts: Beim B\u00fcgeln werde ich von interessanten Podcasts immer v\u00f6llig gefangen &#8211; die manuelle T\u00e4tigkeit scheint mein Gehirn neben dem Sprach-Input auszulasten. Gestern war das stupide Crosstrainer-Treten wohl nicht anspruchsvoll genug: Meine Gedanken versuchten gleichzeitig Kommentare und abgeleitete Ideen zum Podcast zu formulieren, doch das funktionierte nicht &#8211; ich verpasste sekundenweise das Interview. Mein Nebendenken beanspruchte wohl im Gegensatz zur Motorik des B\u00fcgelns denselben Gehirnbereich (Sprache?) wie das Zuh\u00f6ren.<\/p>\n<p>Der Podcast war so klasse, dass ich mich auch fast gar nicht \u00e4rgerte, als noch w\u00e4hrend meiner Strampelei erst der Regen aufh\u00f6rte und dann auch noch die Sonne rauskam.<\/p>\n<p>Zum Fr\u00fchst\u00fcck kochte ich Porridge, a\u00df ihn mit Honig und Granatapfelkernen.<\/p>\n<p>Eigentlich hatte ich ja f\u00fcr den Nachmittag Stollenbacken geplant, aber nicht einkalkuliert, dass die Ente, die es zum Abendessen geben sollte, denselben Backofen brauchte. Und das zumindest zum Teil auch zur selben Zeit, wie die Abstimmung mit dem Entenbeauftragten Herrn Kaltmamsell ergab. Abendessen schlug Weihnachtsb\u00e4ckerei, ich bereitete alles f\u00fcr Backen am Montagabend vor.<\/p>\n<p>Ganz ausgesprochen freute ich mich, dass Sie meine Kanon-Idee aufgegriffen haben: Danke f\u00fcrs Mitspielen!<\/p>\n<p>Im gemischtwolkigen Abendrot drehte ich noch eine kurze Spazierrunde, um meinen Pok\u00e9mon-Streak nicht abrei\u00dfen zu lassen.<\/p>\n<p><a href=\"https:\/\/www.vorspeisenplatte.de\/speisen\/archiv\/171119_07_Abendlicht.jpg\"><img loading=\"lazy\" decoding=\"async\" class=\"alignnone size-full wp-image-41370\" src=\"https:\/\/www.vorspeisenplatte.de\/speisen\/archiv\/171119_07_Abendlicht.jpg\" alt=\"\" width=\"454\" height=\"605\" srcset=\"https:\/\/www.vorspeisenplatte.de\/speisen\/archiv\/171119_07_Abendlicht.jpg 454w, https:\/\/www.vorspeisenplatte.de\/speisen\/archiv\/171119_07_Abendlicht-450x600.jpg 450w\" sizes=\"auto, (max-width: 454px) 100vw, 454px\" \/><\/a><\/p>\n<p><a href=\"https:\/\/www.instagram.com\/p\/Bbr-ItUg-XZ\/\" target=\"_blank\" rel=\"noopener\">Die Ente zum Nachtmahl<\/a> wurde gut &#8211; aber wir sahen noch Verbesserungsbedarf. Begleitung war Kartoffel-Sellerie-P\u00fcree (Ernteanteil) und ein israelischer Pinot noir.<\/p>\n<p>\u00a7<\/p>\n<p>Sp\u00e4t besungene Heldinnen, zum Beispiel die Frau, die sich vor 50 Jahren auf Sizilien weigerte, ihren Vergewaltiger zu heiraten:<br \/>\n<a href=\"http:\/\/mashable.com\/2017\/11\/05\/franca-viola\/#DZv6Y4em3sqi\" target=\"_blank\" rel=\"noopener\">&#8220;1966-1968<br \/>\nFranca Viola says &#8216;No'&#8221;.<\/a><\/p>\n<p>\u00a7<\/p>\n<p>Gerhard Polt ver\u00f6ffentlicht seit ein paar Wochen hin und wieder kleine Monologe (hinter der Website steht eine &#8220;Agentur Well&#8221;, Verantwortlicher laut Impressum ist Martin Polt &#8211; ein Familienunternehmen). Ganz besonders hat mir das aktuelle Filmchen gefallen:<br \/>\n<a href=\"https:\/\/polt.de\/der-schweigegeldempfaenger\/\" target=\"_blank\" rel=\"noopener\">&#8220;Der Schweigegeldempf\u00e4nger&#8221;.<\/a><\/p>\n<p>\u00a7<\/p>\n<p>Wozu Blogs der Sorte &#8220;Everybody has a voice&#8221; auch taugen: Zur Selbstversicherung, dass man nicht allein ist mit seinen Exzentriken und Idiosynchrasien (was Letzteres bedeutet, habe ich sogar irgendwann in einem Blog gelernt). Es erleichtert mich sehr, dass es Menschen gibt, die einen \u00e4hnlichen Realit\u00e4tsbezug haben wie ich.<br \/>\n<a href=\"https:\/\/novemberregen.blogger.de\/stories\/2667217\/\" target=\"_blank\" rel=\"noopener\">&#8220;Containern&#8221;.<\/a><\/p>\n<blockquote><p>Kurz \u00fcberlegte ich auch, ob wir m\u00f6glicherweise insgesamt in Gefahr w\u00e4ren, gruselige Monster, die aus der Dunkelheit hervorbrechen, Zombies oder Au\u00dferirdische oder Moorleichen oder so etwas. Horrofilme fangen aber immer mit heiler Welt an, nie damit, dass drei Frauen nachts um eins zu Fu\u00df Elektroschrott entsorgen, weil sie in ihrem normalen Alltag keine Zeit dazu finden. So etwas habe ich noch nie gelesen oder davon auch nur geh\u00f6rt. Wir waren also in absoluter Sicherheit.<\/p><\/blockquote>\n<p> <img loading=\"lazy\" decoding=\"async\" src=\"https:\/\/ssl-vg03.met.vgwort.de\/na\/0eb3d7e0f6864e4daa9a651cd0f6d886\" width=\"1\" height=\"1\" alt=\"\"\/><\/p>\n","protected":false},"excerpt":{"rendered":"<p>Ich bin ja keine grunds\u00e4tzliche Freundin des Drau\u00dfen; das Drau\u00dfen muss mir schon ein wenig entgegenkommen, z.B. mit Wetter, Licht oder Landschaft. Erster Schnee, die Matschflocken lie\u00dfen sich fast nicht fotografieren. An sich hatte ich mich auf die erste Laufrunde seit zwei Wochen gefreut, und an sich macht mir ein bisschen Regen nichts aus. Doch [&hellip;]<\/p>\n","protected":false},"author":2,"featured_media":0,"comment_status":"open","ping_status":"closed","sticky":false,"template":"","format":"standard","meta":{"footnotes":""},"categories":[6,2,1],"tags":[],"class_list":["post-41351","post","type-post","status-publish","format-standard","hentry","category-essen","category-fotos","category-general"],"_links":{"self":[{"href":"https:\/\/www.vorspeisenplatte.de\/speisen\/wp-json\/wp\/v2\/posts\/41351","targetHints":{"allow":["GET"]}}],"collection":[{"href":"https:\/\/www.vorspeisenplatte.de\/speisen\/wp-json\/wp\/v2\/posts"}],"about":[{"href":"https:\/\/www.vorspeisenplatte.de\/speisen\/wp-json\/wp\/v2\/types\/post"}],"author":[{"embeddable":true,"href":"https:\/\/www.vorspeisenplatte.de\/speisen\/wp-json\/wp\/v2\/users\/2"}],"replies":[{"embeddable":true,"href":"https:\/\/www.vorspeisenplatte.de\/speisen\/wp-json\/wp\/v2\/comments?post=41351"}],"version-history":[{"count":3,"href":"https:\/\/www.vorspeisenplatte.de\/speisen\/wp-json\/wp\/v2\/posts\/41351\/revisions"}],"predecessor-version":[{"id":41380,"href":"https:\/\/www.vorspeisenplatte.de\/speisen\/wp-json\/wp\/v2\/posts\/41351\/revisions\/41380"}],"wp:attachment":[{"href":"https:\/\/www.vorspeisenplatte.de\/speisen\/wp-json\/wp\/v2\/media?parent=41351"}],"wp:term":[{"taxonomy":"category","embeddable":true,"href":"https:\/\/www.vorspeisenplatte.de\/speisen\/wp-json\/wp\/v2\/categories?post=41351"},{"taxonomy":"post_tag","embeddable":true,"href":"https:\/\/www.vorspeisenplatte.de\/speisen\/wp-json\/wp\/v2\/tags?post=41351"}],"curies":[{"name":"wp","href":"https:\/\/api.w.org\/{rel}","templated":true}]}}