{"id":41935,"date":"2017-12-25T08:34:03","date_gmt":"2017-12-25T07:34:03","guid":{"rendered":"https:\/\/www.vorspeisenplatte.de\/speisen\/?p=41935"},"modified":"2017-12-25T08:34:03","modified_gmt":"2017-12-25T07:34:03","slug":"journal-sonntag-24-dezember-2017-sonnige-weihnacht","status":"publish","type":"post","link":"https:\/\/www.vorspeisenplatte.de\/speisen\/2017\/12\/journal-sonntag-24-dezember-2017-sonnige-weihnacht.htm","title":{"rendered":"Journal Sonntag, 24. Dezember 2017 &#8211; Sonnige Weihnacht"},"content":{"rendered":"<p>Nach \u00fcbler Nacht doch noch ausgeschlafen. Erst hatte ich nicht einschlafen k\u00f6nnen (sehr rar bei mir) und dann stundenlang mit Nebenh\u00f6hlen- und Bronchienschmerzen gek\u00e4mpft.<\/p>\n<p>Geschw\u00e4cht f\u00fchlte ich mich am n\u00e4chsten Morgen zwar nicht (siehe Rossnatur), aber sogar ich sah ein, dass die Laufrunde, auf die ich mich so gefreut hatte, keine gute Idee gewesen w\u00e4re. Statt dessen rotzte ich halt am Laptop vor mich hin, wusch die Kopfkissen des Haushalts, bereitete Champignonsalat und S\u00f6\u00dfchen f\u00fcrs abendliche Fondue zu. Drau\u00dfen strahlendes Sonnenwetter.<\/p>\n<p><a href=\"https:\/\/www.vorspeisenplatte.de\/speisen\/archiv\/171224_02_Schlafzimmerblick.jpg\"><img loading=\"lazy\" decoding=\"async\" src=\"https:\/\/www.vorspeisenplatte.de\/speisen\/archiv\/171224_02_Schlafzimmerblick.jpg\" alt=\"\" width=\"389\" height=\"568\" class=\"alignnone size-full wp-image-41939\" \/><\/a><\/p>\n<p>Den Christkindlsuch-Spaziergang (ich bin die einzige in der Familie, die diesen m\u00fctterlichen Brauch meiner Kindheit noch pflegt) hatten wir so geplant, das wir zum Weihnachtsliederblasen am Alten S\u00fcdfriedhof vorbeikommen w\u00fcrden: Am Brunnen hinter dem Stephanskirchlein standen drei Blechbl\u00e4ser und spielten Getragenes. So viele Menschen hatte ich dabei noch nie gesehen, der Termin scheint sich herumzusprechen &#8211; als ich vor vielen Jahren zum ersten Mal zuf\u00e4llig daran vorbei gekommen war, h\u00f6rten gerade mal eine Hand voll Menschen zu. Die Stimmung war wundervoll: Aneinander gekuschelte Paare, and\u00e4chtigte Kinder, es wurde mitgesungen.<\/p>\n<p>Nach ein paar Liedern spazierten wir weiter. Neben Eichh\u00f6rnchen (ich hatte schon wieder Erdn\u00fcsse vergessen) sahen wir auf dem Friedhofgel\u00e4nde Schwanzmeisen &#8211; wir waren beide durch ihren Ruf aufmerksam geworden, der nicht in die gewohnte Vogelkulisse der Umgebung passte.<\/p>\n<p><a href=\"https:\/\/www.vorspeisenplatte.de\/speisen\/archiv\/171224_07_Isar.jpg\"><img loading=\"lazy\" decoding=\"async\" src=\"https:\/\/www.vorspeisenplatte.de\/speisen\/archiv\/171224_07_Isar.jpg\" alt=\"\" width=\"439\" height=\"514\" class=\"alignnone size-full wp-image-41944\" \/><\/a><\/p>\n<p><a href=\"https:\/\/www.vorspeisenplatte.de\/speisen\/archiv\/171224_09_Isar.jpg\"><img loading=\"lazy\" decoding=\"async\" src=\"https:\/\/www.vorspeisenplatte.de\/speisen\/archiv\/171224_09_Isar.jpg\" alt=\"\" width=\"423\" height=\"564\" class=\"alignnone size-full wp-image-41945\" \/><\/a><\/p>\n<p><a href=\"https:\/\/www.vorspeisenplatte.de\/speisen\/archiv\/171224_10_Isar.jpg\"><img loading=\"lazy\" decoding=\"async\" src=\"https:\/\/www.vorspeisenplatte.de\/speisen\/archiv\/171224_10_Isar.jpg\" alt=\"\" width=\"566\" height=\"397\" class=\"alignnone size-full wp-image-41946\" \/><\/a><\/p>\n<p><a href=\"https:\/\/www.vorspeisenplatte.de\/speisen\/archiv\/171224_13_Isar.jpg\"><img loading=\"lazy\" decoding=\"async\" src=\"https:\/\/www.vorspeisenplatte.de\/speisen\/archiv\/171224_13_Isar.jpg\" alt=\"\" width=\"589\" height=\"390\" class=\"alignnone size-full wp-image-41947\" \/><\/a><\/p>\n<p>Zur\u00fcck zu Hause machten wir uns gem\u00fctlich an die Abendvorbereitungen. Weihnachtsdeko fiel wieder aus, doch meine Fotokan\u00e4le instagram, Twitter und Facebook waren so voll Glitzer und Prunk, dass das ausreichte.<\/p>\n<p><a href=\"https:\/\/www.vorspeisenplatte.de\/speisen\/archiv\/171224_20_Eggnogg.jpg\"><img loading=\"lazy\" decoding=\"async\" src=\"https:\/\/www.vorspeisenplatte.de\/speisen\/archiv\/171224_20_Eggnogg.jpg\" alt=\"\" width=\"393\" height=\"442\" class=\"alignnone size-full wp-image-41949\" \/><\/a><\/p>\n<p>Wir starteten den Heiligen Abend mit hervorragenden Eggnoggs.<\/p>\n<p><a href=\"https:\/\/www.vorspeisenplatte.de\/speisen\/archiv\/171224_21_Fondue.jpg\"><img loading=\"lazy\" decoding=\"async\" src=\"https:\/\/www.vorspeisenplatte.de\/speisen\/archiv\/171224_21_Fondue.jpg\" alt=\"\" width=\"423\" height=\"564\" class=\"alignnone size-full wp-image-41950\" \/><\/a><\/p>\n<p>Und verbrachten die n\u00e4chsten Stunden \u00fcber Fondue (verdeckt vom \u00d6ltopf: der Teller mit Putenfleisch). Diesmal experimentierten wir mit Tofu und Auberginen: Tofu kann man gut machen, wird leicht knusprig. Die Auberginen waren der Knaller, sie wurde au\u00dfen knusprig, innen cremig.<\/p>\n<p>Es folgten Telefonate quer durch die Familie mit Geschenkefeedback. Besonders hatte ich mich \u00fcber meine Idee gefreut, den Nifften Turnbeutel <a href=\"https:\/\/raubdruckerin.de\/de\/\" rel=\"noopener\" target=\"_blank\">der Raubdruckerin<\/a> zu schenken, mit Drucken von Madrider Kanaldeckeln &#8211; und zu meiner noch gr\u00f6\u00dferen Freude ging sie auf: Neffe 1 hatte k\u00fcrzlich von dem Projekt geh\u00f6rt und konnte Hintergrundinfos liefern. Und wenn ich sehe, dass mittlerweile fast alle ihre Produkte ausverkauft sind (es gibt halt von jedem Motiv nur so viel, wie sie vor Ort drucken konnte), freue ich mich um so mehr, dass ich im November bei Entdeckung des Projekts sofort bestellt hatte.<\/p>\n<p>\u00a7<\/p>\n<p>Dass &#8220;Baby it&#8217;s cold outside&#8221; in letzter Zeit wieder in Mode gekommen war, hatte ich lediglich durch Kommentare \u00fcber diesen Umstand mitbekommen. Und durch den Hinweis auf eine neue Version, die den <i>creepy<\/i>-Anteil l\u00f6scht:<\/p>\n<div class=\"video-wrapped\" style=\"width: 500px; height: 281px; background-image: url('https:\/\/www.vorspeisenplatte.de\/speisen\/wp-content\/plugins\/video-embed-privacy\/preview\/amK4U4pCTB8.jpg')\" data-embed-frame=\"&lt;iframe title=&quot;Lydia Liza and Josiah Lemanski - Baby It&amp;#039;s Cold Outside (Live on The Current)&quot; width=&quot;500&quot; height=&quot;281&quot; src=&quot;https:\/\/www.youtube.com\/embed\/amK4U4pCTB8?feature=oembed&quot; frameborder=&quot;0&quot; allow=&quot;accelerometer; autoplay; clipboard-write; encrypted-media; gyroscope; picture-in-picture; web-share&quot; referrerpolicy=&quot;strict-origin-when-cross-origin&quot; allowfullscreen&gt;&lt;\/iframe&gt;\" data-embed-play=\"Abspielen&lt;div class=&quot;small&quot;&gt;Das Video wird von Youtube eingebettet abespielt. Es gilt die &lt;a href=&quot;https:\/\/www.google.com\/intl\/de\/policies\/privacy\/&quot; target=&quot;_blank&quot;&gt;Datenschutzerkl\u00e4rung von Google&lt;\/a&gt;&lt;\/div&gt;\">\n<div class=\"video-wrapped-nojs\">Aktivieren Sie JavaScript um das Video zu sehen.<br \/><a href=\"https:\/\/youtu.be\/amK4U4pCTB8\">https:\/\/youtu.be\/amK4U4pCTB8<\/a><\/div>\n<\/div>\n<p>via <a href=\"https:\/\/twitter.com\/katjaberlin\" rel=\"noopener\" target=\"_blank\">@katiaberlin<\/a><\/p>\n<p>Wobei <a href=\"https:\/\/youtu.be\/Y0r608Dxulg\" rel=\"noopener\" target=\"_blank\">meine Lieblingsversion von Heinz Erhardt<\/a> eh schon deutlich weniger <i>creepy<\/i> ist als das Original. <img loading=\"lazy\" decoding=\"async\" src=\"https:\/\/ssl-vg03.met.vgwort.de\/na\/a88c945966ef444484a22946c56ab83f\" width=\"1\" height=\"1\" alt=\"\"\/><\/p>\n","protected":false},"excerpt":{"rendered":"<p>Nach \u00fcbler Nacht doch noch ausgeschlafen. Erst hatte ich nicht einschlafen k\u00f6nnen (sehr rar bei mir) und dann stundenlang mit Nebenh\u00f6hlen- und Bronchienschmerzen gek\u00e4mpft. Geschw\u00e4cht f\u00fchlte ich mich am n\u00e4chsten Morgen zwar nicht (siehe Rossnatur), aber sogar ich sah ein, dass die Laufrunde, auf die ich mich so gefreut hatte, keine gute Idee gewesen w\u00e4re. [&hellip;]<\/p>\n","protected":false},"author":2,"featured_media":0,"comment_status":"open","ping_status":"closed","sticky":false,"template":"","format":"standard","meta":{"footnotes":""},"categories":[6,2,1],"tags":[],"class_list":["post-41935","post","type-post","status-publish","format-standard","hentry","category-essen","category-fotos","category-general"],"_links":{"self":[{"href":"https:\/\/www.vorspeisenplatte.de\/speisen\/wp-json\/wp\/v2\/posts\/41935","targetHints":{"allow":["GET"]}}],"collection":[{"href":"https:\/\/www.vorspeisenplatte.de\/speisen\/wp-json\/wp\/v2\/posts"}],"about":[{"href":"https:\/\/www.vorspeisenplatte.de\/speisen\/wp-json\/wp\/v2\/types\/post"}],"author":[{"embeddable":true,"href":"https:\/\/www.vorspeisenplatte.de\/speisen\/wp-json\/wp\/v2\/users\/2"}],"replies":[{"embeddable":true,"href":"https:\/\/www.vorspeisenplatte.de\/speisen\/wp-json\/wp\/v2\/comments?post=41935"}],"version-history":[{"count":3,"href":"https:\/\/www.vorspeisenplatte.de\/speisen\/wp-json\/wp\/v2\/posts\/41935\/revisions"}],"predecessor-version":[{"id":41953,"href":"https:\/\/www.vorspeisenplatte.de\/speisen\/wp-json\/wp\/v2\/posts\/41935\/revisions\/41953"}],"wp:attachment":[{"href":"https:\/\/www.vorspeisenplatte.de\/speisen\/wp-json\/wp\/v2\/media?parent=41935"}],"wp:term":[{"taxonomy":"category","embeddable":true,"href":"https:\/\/www.vorspeisenplatte.de\/speisen\/wp-json\/wp\/v2\/categories?post=41935"},{"taxonomy":"post_tag","embeddable":true,"href":"https:\/\/www.vorspeisenplatte.de\/speisen\/wp-json\/wp\/v2\/tags?post=41935"}],"curies":[{"name":"wp","href":"https:\/\/api.w.org\/{rel}","templated":true}]}}