{"id":42385,"date":"2018-01-20T09:36:05","date_gmt":"2018-01-20T08:36:05","guid":{"rendered":"https:\/\/www.vorspeisenplatte.de\/speisen\/?p=42385"},"modified":"2018-01-20T09:36:05","modified_gmt":"2018-01-20T08:36:05","slug":"journal-freitag-19-januar-2018-boeser-tintenfisch","status":"publish","type":"post","link":"https:\/\/www.vorspeisenplatte.de\/speisen\/2018\/01\/journal-freitag-19-januar-2018-boeser-tintenfisch.htm","title":{"rendered":"Journal Freitag, 19. Januar 2018 &#8211; B\u00f6ser Tintenfisch"},"content":{"rendered":"<p>Es wurde \u00fcber den Tag k\u00e4lter, im Verlauf gab&#8217;s Sonne.<br \/>\nIch machte noch bei Tageslicht Feierabend, spazierte \u00fcber einen Bankstopp nach Hause.<\/p>\n<p><a href=\"https:\/\/www.vorspeisenplatte.de\/speisen\/archiv\/180119_01_Theresienwiese.jpg\"><img loading=\"lazy\" decoding=\"async\" src=\"https:\/\/www.vorspeisenplatte.de\/speisen\/archiv\/180119_01_Theresienwiese.jpg\" alt=\"\" width=\"540\" height=\"579\" class=\"alignnone size-full wp-image-42396\" \/><\/a><\/p>\n<p><a href=\"https:\/\/www.vorspeisenplatte.de\/speisen\/archiv\/180119_02_Theresienwiese.jpg\"><img loading=\"lazy\" decoding=\"async\" src=\"https:\/\/www.vorspeisenplatte.de\/speisen\/archiv\/180119_02_Theresienwiese.jpg\" alt=\"\" width=\"588\" height=\"331\" class=\"alignnone size-full wp-image-42397\" \/><\/a><\/p>\n<p>Herr Kaltmamsell hatte aus dem Tintenfisch, den ich am Vortag vom Verdi mitgebracht hatte, <i>pulpo a la gallega<\/i> bereitet, mit Kartoffelst\u00fccken.<\/p>\n<p><a href=\"https:\/\/www.vorspeisenplatte.de\/speisen\/archiv\/180119_04a_Pulpo.jpg\"><img loading=\"lazy\" decoding=\"async\" src=\"https:\/\/www.vorspeisenplatte.de\/speisen\/archiv\/180119_04a_Pulpo.jpg\" alt=\"\" width=\"423\" height=\"423\" class=\"alignnone size-full wp-image-42398\" srcset=\"https:\/\/www.vorspeisenplatte.de\/speisen\/archiv\/180119_04a_Pulpo.jpg 423w, https:\/\/www.vorspeisenplatte.de\/speisen\/archiv\/180119_04a_Pulpo-150x150.jpg 150w, https:\/\/www.vorspeisenplatte.de\/speisen\/archiv\/180119_04a_Pulpo-144x144.jpg 144w\" sizes=\"auto, (max-width: 423px) 100vw, 423px\" \/><\/a><\/p>\n<p>Leider war der Tintenfisch selbst unzerkaubarer Hartgummi; da er nach unserer immer gleichen Standardmethode zubereitetet war (viel Wasser erhitzen, Herd ausschalten, Tintenfisch rein und drei Stunden lang in der langsam abk\u00fchlenden Fl\u00fcssigkeit garen &#8211; Ergebnis bislang immer hervorragend von ganz weich bis weich mit ein wenig Biss), lag das wohl an mangelhaftem Ausgangsmaterial: Ich habe schlecht eingekauft.<br \/>\nDazu gab&#8217;s Aperol Spritz, der Freitagabend war also durchaus erfolgreich.<\/p>\n<p>Im Fernsehen kurz bei <i>Shutter Island<\/i> vorbeigeschaut, doch sehr schnell genervt gewesen von einer Filmmusik, die mich mit ihrer banalen Bedrohlichkeit offensichtlich f\u00fcr eine Idiotin hielt.<\/p>\n<p>\u00a7<\/p>\n<p>Der Vorstand des Kartoffelkombinats bloggt:<br \/>\n<a href=\"https:\/\/www.kartoffelkombinat.de\/blog\/2018\/01\/rueckblick-2017-unser-erstes-jahr-im-eigenen-betrieb\/\" rel=\"noopener\" target=\"_blank\">&#8220;R\u00fcckblick 2017: Unser erstes Jahr im eigenen Betrieb&#8221;.<\/a><\/p>\n<p>\u00a7<\/p>\n<p>Im <i>New Yorker<\/i> eine Geschichte \u00fcber das Verschwinden von Blogs. Das Interessanteste f\u00fcr mich, dass damit eine Art von Blogs gemeint ist, die bereits drei Entwicklungsstufen nach solchen wie meinem auftauchte:<br \/>\n<a href=\"https:\/\/www.newyorker.com\/culture\/cultural-comment\/the-end-of-the-awl-and-the-vanishing-of-freedom-and-fun-from-the-internet\" rel=\"noopener\" target=\"_blank\">&#8220;The End of the Awl and the Vanishing of Freedom and Fun from the Internet&#8221;.<\/a><\/p>\n<blockquote><p>Blogs are necessarily idiosyncratic, entirely about sensibility: they can only be run by workhorses who are creative enough to amuse themselves and distinct enough to hook an audience, and they tend to publish like-minded writers, who work more on the principle of personal obsession than pay. The result is editorial latitude to be obscure and silly and particular, but the finances are increasingly hard to sustain;<\/p><\/blockquote>\n<p>Wie bitte? Was die Autorin des <i>New Yorker<\/i> mit &#8220;Blog&#8221; zu meinen scheint, w\u00fcrde ich Online-Magazin nennen. Dass die in den USA anscheinend gerade verschwinden, ist allerdings durchaus interessant.<\/p>\n<p>Ich hatte noch nie Probleme mit der Finanzierung meines Blogs: Die Domain und das Webhosting kosten bei all-inkl 7,95 Euro im Monat, die Kosten f\u00fcrs Internetnutzen (bei uns eine Pauschale inklusive Festnetztelefon und Mobilanschluss von Herrn Kaltmamsell) rechne ich nicht, denn die h\u00e4tte ich ohne Bloggen auch &#8211; dann halt nur f\u00fcrs Lesen. Menschen, die statt Bloggen als Hobby Netflix gucken, zahlen auch mindestens 8 Euro im Monat. (Weswegen mich alle Refinanzierungsrechtfertigungen f\u00fcr bezahlte Bloginhalte wundern. Und bei einem Hobby den zeitlichen Aufwand geldwert zu berechnen, ist ein wenig paradox.)<\/p>\n<p>\u00a7<\/p>\n<p>Das Online-Magazin <i>Tollabea<\/i> (genau das, was im <i>New Yorker<\/i> oben &#8220;Blog&#8221; genannt wird) portr\u00e4tiert den Menschen hinter dem Twitter-Account <a href=\"https:\/\/twitter.com\/kriegundfreitag\" rel=\"noopener\" target=\"_blank\">&#8220;Krieg und Freitag&#8221;<\/a>.<br \/>\n<a href=\"https:\/\/www.tollabea.de\/krieg-und-freitag-zwischen-kunst-und-comic-ein-self-made-kuenstler-auf-twitter\/\" rel=\"noopener\" target=\"_blank\">&#8220;Krieg und Freitag: Zwischen Kunst und Comic. Ein Self-Made-K\u00fcnstler auf Twitter&#8221;.<\/a><\/p>\n","protected":false},"excerpt":{"rendered":"<p>Es wurde \u00fcber den Tag k\u00e4lter, im Verlauf gab&#8217;s Sonne. Ich machte noch bei Tageslicht Feierabend, spazierte \u00fcber einen Bankstopp nach Hause. Herr Kaltmamsell hatte aus dem Tintenfisch, den ich am Vortag vom Verdi mitgebracht hatte, pulpo a la gallega bereitet, mit Kartoffelst\u00fccken. Leider war der Tintenfisch selbst unzerkaubarer Hartgummi; da er nach unserer immer [&hellip;]<\/p>\n","protected":false},"author":2,"featured_media":0,"comment_status":"open","ping_status":"closed","sticky":false,"template":"","format":"standard","meta":{"footnotes":""},"categories":[6,2,1],"tags":[],"class_list":["post-42385","post","type-post","status-publish","format-standard","hentry","category-essen","category-fotos","category-general"],"_links":{"self":[{"href":"https:\/\/www.vorspeisenplatte.de\/speisen\/wp-json\/wp\/v2\/posts\/42385","targetHints":{"allow":["GET"]}}],"collection":[{"href":"https:\/\/www.vorspeisenplatte.de\/speisen\/wp-json\/wp\/v2\/posts"}],"about":[{"href":"https:\/\/www.vorspeisenplatte.de\/speisen\/wp-json\/wp\/v2\/types\/post"}],"author":[{"embeddable":true,"href":"https:\/\/www.vorspeisenplatte.de\/speisen\/wp-json\/wp\/v2\/users\/2"}],"replies":[{"embeddable":true,"href":"https:\/\/www.vorspeisenplatte.de\/speisen\/wp-json\/wp\/v2\/comments?post=42385"}],"version-history":[{"count":4,"href":"https:\/\/www.vorspeisenplatte.de\/speisen\/wp-json\/wp\/v2\/posts\/42385\/revisions"}],"predecessor-version":[{"id":42407,"href":"https:\/\/www.vorspeisenplatte.de\/speisen\/wp-json\/wp\/v2\/posts\/42385\/revisions\/42407"}],"wp:attachment":[{"href":"https:\/\/www.vorspeisenplatte.de\/speisen\/wp-json\/wp\/v2\/media?parent=42385"}],"wp:term":[{"taxonomy":"category","embeddable":true,"href":"https:\/\/www.vorspeisenplatte.de\/speisen\/wp-json\/wp\/v2\/categories?post=42385"},{"taxonomy":"post_tag","embeddable":true,"href":"https:\/\/www.vorspeisenplatte.de\/speisen\/wp-json\/wp\/v2\/tags?post=42385"}],"curies":[{"name":"wp","href":"https:\/\/api.w.org\/{rel}","templated":true}]}}