{"id":4245,"date":"2009-03-23T09:41:53","date_gmt":"2009-03-23T08:41:53","guid":{"rendered":"https:\/\/www.vorspeisenplatte.de\/speisen\/?p=4245"},"modified":"2009-03-23T09:41:53","modified_gmt":"2009-03-23T08:41:53","slug":"wochenendernte-familienedition","status":"publish","type":"post","link":"https:\/\/www.vorspeisenplatte.de\/speisen\/2009\/03\/wochenendernte-familienedition.htm","title":{"rendered":"Wochenendernte, Familienedition"},"content":{"rendered":"<p>Auf der samstagabendlichen Bahnfahrt zu meinem Geburtsort festgestellt, dass die sch\u00f6ne Tradition der M\u00e4nnerch\u00f6re auch in S\u00fcddeutschland lebt. Sie grenzt sich zu anderen M\u00e4nnerchor-Traditionen, zum Beispiel der walisischen, unverwechselbar ab: Es wird ausschlie\u00dflich fortissimo gesungen, die St\u00fccke verwenden auffallend oft das Wort \u201eBayern\u201c, und die S\u00e4nger unstreichen den Rhythmus der Darbietungen durch Fu\u00dfstampfen und \u201eHoi! Hoi!\u201c. Der Wortlaut der Lieder blieb mir leider verschlossen, da diese Sangestradition keinen Wert auf saubere Artikulation zu legen scheint.<\/p>\n<p>Gutschein eingel\u00f6st, den mir Neffe Nr. 1 (7 Jahre alt) zum Geburtstag geschenkt hatte: Einmal mit ihm um den Baggersee joggen. Ein Kind, das gerne joggt: Wie soll mir der Bub nicht unheimlich sein? Mein Bruder lief mit, Neffe Nr. 2 (5 Jahre alt) radelte vorneweg \u2013 als Gruppe waren wir also genau die Sorte Hindernis, die Jogger bis ins Mark hassen. Die regelm\u00e4\u00dfige Anweisungen meines Bruders an seinen kleinen Sohn, er solle sich doch bitte ganz rechts halten und auf die L\u00e4ufer R\u00fccksicht nehmen, waren selbstverst\u00e4ndlich fruchtlos; Schlangenlinien radeln ist einfach zu spa\u00dfig. Neffe Nr. 1 trabte die 40-min\u00fctige Runde locker neben uns her. Mir war es sehr recht, dass dadurch meine gewohnte Streckenl\u00e4nge halbiert wurde, da sich gerade ein ungem\u00fctlicher Infekt in meinen Atemwegen breit macht.<\/p>\n<p>Ich weigere mich, die einzigen drei verh\u00e4rmten Krokusse am Rand eines 5,2 Kilometer langen Uferweges als Fr\u00fchlingssymptom anzuerkennen.<\/p>\n<p>Gro\u00dfes Fr\u00fchst\u00fcck anl\u00e4sslich Vatergeburtstag. Meine Eltern nennen mittlerweile konsequent jedes gesellige Fr\u00fchst\u00fcck \u201eBrunch\u201c; eingeschritten bin ich erst, als sie von \u201eOsterbrunch\u201c sprachen und damit das gro\u00dfe Osterfr\u00fchst\u00fcck meinten, das in unserer Familie schon immer der Standard f\u00fcr Ostersonntag und -montag war.<\/p>\n<p>Auch am Tisch: Zwei Perlenketten bewehrte Damen Mitte 60, die mir detailliert vom j\u00fcngsten Boxkampf eines der Klitschko-Br\u00fcder erz\u00e4hlen und sich \u00fcber der Bewertung seines Boxstils im Vergleich zu dem seines Gegners in die Haare gerieten.<\/p>\n","protected":false},"excerpt":{"rendered":"<p>Auf der samstagabendlichen Bahnfahrt zu meinem Geburtsort festgestellt, dass die sch\u00f6ne Tradition der M\u00e4nnerch\u00f6re auch in S\u00fcddeutschland lebt. Sie grenzt sich zu anderen M\u00e4nnerchor-Traditionen, zum Beispiel der walisischen, unverwechselbar ab: Es wird ausschlie\u00dflich fortissimo gesungen, die St\u00fccke verwenden auffallend oft das Wort \u201eBayern\u201c, und die S\u00e4nger unstreichen den Rhythmus der Darbietungen durch Fu\u00dfstampfen und \u201eHoi! [&hellip;]<\/p>\n","protected":false},"author":2,"featured_media":0,"comment_status":"open","ping_status":"closed","sticky":false,"template":"","format":"standard","meta":{"footnotes":""},"categories":[1],"tags":[],"class_list":["post-4245","post","type-post","status-publish","format-standard","hentry","category-general"],"_links":{"self":[{"href":"https:\/\/www.vorspeisenplatte.de\/speisen\/wp-json\/wp\/v2\/posts\/4245","targetHints":{"allow":["GET"]}}],"collection":[{"href":"https:\/\/www.vorspeisenplatte.de\/speisen\/wp-json\/wp\/v2\/posts"}],"about":[{"href":"https:\/\/www.vorspeisenplatte.de\/speisen\/wp-json\/wp\/v2\/types\/post"}],"author":[{"embeddable":true,"href":"https:\/\/www.vorspeisenplatte.de\/speisen\/wp-json\/wp\/v2\/users\/2"}],"replies":[{"embeddable":true,"href":"https:\/\/www.vorspeisenplatte.de\/speisen\/wp-json\/wp\/v2\/comments?post=4245"}],"version-history":[{"count":0,"href":"https:\/\/www.vorspeisenplatte.de\/speisen\/wp-json\/wp\/v2\/posts\/4245\/revisions"}],"wp:attachment":[{"href":"https:\/\/www.vorspeisenplatte.de\/speisen\/wp-json\/wp\/v2\/media?parent=4245"}],"wp:term":[{"taxonomy":"category","embeddable":true,"href":"https:\/\/www.vorspeisenplatte.de\/speisen\/wp-json\/wp\/v2\/categories?post=4245"},{"taxonomy":"post_tag","embeddable":true,"href":"https:\/\/www.vorspeisenplatte.de\/speisen\/wp-json\/wp\/v2\/tags?post=4245"}],"curies":[{"name":"wp","href":"https:\/\/api.w.org\/{rel}","templated":true}]}}