{"id":43317,"date":"2018-03-14T06:48:55","date_gmt":"2018-03-14T05:48:55","guid":{"rendered":"https:\/\/www.vorspeisenplatte.de\/speisen\/?p=43317"},"modified":"2018-03-14T16:08:04","modified_gmt":"2018-03-14T15:08:04","slug":"journal-donnerstag-13-maerz-2018-abendausflug-ins-alte-schwabing","status":"publish","type":"post","link":"https:\/\/www.vorspeisenplatte.de\/speisen\/2018\/03\/journal-donnerstag-13-maerz-2018-abendausflug-ins-alte-schwabing.htm","title":{"rendered":"Journal <del>Donnerstag<\/del>Dienstag, 13. M\u00e4rz 2018 &#8211; Abendausflug ins alte Schwabing"},"content":{"rendered":"<p><a href=\"https:\/\/www.vorspeisenplatte.de\/speisen\/archiv\/180313_01_Theresienwiese.jpg\"><img loading=\"lazy\" decoding=\"async\" class=\"alignnone size-full wp-image-43324\" src=\"https:\/\/www.vorspeisenplatte.de\/speisen\/archiv\/180313_01_Theresienwiese.jpg\" alt=\"\" width=\"581\" height=\"432\" \/><\/a><\/p>\n<p>Ein sonniger Tag, der mir das B\u00fcro aufs Angenehmste w\u00e4rmte.<\/p>\n<p>Nach Feierabend nahm ich eine U-Bahn nach Schwabing, wo ich im B\u00fcro des Lustspielhauses Kabarettkarten abholte: Am Sonntag hatte ich auf einer Litfasss\u00e4ule gesehen, <a href=\"https:\/\/www.lustspielhaus.de\/kuenstler.php?p_id=3113\" target=\"_blank\" rel=\"noopener\">dass Hazel Brugger nach M\u00fcnchen kommt<\/a>.<br \/>\nIch bin immer wieder entz\u00fcckt von diesem Puppenhausstadtteil M\u00fcnchens: Schwabing zwischen M\u00fcnchner Freiheit \/ Leopoldstra\u00dfe und Englischem Garten.<\/p>\n<p>Von dort ging ich ein St\u00fcndchen zu Fu\u00df nach Hause, durch milde Luft (aber lieber mit M\u00fctze: es blies ein scharfer Wind), unter sch\u00f6nen Abendwolken, Pok\u00e9mon fangend.<\/p>\n<p>Zum Nachtmahl mit Herrn Kaltmamsell eine weitere Pizzeria in der N\u00e4he ausprobiert, die zu meiner Freude auch Calzone anbot. War dann lediglich akzeptabel.<\/p>\n<p>\u00a7<\/p>\n<p>Die Einrichtung &#8220;Die Tafeln&#8221; wird 25 Jahre alt und ist ohnehin derzeit viel im Gespr\u00e4ch, da manche Standorte nur noch an deutsche Staatsb\u00fcrger ausgeben wollen. Mich hat vor allem erschreckt, wie etabliert dieses Almosen-System inzwischen ist: Ich las mehrfach, dass Arbeitsamt-Angestellte ALG II-Empf\u00e4nger gezielt dorthin schicken, dass Die Tafeln inzwischen offiziell in unserem Sozialsystem eingepreist sind.<\/p>\n<p>Es ist, wie immer, kompliziert. Kathrin Hartmann f\u00fchrt einige Aspekte im <i>Freitag<\/i> aus:<br \/>\n<a href=\"https:\/\/www.freitag.de\/autoren\/der-freitag\/sagt-huebsch-danke\" target=\"_blank\" rel=\"noopener\">&#8220;Sagt h\u00fcbsch danke&#8221;.<\/a><\/p>\n<blockquote><p>Es ist dieser moralisch verbr\u00e4mte Pragmatismus, der den Tafeln so hohes Ansehen in Gesellschaft, Wirtschaft, Politik und bei Umweltverb\u00e4nden verschafft: Sie suggerieren, mit dem Verteilen des \u201eZuviel\u201c an jene, die \u201ezu wenig\u201c haben, die tiefe Kluft zwischen Arm und Reich zu \u00fcberbr\u00fccken. Eine primitive Inszenierung, die Armut darauf reduziert, nicht gen\u00fcgend zu essen zu haben. \u201eIn Deutschland muss niemand hungern\u201c \u2013 diese autorit\u00e4re wie ignorante Stammtischweisheit findet an den Tafeln ihre praktische Umsetzung.<\/p><\/blockquote>\n<p>(&#8230;)<\/p>\n<blockquote><p>Armut und \u00dcberfluss sind zwei Seiten einer Medaille. Was beides miteinander verbindet, ist die kapitalistische Wachstumslogik. \u201eZwei Arten von Lastwagen fahren Tag f\u00fcr Tag von den Fabrikh\u00f6fen\u201c, schreibt der Philosoph Zygmunt Bauman, \u201edie einen steuern die Lagerhallen und Kaufh\u00e4user an, die anderen die M\u00fclldeponien.\u201c Verschwendung ist der Motor der Konsumgesellschaft: Nur wenn viel weggeworfen wird, wird auch viel gekauft. Und weil die Wahlfreiheit des Konsumenten im Supermarkt wie ein Menschenrecht gehandelt wird, wachsen die M\u00fcllberge.<\/p><\/blockquote>\n<p>(&#8230;)<\/p>\n<blockquote><p>Mitgef\u00fchl ist die dritte S\u00e4ule im System Tafel: Im Mittelpunkt stehen nicht die Armen, sondern ihre Versorger, die Ehrenamtlichen. Die \u201epraktisch gelebte Solidarit\u00e4t\u201c heben die Tafeln besonders in den Vordergrund. In ihrer Au\u00dfendarstellung, in Brosch\u00fcren, auf Fotos, in den Medien, dominieren Spender und freiwillige Helfer. Die Armen selbst sind meist nur Statisten im gro\u00dfen Ehrenamtsblockbuster, anonyme \u201eObjekte der F\u00fcrsorge\u201c, wie es der Soziologe Georg Simmel beschreibt, an denen die Besitzenden Gro\u00dfz\u00fcgigkeit und Mildt\u00e4tigkeit demonstrieren k\u00f6nnen.<\/p><\/blockquote>\n<p>(&#8230;)<\/p>\n<blockquote><p>Zu den lokalen Spendern der Tafel geh\u00f6ren dort nicht nur Superm\u00e4rkte und die ans\u00e4ssige Industrie. Sondern auch Golfclubs und Elite-Zirkel wie Rotary- und Lions-Club, deren Symbole auf den gespendeten Lieferwagen prangen. Mit der selbst formulierten Pflicht zur Mildt\u00e4tigkeit legitimieren die Reichen durch Charity ihren Status, schlie\u00dflich \u201egeben sie ja etwas zur\u00fcck\u201c. Aber was, muss man fragen, haben sie denn vorher weggenommen?<\/p><\/blockquote>\n<p>\u00a7<\/p>\n<p>Blogger Schneck hat vor zweieinhalb Jahren mit seienr Frau zwei afghanische Burschen (Unbegleitete Minderj\u00e4hrige Fl\u00fcchtlinge, UMF) als Pflegefamilie aufgenommen. Jetzt fasst er ausf\u00fchrlich die bisherigen Erfahrungen und den Stand der Dinge zusammen:<br \/>\n<a href=\"http:\/\/schneckinternational.me\/2018\/03\/11\/frau-mullah-et-consorten\/\" target=\"_blank\" rel=\"noopener\">&#8220;Frau Mullah et. Consorten&#8221;.<\/a><\/p>\n<blockquote><p>Es ist ein langer Weg zum Verst\u00e4ndnis von Solidarsystemen. Vor allem sicherlich, wenn man in einem Land wie Afghanistan aufgewachsen ist, wo es ja meist keinerlei \u201eStaat\u201c mehr gibt, auf dessen Strukturen man sich verlassen k\u00f6nnte. Und aber auch hier bei uns, Abteilung Hip-Hop. Wenn Ruhm und Reichtum aus halbkriminellen Karrieren erwachsen und jeder weitere Knastaufenthalt eines Prominenten von den Fans insgeheim gefeiert wird. Die \u201eFrech kommt weiter\u201c-Mentalit\u00e4t \u2013 oft vorgemacht, sogar ja bei Volkswagen \u2013 ist nicht hilfreich, wenn man hier den Wert gesellschaftlicher Grundsysteme verinnerlichen soll. Vor allem, wenn man die noch gar nicht kannte.<\/p><\/blockquote>\n<p>via <a href=\"https:\/\/readonmydear.wordpress.com\/\" target=\"_blank\" rel=\"noopener\">Readonmydear<\/a><\/p>\n","protected":false},"excerpt":{"rendered":"<p>Ein sonniger Tag, der mir das B\u00fcro aufs Angenehmste w\u00e4rmte. Nach Feierabend nahm ich eine U-Bahn nach Schwabing, wo ich im B\u00fcro des Lustspielhauses Kabarettkarten abholte: Am Sonntag hatte ich auf einer Litfasss\u00e4ule gesehen, dass Hazel Brugger nach M\u00fcnchen kommt. Ich bin immer wieder entz\u00fcckt von diesem Puppenhausstadtteil M\u00fcnchens: Schwabing zwischen M\u00fcnchner Freiheit \/ Leopoldstra\u00dfe [&hellip;]<\/p>\n","protected":false},"author":2,"featured_media":0,"comment_status":"open","ping_status":"closed","sticky":false,"template":"","format":"standard","meta":{"footnotes":""},"categories":[2,1],"tags":[],"class_list":["post-43317","post","type-post","status-publish","format-standard","hentry","category-fotos","category-general"],"_links":{"self":[{"href":"https:\/\/www.vorspeisenplatte.de\/speisen\/wp-json\/wp\/v2\/posts\/43317","targetHints":{"allow":["GET"]}}],"collection":[{"href":"https:\/\/www.vorspeisenplatte.de\/speisen\/wp-json\/wp\/v2\/posts"}],"about":[{"href":"https:\/\/www.vorspeisenplatte.de\/speisen\/wp-json\/wp\/v2\/types\/post"}],"author":[{"embeddable":true,"href":"https:\/\/www.vorspeisenplatte.de\/speisen\/wp-json\/wp\/v2\/users\/2"}],"replies":[{"embeddable":true,"href":"https:\/\/www.vorspeisenplatte.de\/speisen\/wp-json\/wp\/v2\/comments?post=43317"}],"version-history":[{"count":3,"href":"https:\/\/www.vorspeisenplatte.de\/speisen\/wp-json\/wp\/v2\/posts\/43317\/revisions"}],"predecessor-version":[{"id":43336,"href":"https:\/\/www.vorspeisenplatte.de\/speisen\/wp-json\/wp\/v2\/posts\/43317\/revisions\/43336"}],"wp:attachment":[{"href":"https:\/\/www.vorspeisenplatte.de\/speisen\/wp-json\/wp\/v2\/media?parent=43317"}],"wp:term":[{"taxonomy":"category","embeddable":true,"href":"https:\/\/www.vorspeisenplatte.de\/speisen\/wp-json\/wp\/v2\/categories?post=43317"},{"taxonomy":"post_tag","embeddable":true,"href":"https:\/\/www.vorspeisenplatte.de\/speisen\/wp-json\/wp\/v2\/tags?post=43317"}],"curies":[{"name":"wp","href":"https:\/\/api.w.org\/{rel}","templated":true}]}}