{"id":43328,"date":"2018-03-15T09:16:06","date_gmt":"2018-03-15T08:16:06","guid":{"rendered":"https:\/\/www.vorspeisenplatte.de\/speisen\/?p=43328"},"modified":"2018-03-15T09:16:06","modified_gmt":"2018-03-15T08:16:06","slug":"journal-mittwoch-14-maerz-2018-guter-haarschnitt-unangehme-erinnerungen","status":"publish","type":"post","link":"https:\/\/www.vorspeisenplatte.de\/speisen\/2018\/03\/journal-mittwoch-14-maerz-2018-guter-haarschnitt-unangehme-erinnerungen.htm","title":{"rendered":"Journal Mittwoch, 14. M\u00e4rz 2018 &#8211;  Guter Haarschnitt, unangehme Erinnerungen"},"content":{"rendered":"<p>Eigentlich ging&#8217;s schon Dienstagabend los, in der Nacht zum Mittwoch weiter, den Mittwoch \u00fcber war&#8217;s nicht mehr zu leugnen: Ich wurde krank. Eine Erk\u00e4ltung, zwar nicht schlimm, aber halt nicht nichts &#8211; und vor allem ein m\u00f6glicher Infektionsherd f\u00fcr Mitmenschen, die dann wegen geringerer Robustheit als meiner l\u00e4nger ausfallen.<\/p>\n<p>Bl\u00f6derweise hatte ich abends einen Friseutermin, auf den ich mich wegen Eingewuchertgef\u00fchl seit zwei Wochen gefreut hatte. F\u00fcr diesen kratzte ich also meine Energie zusammen und nahm ihn wahr &#8211; was es nicht nur wegen eines guten Haarschnitts wert war, sondern auch weil ich erfuhr, welch verschiedene Auswirkungen Pr\u00fcgel in der Kindheit haben k\u00f6nnen. Keine davon gut, das war aber schon vorher klar. Hier wieder die rituelle Verlinkung auf die Antwort von Kinderdok zur Frage: <a href=\"https:\/\/kinderdok.blog\/2015\/10\/09\/darf-man-kinder-schlagen\/\" rel=\"noopener\" target=\"_blank\">&#8220;Darf man Kinder schlagen?&#8221;<\/a><br \/>\nOffen blieb, wie man mit dem <a href=\"https:\/\/de.wikipedia.org\/wiki\/Gaslighting\" rel=\"noopener\" target=\"_blank\"><i>Gaslighting<\/i><\/a> von Eltern umgeht, die mit wachsendem zeitlichen Abstand immer mehr davon bestreiten.<br \/>\n(&#8220;Damit&#8217;st wenigstens einen Grund f\u00fcr dein Geflenne hast!&#8221; &#8211; ist ja nie passiert.)<\/p>\n<p>Daheim (Herr Kaltmamsell auf Gesch\u00e4ftsreise) Hunger, wenig Appetit, aber Sehnsucht nach einer warmen Mahlzeit. Die L\u00f6sung: Grie\u00dfbrei! Zufriedenheit in nur 15 Minuten.<\/p>\n<p>Aspirin, Nasenspray, Bett.<\/p>\n<p>\u00a7<\/p>\n<p>\u00dcberlegungen von Antje Schrupp zur aktuellen Diskussion \u00fcber geschlechtergerechte Sprache &#8211; mal wieder gegen den Strich:<br \/>\n<a href=\"https:\/\/antjeschrupp.com\/2018\/03\/14\/sprache-es-geht-nicht-um-das-mitgemeintsein-von-frauen\/\" rel=\"noopener\" target=\"_blank\">&#8220;Sprache: Es geht nicht um das &#8216;Mitgemeintsein&#8217; von Frauen&#8221;.<\/a><\/p>\n<blockquote><p><strong>Das ist es: Was Leute wie Eisenberg und Co. \u00e4rgert ist nicht die Sichtbarmachung des Weiblichen, sondern die Sichtbarmachung des M\u00e4nnlichen als Sexus.<\/strong><\/p>\n<p>Das Problem am generischen Maskulinum ist n\u00e4mlich in der Tat nicht, dass es Frauen nicht sichtbar machen und nicht benennen w\u00fcrde. Denn tats\u00e4chlich ist es nach diesem herk\u00f6mmlichen Sprachverst\u00e4ndnis ja m\u00f6glich, Frauen sichtbar zu machen und zu benennen: Man muss an die W\u00f6rter nur ein \u201e-in\u201c dranh\u00e4ngen. Was hingegen bei Verwendung eines generischen Maskulinums NICHT m\u00f6glich ist, das ist die Sichbarmachung von M\u00e4nnern als spezifische Gruppe. Weil Bezeichnungen f\u00fcr M\u00e4nner einfach identisch sind mit Bezeichnungen f\u00fcr Menschen.<\/p><\/blockquote>\n<p>(&#8230;)<\/p>\n<blockquote><p>Es w\u00fcrde auch das Unbehagen aufgreifen, das ja auch viele Frauen schon immer gegen die \u201egeschlechtergerechte\u201c Sprache haben, weil es ja tats\u00e4chlich stimmt, dass auf diese Weise beim Sprechen st\u00e4ndig Geschlechtlichkeit adressiert wird, auch dann, wenn sie im Kontext des Gesagten \u00fcberhaupt keine Rolle spielt.<\/p><\/blockquote>\n<p>(Nochmal der Hinweis auf meinen seinerzeit eher scherzhaften Gegenvorschlag, der vielleicht doch eine ernsthafte \u00dcberlegung wert ist? <a href=\"https:\/\/www.vorspeisenplatte.de\/speisen\/2005\/01\/wenn-die-neue-abteilungsleite-ihre-pressespreche-anruft.htm\" rel=\"noopener\" target=\"_blank\">&#8220;Wenn die neue Abteilungsleite ihre Pressespreche anruft&#8221;.<\/a>)<\/p>\n","protected":false},"excerpt":{"rendered":"<p>Eigentlich ging&#8217;s schon Dienstagabend los, in der Nacht zum Mittwoch weiter, den Mittwoch \u00fcber war&#8217;s nicht mehr zu leugnen: Ich wurde krank. Eine Erk\u00e4ltung, zwar nicht schlimm, aber halt nicht nichts &#8211; und vor allem ein m\u00f6glicher Infektionsherd f\u00fcr Mitmenschen, die dann wegen geringerer Robustheit als meiner l\u00e4nger ausfallen. Bl\u00f6derweise hatte ich abends einen Friseutermin, [&hellip;]<\/p>\n","protected":false},"author":2,"featured_media":0,"comment_status":"open","ping_status":"closed","sticky":false,"template":"","format":"standard","meta":{"footnotes":""},"categories":[1],"tags":[],"class_list":["post-43328","post","type-post","status-publish","format-standard","hentry","category-general"],"_links":{"self":[{"href":"https:\/\/www.vorspeisenplatte.de\/speisen\/wp-json\/wp\/v2\/posts\/43328","targetHints":{"allow":["GET"]}}],"collection":[{"href":"https:\/\/www.vorspeisenplatte.de\/speisen\/wp-json\/wp\/v2\/posts"}],"about":[{"href":"https:\/\/www.vorspeisenplatte.de\/speisen\/wp-json\/wp\/v2\/types\/post"}],"author":[{"embeddable":true,"href":"https:\/\/www.vorspeisenplatte.de\/speisen\/wp-json\/wp\/v2\/users\/2"}],"replies":[{"embeddable":true,"href":"https:\/\/www.vorspeisenplatte.de\/speisen\/wp-json\/wp\/v2\/comments?post=43328"}],"version-history":[{"count":3,"href":"https:\/\/www.vorspeisenplatte.de\/speisen\/wp-json\/wp\/v2\/posts\/43328\/revisions"}],"predecessor-version":[{"id":43341,"href":"https:\/\/www.vorspeisenplatte.de\/speisen\/wp-json\/wp\/v2\/posts\/43328\/revisions\/43341"}],"wp:attachment":[{"href":"https:\/\/www.vorspeisenplatte.de\/speisen\/wp-json\/wp\/v2\/media?parent=43328"}],"wp:term":[{"taxonomy":"category","embeddable":true,"href":"https:\/\/www.vorspeisenplatte.de\/speisen\/wp-json\/wp\/v2\/categories?post=43328"},{"taxonomy":"post_tag","embeddable":true,"href":"https:\/\/www.vorspeisenplatte.de\/speisen\/wp-json\/wp\/v2\/tags?post=43328"}],"curies":[{"name":"wp","href":"https:\/\/api.w.org\/{rel}","templated":true}]}}