{"id":43433,"date":"2018-03-22T06:11:27","date_gmt":"2018-03-22T05:11:27","guid":{"rendered":"https:\/\/www.vorspeisenplatte.de\/speisen\/?p=43433"},"modified":"2018-03-29T15:21:43","modified_gmt":"2018-03-29T14:21:43","slug":"journal-mittwoch-21-maerz-2018-der-moeglicherweise-graesslichste-cocktail-der-welt","status":"publish","type":"post","link":"https:\/\/www.vorspeisenplatte.de\/speisen\/2018\/03\/journal-mittwoch-21-maerz-2018-der-moeglicherweise-graesslichste-cocktail-der-welt.htm","title":{"rendered":"Journal Mittwoch, 21. M\u00e4rz 2018 &#8211; Der m\u00f6glicherweise gr\u00e4sslichste Cocktail der Welt"},"content":{"rendered":"<p>Aufgewacht zm Schabger\u00e4usch des Schneer\u00e4umens und Schneefall. (Aber beim Weckerklingeln um 6 Uhr war der Tag schon angebrochen.)<\/p>\n<p>Wie schon seit Montag war meine <i>S\u00fcddeutsche<\/i> wieder nicht bis zum Verlassen der Wohnung kurz nach halb acht geliefert worden, ich musste mir mittags ein Exemplar zum Lesen ausleihen (nach Feierabend bin ich zu unkonzentriert zum Zeitunglesen). Wenn das nicht sp\u00e4testens n\u00e4chste Woche besser wird, werde ich protestieren m\u00fcssen (es ist Auslieferung bis 7 Uhr zugesagt).<\/p>\n<p>Wieder keine Lust auf Abendsport. P\u00fcnktlich Feierabend gemacht, daheim mit einem (koffeinfreien) Milchkaffee gem\u00fctlich im Sessel den Zombieroman <em>The girl with all the gifts<\/em> gelesen.<\/p>\n<p>Dienstag hatte Herr Kaltmamsell Rindfleisch gekocht, aus der reduzierten Br\u00fche wollte er einen klassischen, aber besonders verwegenen Cocktail machen: <a href=\"https:\/\/www.theguardian.com\/lifeandstyle\/2013\/jan\/26\/bullshot-cocktail-drink-recipe\" target=\"_blank\" rel=\"noopener\">Bullshot.<\/a> Den servierte er als Aperitiv: Schmeckte ganz au\u00dferordentlich gr\u00e4sslich. Mir zumindeste, der Herr brachte sogar zwei davon runter.<\/p>\n<p>Kulinarische Rettung des Abends: Ich bekam Carbonara serviert.<\/p>\n<p>\u00a7<\/p>\n<p>Gestern entdeckte ich, dass Sibylle Berg eine wunderbare Interviewerin ist. Sie f\u00fchrt n\u00e4mlich f\u00fcr republik.ch die Reihe &#8220;Nerds retten die Welt!&#8221;. Aktuelles Interview:<br \/>\n<a href=\"https:\/\/www.republik.ch\/2018\/03\/20\/nerds-retten-die-welt-3\" target=\"_blank\" rel=\"noopener\">&#8220;Folge 3:<br \/>\n<\/a><a href=\"https:\/\/www.republik.ch\/2018\/03\/20\/nerds-retten-die-welt-3\" target=\"_blank\" rel=\"noopener\">Gespr\u00e4ch mit Jens Foell, Neuropsychologe.&#8221;<\/a><\/p>\n<p>Zum Beispiel:<\/p>\n<blockquote><p>Sie haben \u00fcber Nekrophilie geforscht. Ein relativ schlecht erforschtes Hobby. Was haben Sie herausgefunden?<\/p><\/blockquote>\n<p>\u00a7<\/p>\n<p>Viele Eltern haben es tats\u00e4chlich schwer, ihre Kinder von Internet-Endger\u00e4ten wegzubekommen, wenigsten f\u00fcr ein paar Stunden am Tag. Das kann schon mal in die N\u00e4he von Verzweiflung f\u00fchren:<br \/>\n<a href=\"http:\/\/www.buddenbohm-und-soehne.de\/2018\/03\/21\/duedeluet\/\" target=\"_blank\" rel=\"noopener\">&#8220;*d\u00fcdel\u00fct*&#8221;.<\/a><\/p>\n<p>\u00a7<\/p>\n<p>Der unsinnigen Aussage, man d\u00fcrfe in Deutschland $unfreundlicheAussage nicht mehr sagen, kann man nur mit Humor begegnen. Weil der sich noch am vern\u00fcnftigsten anh\u00f6rt. Sophie Passmann macht&#8217;s vor:<br \/>\n<a href=\"https:\/\/daily.spiegel.de\/meinung\/sophie-passmann-ueber-die-angebliche-meinungsdiktatur-in-deutschland-a-71834\" target=\"_blank\" rel=\"noopener\">&#8220;Flutschfinger und Hitlergru\u00df&#8221;.<\/a><\/p>\n<blockquote><p>Solange es rumst in Deutschland, haben wir keine Meinungsdiktatur. Solange wir streiten und spucken und bei\u00dfen, uns emp\u00f6ren \u00fcber Montagsdemos von &#8220;Reichsb\u00fcrgern&#8221; und die sich wiederum emp\u00f6ren \u00fcber die B\u00fcrgerlichen, solange die Tagesschau die Kriegsbilder aus Afrin zeigt und gleichzeitig von der Reise der AfD-Politiker ins &#8220;sonnige Syrien&#8221; berichtet, streiten wir weiter, und keine Meinung wird diktiert. Gesundheitsminister Jens Spahn darf den Paragrafen 219a aus der ganz rechten Ecke verteidigen, und au\u00dfer b\u00f6se Gegenrede hat er nichts zu bef\u00fcrchten.<\/p><\/blockquote>\n<p>\u00a7<\/p>\n<p>Au\u00dferdem war gestern World Down Syndrom Day.<\/p>\n<div class=\"video-wrapped\" style=\"width: 500px; height: 281px; background-image: url('https:\/\/www.vorspeisenplatte.de\/speisen\/wp-content\/plugins\/video-embed-privacy\/preview\/Biex1XR_mpo.jpg')\" data-embed-frame=\"&lt;iframe title=&quot;50 Mums | 50 Kids | 1 Extra Chromosome&quot; width=&quot;500&quot; height=&quot;281&quot; src=&quot;https:\/\/www.youtube.com\/embed\/Biex1XR_mpo?feature=oembed&quot; frameborder=&quot;0&quot; allow=&quot;accelerometer; autoplay; clipboard-write; encrypted-media; gyroscope; picture-in-picture; web-share&quot; referrerpolicy=&quot;strict-origin-when-cross-origin&quot; allowfullscreen&gt;&lt;\/iframe&gt;\" data-embed-play=\"Abspielen&lt;div class=&quot;small&quot;&gt;Das Video wird von Youtube eingebettet abespielt. Es gilt die &lt;a href=&quot;https:\/\/www.google.com\/intl\/de\/policies\/privacy\/&quot; target=&quot;_blank&quot;&gt;Datenschutzerkl\u00e4rung von Google&lt;\/a&gt;&lt;\/div&gt;\">\n<div class=\"video-wrapped-nojs\">Aktivieren Sie JavaScript um das Video zu sehen.<br \/><a href=\"https:\/\/youtu.be\/Biex1XR_mpo\">https:\/\/youtu.be\/Biex1XR_mpo<\/a><\/div>\n<\/div>\n","protected":false},"excerpt":{"rendered":"<p>Aufgewacht zm Schabger\u00e4usch des Schneer\u00e4umens und Schneefall. (Aber beim Weckerklingeln um 6 Uhr war der Tag schon angebrochen.) Wie schon seit Montag war meine S\u00fcddeutsche wieder nicht bis zum Verlassen der Wohnung kurz nach halb acht geliefert worden, ich musste mir mittags ein Exemplar zum Lesen ausleihen (nach Feierabend bin ich zu unkonzentriert zum Zeitunglesen). [&hellip;]<\/p>\n","protected":false},"author":2,"featured_media":0,"comment_status":"open","ping_status":"closed","sticky":false,"template":"","format":"standard","meta":{"footnotes":""},"categories":[6,1],"tags":[],"class_list":["post-43433","post","type-post","status-publish","format-standard","hentry","category-essen","category-general"],"_links":{"self":[{"href":"https:\/\/www.vorspeisenplatte.de\/speisen\/wp-json\/wp\/v2\/posts\/43433","targetHints":{"allow":["GET"]}}],"collection":[{"href":"https:\/\/www.vorspeisenplatte.de\/speisen\/wp-json\/wp\/v2\/posts"}],"about":[{"href":"https:\/\/www.vorspeisenplatte.de\/speisen\/wp-json\/wp\/v2\/types\/post"}],"author":[{"embeddable":true,"href":"https:\/\/www.vorspeisenplatte.de\/speisen\/wp-json\/wp\/v2\/users\/2"}],"replies":[{"embeddable":true,"href":"https:\/\/www.vorspeisenplatte.de\/speisen\/wp-json\/wp\/v2\/comments?post=43433"}],"version-history":[{"count":3,"href":"https:\/\/www.vorspeisenplatte.de\/speisen\/wp-json\/wp\/v2\/posts\/43433\/revisions"}],"predecessor-version":[{"id":43554,"href":"https:\/\/www.vorspeisenplatte.de\/speisen\/wp-json\/wp\/v2\/posts\/43433\/revisions\/43554"}],"wp:attachment":[{"href":"https:\/\/www.vorspeisenplatte.de\/speisen\/wp-json\/wp\/v2\/media?parent=43433"}],"wp:term":[{"taxonomy":"category","embeddable":true,"href":"https:\/\/www.vorspeisenplatte.de\/speisen\/wp-json\/wp\/v2\/categories?post=43433"},{"taxonomy":"post_tag","embeddable":true,"href":"https:\/\/www.vorspeisenplatte.de\/speisen\/wp-json\/wp\/v2\/tags?post=43433"}],"curies":[{"name":"wp","href":"https:\/\/api.w.org\/{rel}","templated":true}]}}