{"id":43481,"date":"2018-03-25T08:52:27","date_gmt":"2018-03-25T07:52:27","guid":{"rendered":"https:\/\/www.vorspeisenplatte.de\/speisen\/?p=43481"},"modified":"2018-03-25T16:22:10","modified_gmt":"2018-03-25T15:22:10","slug":"journal-samstag-24-maerz-2018-wochenendsport-im-wohnzimmer","status":"publish","type":"post","link":"https:\/\/www.vorspeisenplatte.de\/speisen\/2018\/03\/journal-samstag-24-maerz-2018-wochenendsport-im-wohnzimmer.htm","title":{"rendered":"Journal Samstag, 24. M\u00e4rz 2018 &#8211; Wochenendsport im Wohnzimmer"},"content":{"rendered":"<p>Sonne! Wie angek\u00fcndigt bekamen wir einen strahlend sonnigen Fr\u00fchlingstag, an dem allerdings ein empfindlich kalter Wind pfiff.<\/p>\n<p>Zum Ausleben meines Bewegungsdrangs r\u00e4umte ich das Wohnzimmer frei. Eigentlich hatte ich vorgehabt, wieder beim MTV zu turnen, doch die Aussicht auf \u00e4hnlich langweiliges Angebot wie die vergangenen beiden Wochen hielten mich ab. Und da war mir eine \u00dcbungsrunde auf Fitnessblender eingefallen: <a href=\"https:\/\/youtu.be\/Co9CpHYl20M\" rel=\"noopener\" target=\"_blank\">&#8220;1000 Calorie Workout Video &#8211; At Home HIIT Cardio, Strength, and Abs Workout to Burn 1000 Calories&#8221;<\/a>.<\/p>\n<p>Eingemerkt hatte ich diese Programm schon vor zwei Jahren; mich reizten weniger die behaupteten 1000 Kalorien Verbrauch (<a href=\"https:\/\/www.vorspeisenplatte.de\/speisen\/2017\/06\/an-kalorien-glaube-ich-nicht.htm\" rel=\"noopener\" target=\"_blank\">ich glaube ja nicht an Kalorien<\/a>), sondern die 90 Minuten Rundumtraining.<\/p>\n<p>Die Aufw\u00e4rmphase verl\u00e4ngerte ich: Mein pers\u00f6nlicher Puls m\u00f6chte \u00fcber l\u00e4ngere Zeit und langsam hochgeschraubt werden, sonst protestiert mein System mit rotem Kopf und Schwindel. Zudem machte ich l\u00e4ngere Pausen (die <a href=\"https:\/\/www.fitnessblender.com\/\" rel=\"noopener\" target=\"_blank\">Fitnessblender<\/a>-Programme sind immer recht zackig und im Grunde Nettozeit an \u00dcbungen, immer wieder wird darauf hingewiesen, dass man jederzeit mit der Pausentaste unterbrechen darf): Trinken, W\u00e4sche aus der Waschmaschine holen, mehr Wasser. So kam ich auf \u00fcber 100 Minuten Sport. Der HIIT-Teil war angenehm anstrengend, beim Krafttraining musste ich allerdings zweimal aussetzen, weil mir vom schnellen Wechsel zwischen Bewegung in Bodenlage und aufrechter Haltung innerhalb einer \u00dcbung schlecht wurde.<\/p>\n<p>Jetzt bin ich sehr gespannt, ob die Prognose des Vorturnerpaares Daniel und Kelli stimmt, dass ich am Folgetag unter einem Ganzk\u00f6rpermuskelkater leiden werde.<\/p>\n<p>Nachdenken \u00fcber meine Geburtsstadt (caveat: Ich habe ein unerkl\u00e4rlicherweise aber extrem emotional gest\u00f6rtes Verh\u00e4ltnis zu Ingolstadt und bin deshalb die denkbar am wenigsten glaubw\u00fcrdige Quelle f\u00fcr Beurteilungen aller Art.): Ihr Zentrum ist vielleicht das perfekte Beispiel f\u00fcr das Gegenteil von Gentrifizierung. Wo mal Handwerk, Metzgereien, kleine L\u00e4den und Gastronomie waren, sind jetzt Versicherungsb\u00fcros, Immobilienmakler, im besten Fall noch Arztpraxen. Ich wei\u00df verl\u00e4sslich, dass in der Innenstadt Menschen wohnen, doch das ist eine Parallelgesellschaft. &#8220;Angesagte Wohngegenden&#8221; bestehen aus Einfamilienh\u00e4usern mit Dreifachgaragen. (Mag nicht der entflohene Ingolst\u00e4dter Roman Deininger von der <i>SZ<\/i>, der zum Bundesliga-Aufstieg der \u00f6rtlichen M\u00e4nnerfu\u00dfballmannschaft <a href=\"http:\/\/www.sueddeutsche.de\/politik\/ingolstadt-zur-sonne-1.2496322?reduced=true\" rel=\"noopener\" target=\"_blank\">diesen hinrei\u00dfend treffenden Artikel \u00fcber seine Geburtsstadt geschrieben hatte<\/a> (\u20ac), diesen Aspekt mal aufarbeiten? Nebenbei: Kennen Sie <a href=\"https:\/\/www.bdzv.de\/twp\/nominierte-texte\/2017\/roman-deininger\/\" rel=\"noopener\" target=\"_blank\">diesen Artikel von Deininger vom letzten Jahr \u00fcber jetzt Ministerpr\u00e4sident S\u00f6der<\/a>?)<\/p>\n<p>Kleine Einkaufsrunde auf dem Klenzemarkt, dann den Raumduft &#8220;R\u00fchrkuchen&#8221; erzeugt.<\/p>\n<p><a href=\"https:\/\/www.vorspeisenplatte.de\/speisen\/archiv\/180324_01_Marmorkuchen.jpg\"><img loading=\"lazy\" decoding=\"async\" src=\"https:\/\/www.vorspeisenplatte.de\/speisen\/archiv\/180324_01_Marmorkuchen.jpg\" alt=\"\" width=\"393\" height=\"489\" class=\"alignnone size-full wp-image-43491\" \/><\/a><\/p>\n<p>Treffen mit Freundin in Caf\u00e9 auf einen Aper\u00f3, gemischte Nachrichten aus der akademischen Welt. (Was ganz anderes: <a href=\"http:\/\/www.swiss-miss.com\/2018\/02\/nanimarquina-shade-rug.html\" rel=\"noopener\" target=\"_blank\">Mag mir jemand diesen Teppich schenken?<\/a> Respektive aus USA mitbringen?)<\/p>\n<p>Zum Abendessen fand Herr Kaltmamsell heraus, <a href=\"https:\/\/www.instagram.com\/p\/Bgt34wAAYO0\/\" rel=\"noopener\" target=\"_blank\">wie Suppe aus lila Karotten aussieht<\/a>.<\/p>\n<p>\u00a7<\/p>\n<p>Die Medien sind voll von Warnungen und Analysen zu Facebook, <a href=\"http:\/\/www.sueddeutsche.de\/news\/wirtschaft\/computer-facebook-droht-existenzkrise-nach-datenskandal-dpa.urn-newsml-dpa-com-20090101-180321-99-580632\" rel=\"noopener\" target=\"_blank\">weil eine eingebundene App von Cambridge Analytica die Daten einer Umfrage auf Facebook und Profildaten von Nutzern und deren Kontakten f\u00fcr gezielte politische Werbung genutzt hatte<\/a>. Dieser konkrete Datenmissbrauch will mich nicht so recht ersch\u00fcttern &#8211; vielleicht weil ich immer schon wusste, dass meine bei Facebook hinterlegten Daten und Verbindungen praktisch \u00f6ffentlich sind. Und dass Facebook alle meine Bewegungen im Web trackt, solange ich nicht ausgeloggt bin (wer loggt sich bitte nach jedem Facebook-Besuch aus?). Das finde ich durchaus nicht gut, aber anderes beunruhigt mich viel mehr.<\/p>\n<p>N\u00e4mlich zum Beispiel, dass die Bayerische Staatsregierung die Befugnisse der Polizei massiv ausweiten will. Sie f\u00fchrt mal kurz die Kategorie &#8220;drohende Gefahr&#8221; ein <a href=\"http:\/\/www.sueddeutsche.de\/bayern\/kriminalitaet-bayern-will-die-befugnisse-der-polizei-massiv-ausweiten-1.3912091\" rel=\"noopener\" target=\"_blank\">und setzt in diesen F\u00e4llen unter anderem B\u00fcrgerrechte wie Post- und Telekommunikationsgeheimnis au\u00dfer Kraft<\/a>.<\/p>\n<p>Marie Br\u00f6ckling dazu auf <i>netzpolitik.org<\/i>:<br \/>\n<a href=\"https:\/\/netzpolitik.org\/2018\/ab-sommer-in-bayern-das-haerteste-polizeigesetz-seit-1945\/\" rel=\"noopener\" target=\"_blank\">&#8220;Ab Sommer in Bayern: Das h\u00e4rteste Polizeigesetz seit 1945&#8221;.<\/a><\/p>\n<p>\u00a7<\/p>\n<p>Noch lebt Katrin Scheib in Russland und berichtet (ihre f\u00fcnf Jahre dort neigen sich dem Ende zu). Zum Beispiel:<br \/>\n<a href=\"http:\/\/kscheib.de\/wie-ich-einmal-gesangsunterricht-auf-russisch-nahm\/\" rel=\"noopener\" target=\"_blank\">&#8220;Wie ich einmal Gesangsunterricht auf Russisch nahm&#8221;.<\/a> <img loading=\"lazy\" decoding=\"async\" src=\"https:\/\/ssl-vg03.met.vgwort.de\/na\/28de39d0fd0a439e9d009b0a33f83279\" width=\"1\" height=\"1\" alt=\"\"\/><\/p>\n","protected":false},"excerpt":{"rendered":"<p>Sonne! Wie angek\u00fcndigt bekamen wir einen strahlend sonnigen Fr\u00fchlingstag, an dem allerdings ein empfindlich kalter Wind pfiff. Zum Ausleben meines Bewegungsdrangs r\u00e4umte ich das Wohnzimmer frei. Eigentlich hatte ich vorgehabt, wieder beim MTV zu turnen, doch die Aussicht auf \u00e4hnlich langweiliges Angebot wie die vergangenen beiden Wochen hielten mich ab. Und da war mir eine [&hellip;]<\/p>\n","protected":false},"author":2,"featured_media":0,"comment_status":"open","ping_status":"closed","sticky":false,"template":"","format":"standard","meta":{"footnotes":""},"categories":[6,2,1],"tags":[],"class_list":["post-43481","post","type-post","status-publish","format-standard","hentry","category-essen","category-fotos","category-general"],"_links":{"self":[{"href":"https:\/\/www.vorspeisenplatte.de\/speisen\/wp-json\/wp\/v2\/posts\/43481","targetHints":{"allow":["GET"]}}],"collection":[{"href":"https:\/\/www.vorspeisenplatte.de\/speisen\/wp-json\/wp\/v2\/posts"}],"about":[{"href":"https:\/\/www.vorspeisenplatte.de\/speisen\/wp-json\/wp\/v2\/types\/post"}],"author":[{"embeddable":true,"href":"https:\/\/www.vorspeisenplatte.de\/speisen\/wp-json\/wp\/v2\/users\/2"}],"replies":[{"embeddable":true,"href":"https:\/\/www.vorspeisenplatte.de\/speisen\/wp-json\/wp\/v2\/comments?post=43481"}],"version-history":[{"count":3,"href":"https:\/\/www.vorspeisenplatte.de\/speisen\/wp-json\/wp\/v2\/posts\/43481\/revisions"}],"predecessor-version":[{"id":43507,"href":"https:\/\/www.vorspeisenplatte.de\/speisen\/wp-json\/wp\/v2\/posts\/43481\/revisions\/43507"}],"wp:attachment":[{"href":"https:\/\/www.vorspeisenplatte.de\/speisen\/wp-json\/wp\/v2\/media?parent=43481"}],"wp:term":[{"taxonomy":"category","embeddable":true,"href":"https:\/\/www.vorspeisenplatte.de\/speisen\/wp-json\/wp\/v2\/categories?post=43481"},{"taxonomy":"post_tag","embeddable":true,"href":"https:\/\/www.vorspeisenplatte.de\/speisen\/wp-json\/wp\/v2\/tags?post=43481"}],"curies":[{"name":"wp","href":"https:\/\/api.w.org\/{rel}","templated":true}]}}