{"id":43985,"date":"2018-04-23T05:23:54","date_gmt":"2018-04-23T04:23:54","guid":{"rendered":"https:\/\/www.vorspeisenplatte.de\/speisen\/?p=43985"},"modified":"2018-04-23T05:23:54","modified_gmt":"2018-04-23T04:23:54","slug":"journal-sonntag-22-april-2018-erster-balkonkaffee-erster-sommerlauf","status":"publish","type":"post","link":"https:\/\/www.vorspeisenplatte.de\/speisen\/2018\/04\/journal-sonntag-22-april-2018-erster-balkonkaffee-erster-sommerlauf.htm","title":{"rendered":"Journal Sonntag, 22. April 2018 &#8211; Erster Balkonkaffee, erster Sommerlauf"},"content":{"rendered":"<p>Kein Kopfweh, keine Migr\u00e4ne vom Glas Wein, hurra!<br \/>\nIch wachte noch vor sieben nach unruhiger Nacht auf (unter anderem war das Federbett f\u00fcr die derzeitigen Temperaturen zu warm gewesen, aber ich kann doch nicht schon im April die Sommerdecke einwechseln!), und auf dem Balkon war es mild genug f\u00fcr den ersten Drau\u00dfen-Morgenkaffee des Jahres.<\/p>\n<p><a href=\"https:\/\/www.vorspeisenplatte.de\/speisen\/archiv\/180422_02_Balkonkaffee.jpg\"><img loading=\"lazy\" decoding=\"async\" src=\"https:\/\/www.vorspeisenplatte.de\/speisen\/archiv\/180422_02_Balkonkaffee.jpg\" alt=\"\" width=\"422\" height=\"480\" class=\"alignnone size-full wp-image-43990\" \/><\/a><\/p>\n<p>Die Pflanzen traue ich mich noch nicht rauszustellen, bis in den Mai kann es noch schneien.<\/p>\n<p>Nach gem\u00fctlichem Bloggen und Internetlesen radelte ich nach Thalkirchen zu einem Isarlauf. Schon beim Radeln w\u00fcnschte ich mir, ich w\u00e4re fr\u00fcher losgekommen: Es war um halb elf ganz sch\u00f6n warm. (Und voll.) Ich war sehr froh um das Trinkwasser aus dem Brunnen beim W\u00e4rterh\u00e4usl an der Br\u00fccke Maria Einsiedel.<\/p>\n<p><a href=\"https:\/\/www.vorspeisenplatte.de\/speisen\/archiv\/180422_03_Isarlauf_Thalkirchen.jpg\"><img loading=\"lazy\" decoding=\"async\" src=\"https:\/\/www.vorspeisenplatte.de\/speisen\/archiv\/180422_03_Isarlauf_Thalkirchen.jpg\" alt=\"\" width=\"410\" height=\"547\" class=\"alignnone size-full wp-image-44007\" \/><\/a><\/p>\n<p><a href=\"https:\/\/www.vorspeisenplatte.de\/speisen\/archiv\/180422_05_Isarlauf_Thalkirchen.jpg\"><img loading=\"lazy\" decoding=\"async\" src=\"https:\/\/www.vorspeisenplatte.de\/speisen\/archiv\/180422_05_Isarlauf_Thalkirchen.jpg\" alt=\"\" width=\"521\" height=\"374\" class=\"alignnone size-full wp-image-43996\" \/><\/a><\/p>\n<p><a href=\"https:\/\/www.vorspeisenplatte.de\/speisen\/archiv\/180422_08_Isarlauf.jpg\"><img loading=\"lazy\" decoding=\"async\" src=\"https:\/\/www.vorspeisenplatte.de\/speisen\/archiv\/180422_08_Isarlauf.jpg\" alt=\"\" width=\"423\" height=\"534\" class=\"alignnone size-full wp-image-43997\" \/><\/a><\/p>\n<p><a href=\"https:\/\/www.vorspeisenplatte.de\/speisen\/archiv\/180422_10_Isarlauf.jpg\"><img loading=\"lazy\" decoding=\"async\" src=\"https:\/\/www.vorspeisenplatte.de\/speisen\/archiv\/180422_10_Isarlauf.jpg\" alt=\"\" width=\"549\" height=\"400\" class=\"alignnone size-full wp-image-43998\" \/><\/a><\/p>\n<p>Bei Pullach am Isarhochufer immer noch viele Spuren der Sturmverw\u00fcstung.<\/p>\n<p><a href=\"https:\/\/www.vorspeisenplatte.de\/speisen\/archiv\/180422_11_Isarlauf_Pullach.jpg\"><img loading=\"lazy\" decoding=\"async\" src=\"https:\/\/www.vorspeisenplatte.de\/speisen\/archiv\/180422_11_Isarlauf_Pullach.jpg\" alt=\"\" width=\"484\" height=\"363\" class=\"alignnone size-full wp-image-44000\" \/><\/a><\/p>\n<p><a href=\"https:\/\/www.vorspeisenplatte.de\/speisen\/archiv\/180422_13_Isarlauf_Pullach.jpg\"><img loading=\"lazy\" decoding=\"async\" src=\"https:\/\/www.vorspeisenplatte.de\/speisen\/archiv\/180422_13_Isarlauf_Pullach.jpg\" alt=\"\" width=\"484\" height=\"363\" class=\"alignnone size-full wp-image-44001\" \/><\/a><\/p>\n<p>Ich m\u00f6chte beim Anblick aufjaulen <a href=\"http:\/\/www.comedix.de\/lexikon\/special\/idefix\/baeume.php\" rel=\"noopener\" target=\"_blank\">wie Idefix in &#8220;Die Trabantenstadt&#8221;<\/a>.<\/p>\n<p><a href=\"https:\/\/www.vorspeisenplatte.de\/speisen\/archiv\/180422_14_Isarlauf_Pullach.jpg\"><img loading=\"lazy\" decoding=\"async\" src=\"https:\/\/www.vorspeisenplatte.de\/speisen\/archiv\/180422_14_Isarlauf_Pullach.jpg\" alt=\"\" width=\"477\" height=\"384\" class=\"alignnone size-full wp-image-44002\" \/><\/a><\/p>\n<p><a href=\"https:\/\/www.vorspeisenplatte.de\/speisen\/archiv\/180422_20_Isarlauf_Thalkirchen.jpg\"><img loading=\"lazy\" decoding=\"async\" src=\"https:\/\/www.vorspeisenplatte.de\/speisen\/archiv\/180422_20_Isarlauf_Thalkirchen.jpg\" alt=\"\" width=\"516\" height=\"394\" class=\"alignnone size-full wp-image-44003\" \/><\/a><\/p>\n<p>Am D\u00fcker an der Br\u00fccke Maria Einsiedel wurde gebadet. (Im April!)<\/p>\n<p>Auf H\u00f6he Tierpark Hellabrunn \u00fcberholte ich einen ganz normal aussehenden L\u00e4ufer. In Gedanken versunken merkte ich erst nur, dass irgendwas nicht stimmte, bis ich aufschreckte: Der Mann da vor mir l\u00e4uft <i>noch<\/i> langsamer als ich?! <a href=\"http:\/\/www.ankegroener.de\/blog\/?p=28921\" rel=\"noopener\" target=\"_blank\">Anders als Anke Gr\u00f6ner vermutet<\/a>, motiviert mich solch ein seltenes \u00dcberholen keineswegs &#8211; es bringt mich aus dem Konzept.<\/p>\n<p>Der Flieder ist in den Startl\u00f6chern, der erste Duftanflug hatte mich schon am Samstag in Schwabing angeweht.<\/p>\n<p>Nachmittags mal wieder <a href=\"http:\/\/www.vorspeisenplatte.de\/rezepte\/schuedi-luxemburger-butterkuchen.htm\" rel=\"noopener\" target=\"_blank\">Schuedi gebacken<\/a> &#8211; verfolgt von einem Mitbewohner, der jeden Handgriff mit &#8220;wann gibt&#8217;s Kuchen?&#8221;, &#8220;dauert&#8217;s noch lahang?&#8221; &#8220;ist er schon fertig?&#8221; begleitete. Nach Kuchenessen ein St\u00fcndchen Siesta.<\/p>\n<p>Die meiste Zeit auf dem Balkon sitzend und lesen verbracht: Die V\u00f6gel, die am und unterm Meisenkn\u00f6del fressen, m\u00fcssen sich erst an mich gew\u00f6hnen und drehten meist ab. Ich hatte ein schlechtes Gewissen, weil ich sie vom Futter fernhalte.<\/p>\n","protected":false},"excerpt":{"rendered":"<p>Kein Kopfweh, keine Migr\u00e4ne vom Glas Wein, hurra! Ich wachte noch vor sieben nach unruhiger Nacht auf (unter anderem war das Federbett f\u00fcr die derzeitigen Temperaturen zu warm gewesen, aber ich kann doch nicht schon im April die Sommerdecke einwechseln!), und auf dem Balkon war es mild genug f\u00fcr den ersten Drau\u00dfen-Morgenkaffee des Jahres. Die [&hellip;]<\/p>\n","protected":false},"author":2,"featured_media":0,"comment_status":"open","ping_status":"closed","sticky":false,"template":"","format":"standard","meta":{"footnotes":""},"categories":[6,2,1],"tags":[],"class_list":["post-43985","post","type-post","status-publish","format-standard","hentry","category-essen","category-fotos","category-general"],"_links":{"self":[{"href":"https:\/\/www.vorspeisenplatte.de\/speisen\/wp-json\/wp\/v2\/posts\/43985","targetHints":{"allow":["GET"]}}],"collection":[{"href":"https:\/\/www.vorspeisenplatte.de\/speisen\/wp-json\/wp\/v2\/posts"}],"about":[{"href":"https:\/\/www.vorspeisenplatte.de\/speisen\/wp-json\/wp\/v2\/types\/post"}],"author":[{"embeddable":true,"href":"https:\/\/www.vorspeisenplatte.de\/speisen\/wp-json\/wp\/v2\/users\/2"}],"replies":[{"embeddable":true,"href":"https:\/\/www.vorspeisenplatte.de\/speisen\/wp-json\/wp\/v2\/comments?post=43985"}],"version-history":[{"count":3,"href":"https:\/\/www.vorspeisenplatte.de\/speisen\/wp-json\/wp\/v2\/posts\/43985\/revisions"}],"predecessor-version":[{"id":44008,"href":"https:\/\/www.vorspeisenplatte.de\/speisen\/wp-json\/wp\/v2\/posts\/43985\/revisions\/44008"}],"wp:attachment":[{"href":"https:\/\/www.vorspeisenplatte.de\/speisen\/wp-json\/wp\/v2\/media?parent=43985"}],"wp:term":[{"taxonomy":"category","embeddable":true,"href":"https:\/\/www.vorspeisenplatte.de\/speisen\/wp-json\/wp\/v2\/categories?post=43985"},{"taxonomy":"post_tag","embeddable":true,"href":"https:\/\/www.vorspeisenplatte.de\/speisen\/wp-json\/wp\/v2\/tags?post=43985"}],"curies":[{"name":"wp","href":"https:\/\/api.w.org\/{rel}","templated":true}]}}