{"id":44163,"date":"2018-05-03T05:51:34","date_gmt":"2018-05-03T04:51:34","guid":{"rendered":"https:\/\/www.vorspeisenplatte.de\/speisen\/?p=44163"},"modified":"2019-05-13T17:17:13","modified_gmt":"2019-05-13T15:17:13","slug":"journal-mittwoch-2-mai-2018-stadtradeln-in-bluetendueften","status":"publish","type":"post","link":"https:\/\/www.vorspeisenplatte.de\/speisen\/2018\/05\/journal-mittwoch-2-mai-2018-stadtradeln-in-bluetendueften.htm","title":{"rendered":"Journal Mittwoch, 2. Mai 2018 &#8211; Stadtradeln in Bl\u00fctend\u00fcften"},"content":{"rendered":"<p>Die M\u00fcdigkeit holte mich wie so oft erst am sp\u00e4ten Vormittag ein: Ich war Dienstagnacht lange nicht eingeschlafen, weil die verrutschte Bandscheibe mal wieder auf den Nerv gedr\u00fcckt hatte, der heftige H\u00fcft- und Beimschmerzen ausl\u00f6st.<\/p>\n<p>Vor der Arbeit radelte ich zur Packstation (deren begrenzte \u00d6ffnungszeiten \u00fcbrigens weder auf der Benachrichtigungskarte noch im Web mitgeteilt werden), um endlich an mein P\u00e4ckchen kommen.<\/p>\n<p>Nach der Arbeit hatte ich einen Termin beim Friseur, den ich nach ein paar halbherzigen Abwandlungen wieder um einen <a href=\"https:\/\/www.biography.com\/people\/judi-dench-9271553\" rel=\"noopener noreferrer\" target=\"_blank\">Hollywood-Haarschnitt<\/a> bat. Angeregte Gespr\u00e4che \u00fcber Gott (genauer: Flying Spaghetti Monster) und die Welt (vor allem unter soziologischen Gesichtspunkten), w\u00e4hrend mir mehrere Deka Haar an L\u00e4nge und F\u00fclle weggeschnitten wurden.<\/p>\n<p>Anschlie\u00dfend musste ich in Neuhausen noch etwas besorgen. Ich genoss das Radfahren in mittelmilden Bl\u00fctend\u00fcften sehr &#8211; einen Moment lang glaubte ich, bereits Linden zu riechen, aber das war wohl falscher Alarm.<\/p>\n<p>Herr Kaltmamsell bekochte mich wieder zum Abendbrot. Ich hatte mir etwas mit Garnelen gew\u00fcnscht, er servierte Tom Kha-Suppe damit (Tom Kha Crab?). Zum Nachtisch packten wir ein Mitbringsel meiner Eltern aus Toledo aus.<\/p>\n<p><a href=\"https:\/\/www.vorspeisenplatte.de\/speisen\/archiv\/180502_01_Mazapan.jpg\"><img loading=\"lazy\" decoding=\"async\" src=\"https:\/\/www.vorspeisenplatte.de\/speisen\/archiv\/180502_01_Mazapan.jpg\" alt=\"\" width=\"333\" height=\"444\" class=\"alignnone size-full wp-image-44205\" \/><\/a><\/p>\n<p>Spanisches Marzipan, das im Gegensatz zum hiesigen gebacken wird, und das sensationell schmeckte &#8211; <i>obrador de&#8230;<\/i> ist wohl das spanische Pendant zum zeitgen\u00f6ssischen deutschen &#8230;manufaktur. (Die Firma ist nicht nur in diesem Punkt auf Zack sehe ich gerade: Hat sich rechtzeitig die Domain <a href=\"http:\/\/mazapan.com\/\" rel=\"noopener noreferrer\" target=\"_blank\">mazapan.com<\/a> gesichert. Bitte beachten Sie die sehr spanische Typografie.)<\/p>\n","protected":false},"excerpt":{"rendered":"<p>Die M\u00fcdigkeit holte mich wie so oft erst am sp\u00e4ten Vormittag ein: Ich war Dienstagnacht lange nicht eingeschlafen, weil die verrutschte Bandscheibe mal wieder auf den Nerv gedr\u00fcckt hatte, der heftige H\u00fcft- und Beimschmerzen ausl\u00f6st. Vor der Arbeit radelte ich zur Packstation (deren begrenzte \u00d6ffnungszeiten \u00fcbrigens weder auf der Benachrichtigungskarte noch im Web mitgeteilt werden), [&hellip;]<\/p>\n","protected":false},"author":2,"featured_media":0,"comment_status":"open","ping_status":"closed","sticky":false,"template":"","format":"standard","meta":{"footnotes":""},"categories":[6,1],"tags":[],"class_list":["post-44163","post","type-post","status-publish","format-standard","hentry","category-essen","category-general"],"_links":{"self":[{"href":"https:\/\/www.vorspeisenplatte.de\/speisen\/wp-json\/wp\/v2\/posts\/44163","targetHints":{"allow":["GET"]}}],"collection":[{"href":"https:\/\/www.vorspeisenplatte.de\/speisen\/wp-json\/wp\/v2\/posts"}],"about":[{"href":"https:\/\/www.vorspeisenplatte.de\/speisen\/wp-json\/wp\/v2\/types\/post"}],"author":[{"embeddable":true,"href":"https:\/\/www.vorspeisenplatte.de\/speisen\/wp-json\/wp\/v2\/users\/2"}],"replies":[{"embeddable":true,"href":"https:\/\/www.vorspeisenplatte.de\/speisen\/wp-json\/wp\/v2\/comments?post=44163"}],"version-history":[{"count":3,"href":"https:\/\/www.vorspeisenplatte.de\/speisen\/wp-json\/wp\/v2\/posts\/44163\/revisions"}],"predecessor-version":[{"id":51994,"href":"https:\/\/www.vorspeisenplatte.de\/speisen\/wp-json\/wp\/v2\/posts\/44163\/revisions\/51994"}],"wp:attachment":[{"href":"https:\/\/www.vorspeisenplatte.de\/speisen\/wp-json\/wp\/v2\/media?parent=44163"}],"wp:term":[{"taxonomy":"category","embeddable":true,"href":"https:\/\/www.vorspeisenplatte.de\/speisen\/wp-json\/wp\/v2\/categories?post=44163"},{"taxonomy":"post_tag","embeddable":true,"href":"https:\/\/www.vorspeisenplatte.de\/speisen\/wp-json\/wp\/v2\/tags?post=44163"}],"curies":[{"name":"wp","href":"https:\/\/api.w.org\/{rel}","templated":true}]}}