{"id":44296,"date":"2018-05-09T05:51:48","date_gmt":"2018-05-09T04:51:48","guid":{"rendered":"https:\/\/www.vorspeisenplatte.de\/speisen\/?p=44296"},"modified":"2018-05-09T05:51:48","modified_gmt":"2018-05-09T04:51:48","slug":"journal-dienstag-8-mai-2018-mauersegler-und-beifang-aus-dem-internet","status":"publish","type":"post","link":"https:\/\/www.vorspeisenplatte.de\/speisen\/2018\/05\/journal-dienstag-8-mai-2018-mauersegler-und-beifang-aus-dem-internet.htm","title":{"rendered":"Journal Dienstag, 8. Mai 2018 &#8211; Mauersegler und Beifang aus dem Internet"},"content":{"rendered":"<p>Nochmal ein Sommertag, ich genie\u00dfe das Wetter weiterhin mit gemischten Gef\u00fchlen.<\/p>\n<p>Auf dem Heimweg Obst- und Gem\u00fcseeink\u00e4ufe beim Verdi, Geplauder mit der Dame vor mir in der Kassenschlange und der alten Bekannten an der Kasse.<\/p>\n<p><a href=\"https:\/\/www.vorspeisenplatte.de\/speisen\/archiv\/180508_02_FliederRobinieKastanie.jpg\"><img loading=\"lazy\" decoding=\"async\" src=\"https:\/\/www.vorspeisenplatte.de\/speisen\/archiv\/180508_02_FliederRobinieKastanie.jpg\" alt=\"\" width=\"532\" height=\"414\" class=\"alignnone size-full wp-image-44304\" \/><\/a><\/p>\n<p>Ein Versuch, die gleichzeitig bl\u00fchenden Fliederb\u00e4ume (links vorne), Robinien (links hinten) und Kastanien (rechts) festzuhalten, hier \u00fcber der Theresienwiese.<\/p>\n<p>Daheim erster Pimm&#8217;s der Saison, Herr Kaltmamsell hatte Gurke, Minze, Erdbeeren besorgt, ich Apfel und Zitrone. Dazu eine Runde Pok\u00e9mon-Entwickeln (diese monothematischen Aktionen wie zur Zeit finde ich ja eher langweilig, ich treffe lieber viele verschiedene Pok\u00e9mon an).<\/p>\n<p>Zum Abendessen hatte Herr Kaltmamsell aus mehligen Ernteanteil-Kartoffeln <a href=\"https:\/\/www.vorspeisenplatte.de\/rezepte\/kopitka-polnische-kartoffelnudeln.htm#postcomment\" rel=\"noopener\" target=\"_blank\">Kopytka<\/a> gemacht und servierte sie <a href=\"https:\/\/www.instagram.com\/p\/Bihq5yDAx92\/\" rel=\"noopener\" target=\"_blank\">in Kartoffelkombinat-Tomatensugo<\/a>.<\/p>\n<p>Immer wieder sah ich aus dem Fenster und beobachtete weit oben am Himmel Mauersegler, die ich Sonntag zum ersten Mal in der Saison gesehen hatte.<\/p>\n<p>\u00a7<\/p>\n<p><a href=\"https:\/\/twitter.com\/liamosaur\/status\/993351810143289344\" rel=\"noopener\" target=\"_blank\">\u00dcber dieses gro\u00dfartige Web-Angebot zur F\u00f6rderung der Internet-Paranoia<\/a> prustete ich morgens mal wirklich Tee von innen in die Nase.<\/p>\n<p>\u00a7<\/p>\n<p>Auch wenn ich selbst nicht an der re:publica teilgenommen habe, bekam ich \u00fcber Twitter, Blogs und den Techniktagebuch-Redaktionschat angenehm viel davon mit. Nicht so angenehm war das Mitverfolgen der Bundeswehraktion, die das ohnehin heftig besch\u00e4ftige Orga-Team der re:publica belegte. Nachdem sehr viele schiefe Darstellungen der Ereignisse immer noch Schaden anrichten, stellten Andreas Gebhard, Johnny Haeusler, Markus Beckedahl, Tanja Haeusler im Namen der re:publica und der republica GmbH gestern klar:<br \/>\n<a href=\"https:\/\/18.re-publica.com\/de\/page\/bundeswehr-bei-rp18-chronologie-paar-fragen\" rel=\"noopener\" target=\"_blank\">&#8220;Die Bundeswehr bei der rp18 \u2013 eine Chronologie. Und ein paar Fragen.&#8221;<\/a><\/p>\n<p>\u00a7<\/p>\n<p>Gestern quietschte mein inneres <a href=\"https:\/\/twitter.com\/Astro_Alex\" rel=\"noopener\" target=\"_blank\">@Astro_Alex<\/a>-Fangirl mal wieder besonders laut.<\/p>\n<p><a href=\"https:\/\/www.vorspeisenplatte.de\/speisen\/archiv\/180507_Astroalex.jpg\"><img loading=\"lazy\" decoding=\"async\" src=\"https:\/\/www.vorspeisenplatte.de\/speisen\/archiv\/180507_Astroalex.jpg\" alt=\"\" width=\"594\" height=\"459\" class=\"alignnone size-full wp-image-44300\" \/><\/a><\/p>\n<p>Den Hintergrund lieferte eine <i>SZ<\/i>-Reportage:<br \/>\n<a href=\"http:\/\/www.sueddeutsche.de\/wissen\/raumfahrt-alexander-gersts-fahrschule-zum-himmel-1.3941821\" rel=\"noopener\" target=\"_blank\">&#8220;Alexander Gersts Fahrschule zum Himmel&#8221;.<\/a><\/p>\n<p>HACH!<\/p>\n<p>\u00a7<\/p>\n<p>Weiter im Fangirltum: Das mit Abstand beste Interview mit Kathrin Passig bisher.<br \/>\n<a href=\"http:\/\/novelle.wtf\/de\/kathrinterview\/\" rel=\"noopener\" target=\"_blank\">&#8220;Kathrinterview&#8221;.<\/a><\/p>\n<blockquote><p><strong>Sind M\u00f6bel Zeitverschwendung?<\/strong><\/p>\n<p>Auf den ersten Blick ja, vor allem K\u00fcchen-, Bad- und Wohnzimmerm\u00f6bel. Aber wenn man genauer hinschaut, sind M\u00f6bel eine der wenigen M\u00f6glichkeiten, Zeit haltbar zu machen: Beim Zusammenschrauben eines IKEA-M\u00f6belst\u00fccks bindet man Zeit, so wie B\u00e4ume oder Hochmoore CO2 speichern. Wenn die Zeit dann einmal knapp ist, zum Beispiel kurz vor einem Abgabetermin, kann man sie durch den umgekehrten Vorgang wieder freisetzen.<\/p><\/blockquote>\n","protected":false},"excerpt":{"rendered":"<p>Nochmal ein Sommertag, ich genie\u00dfe das Wetter weiterhin mit gemischten Gef\u00fchlen. Auf dem Heimweg Obst- und Gem\u00fcseeink\u00e4ufe beim Verdi, Geplauder mit der Dame vor mir in der Kassenschlange und der alten Bekannten an der Kasse. Ein Versuch, die gleichzeitig bl\u00fchenden Fliederb\u00e4ume (links vorne), Robinien (links hinten) und Kastanien (rechts) festzuhalten, hier \u00fcber der Theresienwiese. Daheim [&hellip;]<\/p>\n","protected":false},"author":2,"featured_media":0,"comment_status":"open","ping_status":"closed","sticky":false,"template":"","format":"standard","meta":{"footnotes":""},"categories":[6,2,1],"tags":[],"class_list":["post-44296","post","type-post","status-publish","format-standard","hentry","category-essen","category-fotos","category-general"],"_links":{"self":[{"href":"https:\/\/www.vorspeisenplatte.de\/speisen\/wp-json\/wp\/v2\/posts\/44296","targetHints":{"allow":["GET"]}}],"collection":[{"href":"https:\/\/www.vorspeisenplatte.de\/speisen\/wp-json\/wp\/v2\/posts"}],"about":[{"href":"https:\/\/www.vorspeisenplatte.de\/speisen\/wp-json\/wp\/v2\/types\/post"}],"author":[{"embeddable":true,"href":"https:\/\/www.vorspeisenplatte.de\/speisen\/wp-json\/wp\/v2\/users\/2"}],"replies":[{"embeddable":true,"href":"https:\/\/www.vorspeisenplatte.de\/speisen\/wp-json\/wp\/v2\/comments?post=44296"}],"version-history":[{"count":3,"href":"https:\/\/www.vorspeisenplatte.de\/speisen\/wp-json\/wp\/v2\/posts\/44296\/revisions"}],"predecessor-version":[{"id":44306,"href":"https:\/\/www.vorspeisenplatte.de\/speisen\/wp-json\/wp\/v2\/posts\/44296\/revisions\/44306"}],"wp:attachment":[{"href":"https:\/\/www.vorspeisenplatte.de\/speisen\/wp-json\/wp\/v2\/media?parent=44296"}],"wp:term":[{"taxonomy":"category","embeddable":true,"href":"https:\/\/www.vorspeisenplatte.de\/speisen\/wp-json\/wp\/v2\/categories?post=44296"},{"taxonomy":"post_tag","embeddable":true,"href":"https:\/\/www.vorspeisenplatte.de\/speisen\/wp-json\/wp\/v2\/tags?post=44296"}],"curies":[{"name":"wp","href":"https:\/\/api.w.org\/{rel}","templated":true}]}}