{"id":44363,"date":"2018-05-13T08:23:50","date_gmt":"2018-05-13T06:23:50","guid":{"rendered":"https:\/\/www.vorspeisenplatte.de\/speisen\/?p=44363"},"modified":"2018-05-13T08:23:50","modified_gmt":"2018-05-13T06:23:50","slug":"journal-samstag-12-mai-2018-12von12-und-frau-emcke-irrt","status":"publish","type":"post","link":"https:\/\/www.vorspeisenplatte.de\/speisen\/2018\/05\/journal-samstag-12-mai-2018-12von12-und-frau-emcke-irrt.htm","title":{"rendered":"Journal Samstag, 12. Mai 2018 &#8211; #12von12 und Frau Emcke irrt"},"content":{"rendered":"<p>Ein freier Samstag: Ich kann am <a href=\"http:\/\/draussennurkaennchen.blogspot.de\/p\/12-von-12.html\" rel=\"noopener\" target=\"_blank\">Projekt #12von12<\/a> teilnehmen.<\/p>\n<p><a href=\"https:\/\/www.vorspeisenplatte.de\/speisen\/archiv\/180512_01_Spuehlbecken.jpg\"><img loading=\"lazy\" decoding=\"async\" src=\"https:\/\/www.vorspeisenplatte.de\/speisen\/archiv\/180512_01_Spuehlbecken.jpg\" alt=\"\" width=\"393\" height=\"457\" class=\"alignnone size-full wp-image-44367\" \/><\/a><\/p>\n<p>1 &#8211; Nach Bloggen und Morgenkaffee: Ein bisschen Handsp\u00fclen. Sonniges Wetter, angek\u00fcndigt waren sommerliche 26 Grad H\u00f6chsttemperatur, ich hatte von der Schwimmrunde am Donnerstag keinerlei Muskelkater: Also packte ich nochmal mein Schwimmzeug.<\/p>\n<p><a href=\"https:\/\/www.vorspeisenplatte.de\/speisen\/archiv\/180512_02_Bikini.jpg\"><img loading=\"lazy\" decoding=\"async\" src=\"https:\/\/www.vorspeisenplatte.de\/speisen\/archiv\/180512_02_Bikini.jpg\" alt=\"\" width=\"411\" height=\"416\" class=\"alignnone size-full wp-image-44368\" \/><\/a><\/p>\n<p>2 &#8211; Mein neuer Schwimmbikini (Schwimmtauglichkeit durch guten Sitz und Nackenverschluss gesichert).<\/p>\n<p><a href=\"https:\/\/www.vorspeisenplatte.de\/speisen\/archiv\/180512_04_Schwimmfertig.jpg\"><img loading=\"lazy\" decoding=\"async\" src=\"https:\/\/www.vorspeisenplatte.de\/speisen\/archiv\/180512_04_Schwimmfertig.jpg\" alt=\"\" width=\"268\" height=\"507\" class=\"alignnone size-full wp-image-44369\" \/><\/a><\/p>\n<p>3 &#8211; Aufbruch zum Schwimmbad.<\/p>\n<p><a href=\"https:\/\/www.vorspeisenplatte.de\/speisen\/archiv\/180512_09_Suedfriedhof.jpg\"><img loading=\"lazy\" decoding=\"async\" src=\"https:\/\/www.vorspeisenplatte.de\/speisen\/archiv\/180512_09_Suedfriedhof.jpg\" alt=\"\" width=\"423\" height=\"520\" class=\"alignnone size-full wp-image-44371\" \/><\/a><\/p>\n<p>4 &#8211; \u00dcber den Alten S\u00fcdfriedhof.<\/p>\n<p><a href=\"https:\/\/www.vorspeisenplatte.de\/speisen\/archiv\/180512_10_Schyrenbad.jpg\"><img loading=\"lazy\" decoding=\"async\" src=\"https:\/\/www.vorspeisenplatte.de\/speisen\/archiv\/180512_10_Schyrenbad.jpg\" alt=\"\" width=\"536\" height=\"404\" class=\"alignnone size-full wp-image-44372\" \/><\/a><\/p>\n<p>5 &#8211; Gut 3.000 Meter durchs glitzernde Becken &#8211; mit Genuss und ohne Beschwerden.<\/p>\n<p><a href=\"https:\/\/www.vorspeisenplatte.de\/speisen\/archiv\/180512_11_Schyrenbad.jpg\"><img loading=\"lazy\" decoding=\"async\" src=\"https:\/\/www.vorspeisenplatte.de\/speisen\/archiv\/180512_11_Schyrenbad.jpg\" alt=\"\" width=\"605\" height=\"440\" class=\"alignnone size-full wp-image-44374\" srcset=\"https:\/\/www.vorspeisenplatte.de\/speisen\/archiv\/180512_11_Schyrenbad.jpg 605w, https:\/\/www.vorspeisenplatte.de\/speisen\/archiv\/180512_11_Schyrenbad-600x436.jpg 600w\" sizes=\"auto, (max-width: 605px) 100vw, 605px\" \/><\/a><\/p>\n<p>6 &#8211; Ein halbes St\u00fcndchen Aufw\u00e4rmen in der Sonne.<\/p>\n<p><a href=\"https:\/\/www.vorspeisenplatte.de\/speisen\/archiv\/180512_13_Robinie.jpg\"><img loading=\"lazy\" decoding=\"async\" src=\"https:\/\/www.vorspeisenplatte.de\/speisen\/archiv\/180512_13_Robinie.jpg\" alt=\"\" width=\"423\" height=\"564\" class=\"alignnone size-full wp-image-44375\" \/><\/a><\/p>\n<p>7 &#8211; Auf dem Heimweg umduftet von Robinien.<\/p>\n<p><a href=\"https:\/\/www.vorspeisenplatte.de\/speisen\/archiv\/180512_15_Balkon.jpg\"><img loading=\"lazy\" decoding=\"async\" src=\"https:\/\/www.vorspeisenplatte.de\/speisen\/archiv\/180512_15_Balkon.jpg\" alt=\"\" width=\"370\" height=\"556\" class=\"alignnone size-full wp-image-44376\" \/><\/a><\/p>\n<p>8 &#8211; Nach Fr\u00fcchst\u00fcck und Dusche las ich auf dem Balkon weiter in <i>The Yiddish Policemen&#8217;s Union<\/i>.<\/p>\n<p><a href=\"https:\/\/www.vorspeisenplatte.de\/speisen\/archiv\/180512_16_Buegelplatz.jpg\"><img loading=\"lazy\" decoding=\"async\" src=\"https:\/\/www.vorspeisenplatte.de\/speisen\/archiv\/180512_16_Buegelplatz.jpg\" alt=\"\" width=\"480\" height=\"358\" class=\"alignnone size-full wp-image-44377\" \/><\/a><\/p>\n<p>9 &#8211; Mein B\u00fcgelplatz.<\/p>\n<p><a href=\"https:\/\/www.vorspeisenplatte.de\/speisen\/archiv\/180512_18_NeuerRock.jpg\"><img loading=\"lazy\" decoding=\"async\" src=\"https:\/\/www.vorspeisenplatte.de\/speisen\/archiv\/180512_18_NeuerRock.jpg\" alt=\"\" width=\"333\" height=\"444\" class=\"alignnone size-full wp-image-44378\" \/><\/a><\/p>\n<p>10 &#8211; Unter anderem geb\u00fcgelt: Der neue Rock, hier ein Detail.<\/p>\n<p><a href=\"https:\/\/www.vorspeisenplatte.de\/speisen\/archiv\/180512_19_Nachtmahl.jpg\"><img loading=\"lazy\" decoding=\"async\" src=\"https:\/\/www.vorspeisenplatte.de\/speisen\/archiv\/180512_19_Nachtmahl.jpg\" alt=\"\" width=\"362\" height=\"457\" class=\"alignnone size-full wp-image-44379\" \/><\/a><\/p>\n<p>11 &#8211; Deutsches Abendbrot wie Freitag, es war noch eine Menge da.<\/p>\n<p><a href=\"https:\/\/www.vorspeisenplatte.de\/speisen\/archiv\/180512_22_Bett.jpg\"><img loading=\"lazy\" decoding=\"async\" src=\"https:\/\/www.vorspeisenplatte.de\/speisen\/archiv\/180512_22_Bett.jpg\" alt=\"\" width=\"484\" height=\"284\" class=\"alignnone size-full wp-image-44380\" \/><\/a><\/p>\n<p>12 &#8211; Im Bett &#8211; schau an, die Arme haben dann doch einen Tick zu viel Sonne abbekommen (eingecremt waren nur R\u00fccken und Schultern).<\/p>\n<p>\u00a7<\/p>\n<p>Carolin Emcke schreibt f\u00fcr die Wochenend-<i>SZ<\/i>:<br \/>\n<a href=\"http:\/\/www.sueddeutsche.de\/politik\/diesel-skandal-die-politik-hat-das-vertrauen-der-buerger-verspielt-1.3975425\" rel=\"noopener\" target=\"_blank\">&#8220;Diesel-Skandal<br \/>\nDie Politik hat das Vertrauen der B\u00fcrger verspielt&#8221;.<\/a> <\/p>\n<blockquote><p>Was das Verhalten der Automobilhersteller so fatal macht, ist die sie unterf\u00fctternde Gewissheit, damit als Branche durchkommen zu k\u00f6nnen. Was diesen Skandal zum Skandal macht, ist das Vertrauen, das die Automobilbranche in die Regierung setzen kann, die sie zu nichts dr\u00e4ngen, von ihr nichts fordern, sie nicht haftbar machen wird. Was vielfach als Arroganz der M\u00e4chtigen gedeutet wurde, war nicht einmal Arroganz, sondern schlicht berechtigtes Vertrauen in eine Regierung, die ihren sakrosankten Status nie gef\u00e4hrden w\u00fcrde.<\/p><\/blockquote>\n<p>Zum ersten Mal bin ich \u00fcberzeugt, dass Carolin Emcke irrt. Nicht etwa in ihrer Beschreibung oben: Auf diese Haltung der Automobilindustrie weise ich schon seit vielen Jahren hin. Doch sie irrt in ihrer Pr\u00e4misse, dass die deutsche Politik und die deutsche Bev\u00f6lkerung sich in ihrer Sicht darauf unterscheiden.<\/p>\n<p>Nicht nur die deutsche Politik f\u00fchlt sich deckungsgleich mit der Automobilindustrie, sondern die gesamte Bev\u00f6lkerung. Deshalb ist das Vertrauen der W\u00e4hlerinnen und W\u00e4hler auch nicht ersch\u00fcttert. Emcke geh\u00f6rt wie ich zu einer kleinen Minderheit, die die Rolle der Automobilindustrie skeptisch und kritisch sehen. (Tats\u00e4chlich schreibt Ehmke auch, bei ihr selbst sei das Vertrauen aufgebracht.) Die gro\u00dfe, gro\u00dfe Mehrheit steht v\u00f6llig hinter dem Axiom, dass Autos zum Erstrebenswertesten im Leben geh\u00f6ren, dass ihr Besitz in unserer Gesellschaft ein Symbol des Dazugeh\u00f6rens ist, dass das konkrete Modell mehr \u00fcber den Besitzer und die Besitzerin aussagt als Elternhaus oder Partnerwahl. Dass nur durch den absoluten Schutz der Automobilindustrie gesellschaftliche Stabilit\u00e4t und Wohlstand in Deutschland m\u00f6glich sind. Dass deshalb selbstverst\u00e4ndlich alle Infrastruktur- und St\u00e4dteplanung das Autofahren priorisieren muss. Dass das Wohl der Automobilindustrie gleichzeitig das Wohl aller ist.<\/p>\n<p>Belegt wird diese Deckungsgleichheit von Automobilindustrie, Bundesregierung und Bev\u00f6lkerung meiner Meinung nach unter anderem durch zwei Erscheiungen:<br \/>\n&#8211; Automobilhersteller blieben auch nach Ver\u00f6ffentlichung ihrer Vergehen in den Top 10 der beliebtesten Arbeitgeber Deutschlands (Beispielrankings: <a href=\"https:\/\/www.focus.de\/finanzen\/karriere\/job-ranking-von-focus-und-kununu-adidas-google-bayer-das-sind-deutschlands-beste-arbeitgeber-2018_id_8383808.html\" rel=\"noopener\" target=\"_blank\">Focus Award<\/a>, <a href=\"http:\/\/www.manager-magazin.de\/unternehmen\/karriere\/deutschlands-beste-arbeitgeber-ranking-von-trendence-und-manager-magazin-a-1204048.html\" rel=\"noopener\" target=\"_blank\">Trendence<\/a>, <a href=\"https:\/\/www.glassdoor.de\/Award\/Beste-Arbeitgeber-Deutschland-LST_KQ0,29.htm\" rel=\"noopener\" target=\"_blank\">Glasdoor<\/a>).<br \/>\n&#8211; Nicht mal die AfD nutzt das Thema, die sonst nach jedem Strohhalm greift, um das Vertrauen in unseren Staat zu unterminieren &#8211; diese Strohhalme notfalls selbst konstruiert. <img loading=\"lazy\" decoding=\"async\" src=\"https:\/\/ssl-vg03.met.vgwort.de\/na\/c3f35b01a7c141858062cf451d9212cc\" width=\"1\" height=\"1\" alt=\"\"\/><\/p>\n","protected":false},"excerpt":{"rendered":"<p>Ein freier Samstag: Ich kann am Projekt #12von12 teilnehmen. 1 &#8211; Nach Bloggen und Morgenkaffee: Ein bisschen Handsp\u00fclen. Sonniges Wetter, angek\u00fcndigt waren sommerliche 26 Grad H\u00f6chsttemperatur, ich hatte von der Schwimmrunde am Donnerstag keinerlei Muskelkater: Also packte ich nochmal mein Schwimmzeug. 2 &#8211; Mein neuer Schwimmbikini (Schwimmtauglichkeit durch guten Sitz und Nackenverschluss gesichert). 3 &#8211; [&hellip;]<\/p>\n","protected":false},"author":2,"featured_media":0,"comment_status":"open","ping_status":"closed","sticky":false,"template":"","format":"standard","meta":{"footnotes":""},"categories":[2,1],"tags":[],"class_list":["post-44363","post","type-post","status-publish","format-standard","hentry","category-fotos","category-general"],"_links":{"self":[{"href":"https:\/\/www.vorspeisenplatte.de\/speisen\/wp-json\/wp\/v2\/posts\/44363","targetHints":{"allow":["GET"]}}],"collection":[{"href":"https:\/\/www.vorspeisenplatte.de\/speisen\/wp-json\/wp\/v2\/posts"}],"about":[{"href":"https:\/\/www.vorspeisenplatte.de\/speisen\/wp-json\/wp\/v2\/types\/post"}],"author":[{"embeddable":true,"href":"https:\/\/www.vorspeisenplatte.de\/speisen\/wp-json\/wp\/v2\/users\/2"}],"replies":[{"embeddable":true,"href":"https:\/\/www.vorspeisenplatte.de\/speisen\/wp-json\/wp\/v2\/comments?post=44363"}],"version-history":[{"count":3,"href":"https:\/\/www.vorspeisenplatte.de\/speisen\/wp-json\/wp\/v2\/posts\/44363\/revisions"}],"predecessor-version":[{"id":44387,"href":"https:\/\/www.vorspeisenplatte.de\/speisen\/wp-json\/wp\/v2\/posts\/44363\/revisions\/44387"}],"wp:attachment":[{"href":"https:\/\/www.vorspeisenplatte.de\/speisen\/wp-json\/wp\/v2\/media?parent=44363"}],"wp:term":[{"taxonomy":"category","embeddable":true,"href":"https:\/\/www.vorspeisenplatte.de\/speisen\/wp-json\/wp\/v2\/categories?post=44363"},{"taxonomy":"post_tag","embeddable":true,"href":"https:\/\/www.vorspeisenplatte.de\/speisen\/wp-json\/wp\/v2\/tags?post=44363"}],"curies":[{"name":"wp","href":"https:\/\/api.w.org\/{rel}","templated":true}]}}