{"id":44409,"date":"2018-05-16T06:42:51","date_gmt":"2018-05-16T04:42:51","guid":{"rendered":"https:\/\/www.vorspeisenplatte.de\/speisen\/?p=44409"},"modified":"2018-05-16T06:42:51","modified_gmt":"2018-05-16T04:42:51","slug":"journal-dienstag-15-mai-2018-altes-fahrrad-neu","status":"publish","type":"post","link":"https:\/\/www.vorspeisenplatte.de\/speisen\/2018\/05\/journal-dienstag-15-mai-2018-altes-fahrrad-neu.htm","title":{"rendered":"Journal Dienstag, 15. Mai 2018 &#8211; Altes Fahrrad neu"},"content":{"rendered":"<p>Fr\u00fch und m\u00fcde aufgewacht, nachdem mich Schmerzen lange nicht hatten einschlafen lassen.<\/p>\n<p><a href=\"https:\/\/www.vorspeisenplatte.de\/speisen\/archiv\/180515_01_Theresienwiese.jpg\"><img loading=\"lazy\" decoding=\"async\" src=\"https:\/\/www.vorspeisenplatte.de\/speisen\/archiv\/180515_01_Theresienwiese.jpg\" alt=\"\" width=\"560\" height=\"394\" class=\"alignnone size-full wp-image-44417\" \/><\/a><\/p>\n<p>Sch\u00f6ner Fu\u00dfweg in die Arbeit, jeden Morgen genie\u00dfe ich den weiten Blick auf der Theresienwiese.<\/p>\n<p>Viel Arbeit in der Arbeit (vorm Fenster am Nachmittag ein Regenschauer), gegen Ende auch ein wenig gehetzt, weil ich mit dem Radlschrauber verabredet war.<\/p>\n<p><a href=\"https:\/\/www.vorspeisenplatte.de\/speisen\/archiv\/180515_05_Bavaria.jpg\"><img loading=\"lazy\" decoding=\"async\" src=\"https:\/\/www.vorspeisenplatte.de\/speisen\/archiv\/180515_05_Bavaria.jpg\" alt=\"\" width=\"439\" height=\"543\" class=\"alignnone size-full wp-image-44418\" \/><\/a><\/p>\n<p>Anderer Blick auf die Bavaria.<\/p>\n<p>Mein altes Fahrrad war repariert, doch wieder stapelten sich gestern Abend Kauf- und Reparaturinteressierte in dem kleinen Laden. Wir vereinbarten, meine Kaufberatung zu verschieben: Ich hatte ja eh den Neukauf eher am Ende des Sommers geplant und versicherte, dass ich zu niemand anderem gehen werde.<\/p>\n<p>Zumal Herr Schrauber mein altes Fahrrad wieder superfit gemacht hatte, sogar auf meinen Wunsch nach nicht-quietschenden Bremsbl\u00f6cken eingegangen war: Ich hatte seit Monaten keine Klingel mehr gebraucht, weil selbst leichtes Bremsen grell gequietscht hatte. (Sollten sie von einer M\u00fcnchner Radlerin an einer roten Ampel scheinbar aggressiv angequietscht worden sein: Das war ich, und ich hab&#8217;s echt nicht so gemeint.) Als er bei der Erstbesichtigung neulich auf die abgefahrenen Bremskl\u00f6tze hinwies, bat ich um m\u00f6glichst quietschfreie neue. Gestern betonte er, dass er sich in einer Probefahrt dessen versichert hatte. Au\u00dferdem: Lenker ein wenig h\u00f6her gestellt, Bremsen gerichtet, Gangschaltung angezogen, Felgen enteiert, Reifen knackig &#8211; beim Heimradeln wollte mir gar nicht mehr einfallen, wozu ich ein neues Fahrrad brauche. Na ja, bis mein Blick auf den v\u00f6llig verrosteten Lenker fiel.<\/p>\n<p>Nach Eink\u00e4ufen im Drogeriemarkt (Reisevorbereitung) ging ich zum Abendessen mit Herrn Kaltmamsell aus: Cocktails (Auroom) und Pizza (Italian Shot).<\/p>\n<p><a href=\"https:\/\/www.vorspeisenplatte.de\/speisen\/archiv\/180515_07_Kleidung.jpg\"><img loading=\"lazy\" decoding=\"async\" src=\"https:\/\/www.vorspeisenplatte.de\/speisen\/archiv\/180515_07_Kleidung.jpg\" alt=\"\" width=\"288\" height=\"473\" class=\"alignnone size-full wp-image-44420\" \/><\/a><\/p>\n<p><a href=\"https:\/\/www.vorspeisenplatte.de\/speisen\/archiv\/180515_09_Stephansplatz.jpg\"><img loading=\"lazy\" decoding=\"async\" src=\"https:\/\/www.vorspeisenplatte.de\/speisen\/archiv\/180515_09_Stephansplatz.jpg\" alt=\"\" width=\"466\" height=\"625\" class=\"alignnone size-full wp-image-44421\" srcset=\"https:\/\/www.vorspeisenplatte.de\/speisen\/archiv\/180515_09_Stephansplatz.jpg 466w, https:\/\/www.vorspeisenplatte.de\/speisen\/archiv\/180515_09_Stephansplatz-447x600.jpg 447w\" sizes=\"auto, (max-width: 466px) 100vw, 466px\" \/><\/a><\/p>\n<p>Der Stephansplatz in wundersch\u00f6nem Licht.<\/p>\n<p><a href=\"https:\/\/www.vorspeisenplatte.de\/speisen\/archiv\/180515_12_Auroom.jpg\"><img loading=\"lazy\" decoding=\"async\" src=\"https:\/\/www.vorspeisenplatte.de\/speisen\/archiv\/180515_12_Auroom.jpg\" alt=\"\" width=\"340\" height=\"452\" class=\"alignnone size-full wp-image-44422\" \/><\/a><\/p>\n<p><a href=\"https:\/\/www.vorspeisenplatte.de\/speisen\/archiv\/180515_14_Pizza.jpg\"><img loading=\"lazy\" decoding=\"async\" src=\"https:\/\/www.vorspeisenplatte.de\/speisen\/archiv\/180515_14_Pizza.jpg\" alt=\"\" width=\"363\" height=\"449\" class=\"alignnone size-full wp-image-44423\" \/><\/a><\/p>\n<p>In der Bar eine neue Methode des Eiertrennens gesehen (der Cocktail links verlangte nach einem Eiwei\u00df): Der Cocktailero sch\u00fcttelte das Ei kr\u00e4ftig, schlug dann an der Spitze ein Fingerkuppen-gro\u00dfes Loch hinein und go\u00df das Eiwei\u00df aus diesem Loch in den Shaker.<\/p>\n<p>W\u00e4hrend wir noch an unserer Pizza kauten, gingen drau\u00dfen Wolkenbr\u00fcche nieder. Wir warteten ein leichtes Abklingen des Regens ab und liefen schnell heim.<\/p>\n<p>Telefonat mit meiner Mutter: Sie wird w\u00e4hrend unseres Irlandurlaubs wieder Wohnung h\u00fcten. (Und sich um die armen Pflanzen zweier Pflanzenignoranten k\u00fcmmern.)<\/p>\n<p>\u00a7<\/p>\n<p>So organisierter Protest gegen Rechts macht am meisten Spa\u00df beim Lesen: Als wirkungsvoller Schabernack.<br \/>\n<a href=\"http:\/\/www.sueddeutsche.de\/muenchen\/erding\/protest-dorfen-gegen-die-afd-1.3966828\" rel=\"noopener\" target=\"_blank\">&#8220;Mit Bier und Schafkopfkarten gegen die AfD&#8221;.<\/a><\/p>\n<p>\u00a7<\/p>\n<p>Auf einem Journalisten-Festival hielt investigative Reporterin Alena Jabarine diesen Kurzvortrag:<br \/>\n<a href=\"https:\/\/www.zeit.de\/z2x\/2018-05\/journalismus-z2x-blitzvortrag-alena-jabarine\" rel=\"noopener\" target=\"_blank\">&#8220;Journalisten, nehmt die Masken ab!&#8221;<\/a><\/p>\n<blockquote><p>jede Geschichte hat auch ein Making-Of. Das bleibt allerdings meist im Verborgenen, obwohl es oft mehr aussagt als das, was der Zuschauer am Ende pr\u00e4sentiert bekommt. <\/p><\/blockquote>\n<p>(&#8230;)<\/p>\n<blockquote><p>Ich w\u00fcnsche mir, dass wir viel \u00f6fter auch das Making-Of erz\u00e4hlen. Dass wir Journalisten zeigen, wie wir recherchieren, wie wir mit Menschen umgehen, wo wir auch mal in der Zwickm\u00fchle stecken zwischen Professionalit\u00e4t und Menschlichkeit.<\/p><\/blockquote>\n<p>Ich stimme Jabarine von Herzen zu &#8211; glaube auch seit einigen Jahren zu beobachten, dass Berichterstattung die Berichterstattenden mehr thematisiert und bilde mir ein, das habe aus dem Bloggen abgef\u00e4rbt. Zu Transparenz geh\u00f6rt das &#8220;Ich&#8221; der Berichterstattenden auch explizit &#8211; das ist keineswegs Wichtigtuerei.<\/p>\n<blockquote><p>Denn als Reporter sind wir niemals unsichtbar. So sehr wir uns zur\u00fccknehmen, Distanz halten, wir sind da und werden somit zum Teil der Geschichte. Das sollten wir uns eingestehen. Und damit ganz offen umgehen.<\/p><\/blockquote>\n<p> <img loading=\"lazy\" decoding=\"async\" src=\"https:\/\/ssl-vg03.met.vgwort.de\/na\/1794357e4e3c4a9d9ea3ac3694aa8039\" width=\"1\" height=\"1\" alt=\"\"\/><\/p>\n","protected":false},"excerpt":{"rendered":"<p>Fr\u00fch und m\u00fcde aufgewacht, nachdem mich Schmerzen lange nicht hatten einschlafen lassen. Sch\u00f6ner Fu\u00dfweg in die Arbeit, jeden Morgen genie\u00dfe ich den weiten Blick auf der Theresienwiese. Viel Arbeit in der Arbeit (vorm Fenster am Nachmittag ein Regenschauer), gegen Ende auch ein wenig gehetzt, weil ich mit dem Radlschrauber verabredet war. Anderer Blick auf die [&hellip;]<\/p>\n","protected":false},"author":2,"featured_media":0,"comment_status":"open","ping_status":"closed","sticky":false,"template":"","format":"standard","meta":{"footnotes":""},"categories":[6,2,1],"tags":[],"class_list":["post-44409","post","type-post","status-publish","format-standard","hentry","category-essen","category-fotos","category-general"],"_links":{"self":[{"href":"https:\/\/www.vorspeisenplatte.de\/speisen\/wp-json\/wp\/v2\/posts\/44409","targetHints":{"allow":["GET"]}}],"collection":[{"href":"https:\/\/www.vorspeisenplatte.de\/speisen\/wp-json\/wp\/v2\/posts"}],"about":[{"href":"https:\/\/www.vorspeisenplatte.de\/speisen\/wp-json\/wp\/v2\/types\/post"}],"author":[{"embeddable":true,"href":"https:\/\/www.vorspeisenplatte.de\/speisen\/wp-json\/wp\/v2\/users\/2"}],"replies":[{"embeddable":true,"href":"https:\/\/www.vorspeisenplatte.de\/speisen\/wp-json\/wp\/v2\/comments?post=44409"}],"version-history":[{"count":3,"href":"https:\/\/www.vorspeisenplatte.de\/speisen\/wp-json\/wp\/v2\/posts\/44409\/revisions"}],"predecessor-version":[{"id":44427,"href":"https:\/\/www.vorspeisenplatte.de\/speisen\/wp-json\/wp\/v2\/posts\/44409\/revisions\/44427"}],"wp:attachment":[{"href":"https:\/\/www.vorspeisenplatte.de\/speisen\/wp-json\/wp\/v2\/media?parent=44409"}],"wp:term":[{"taxonomy":"category","embeddable":true,"href":"https:\/\/www.vorspeisenplatte.de\/speisen\/wp-json\/wp\/v2\/categories?post=44409"},{"taxonomy":"post_tag","embeddable":true,"href":"https:\/\/www.vorspeisenplatte.de\/speisen\/wp-json\/wp\/v2\/tags?post=44409"}],"curies":[{"name":"wp","href":"https:\/\/api.w.org\/{rel}","templated":true}]}}