{"id":45130,"date":"2018-06-18T06:28:09","date_gmt":"2018-06-18T04:28:09","guid":{"rendered":"https:\/\/www.vorspeisenplatte.de\/speisen\/?p=45130"},"modified":"2018-06-18T06:28:09","modified_gmt":"2018-06-18T04:28:09","slug":"journal-sonntag-17-juni-2018-generalversammlung-kartoffelkombinat","status":"publish","type":"post","link":"https:\/\/www.vorspeisenplatte.de\/speisen\/2018\/06\/journal-sonntag-17-juni-2018-generalversammlung-kartoffelkombinat.htm","title":{"rendered":"Journal Sonntag, 17. Juni 2018 &#8211; Generalversammlung Kartoffelkombinat"},"content":{"rendered":"<p><a href=\"https:\/\/www.vorspeisenplatte.de\/speisen\/archiv\/180617_06_Kartoffelkombi_GV.jpg\"><img loading=\"lazy\" decoding=\"async\" src=\"https:\/\/www.vorspeisenplatte.de\/speisen\/archiv\/180617_06_Kartoffelkombi_GV.jpg\" alt=\"\" width=\"456\" height=\"470\" class=\"alignnone size-full wp-image-45168\" \/><\/a><\/p>\n<p>Das M\u00fcnchner <a href=\"https:\/\/www.kartoffelkombinat.de\/blog\/vorteile\/\" rel=\"noopener\" target=\"_blank\">Kartoffelkombinat<\/a> gibt es jetzt seit sechs Jahren, seit fast f\u00fcnf bin ich Genossin. Als der Vorstand auf der gestrigen Generalversammlung kurz auf <a href=\"https:\/\/www.kartoffelkombinat.de\/blog\/wp-content\/uploads\/2016\/12\/Chronologie-des-Kartoffelkombinats.pdf\" rel=\"noopener\" target=\"_blank\">den Weg zur jetzigen eigenen G\u00e4rtnerei <\/a>zur\u00fcckblickte, wurde mir klar, dass ich fast gesamt dabei war: Von den Anf\u00e4ngen in der G\u00e4rtnerei in Eschenried \u00fcber die Jahre im Franziskuswerk Sch\u00f6nbrunn bis zum Kauf der eigenen G\u00e4rtnerei vergangenes Jahr in Spielberg aus eigenen Mittel, also \u00fcber Genossenschaftsanteile.<\/p>\n<p>Das Kartoffelkombinat steht hervorragend da: Die Finanzen sind stabil, die Ernte 2017 war gut, bislang l\u00e4uft auch 2018 der Anbau zufriedenstellend, Logistik und Personal sind im gr\u00fcnen Bereich. Ein spannendes aktuelles Projekt ist im Tierpark Hellabrunn <a href=\"http:\/\/kartoffelkombinat-ev.de\/blog\/2018\/05\/unser-kk-bauerngarten-im-tierpark-hellabrunn\/\" rel=\"noopener\" target=\"_blank\">die Bewirtschaftung des Bauerngartens im neu ausgebauten M\u00fchlendorf des Bereichs Europa<\/a>.<\/p>\n<p>Laut Vorstandbericht ist das Kartoffelkombinat mit Stand Ende 2017 auf 1170 Haushalte und 130 Verteilerpunkte gewachsen, 2017 wurden 50.799 Ernteanteile gepackt. In dieser Gr\u00f6\u00dfe und in seiner Kombination von Solidarischer Landwirtschaft mit Genossenschaftsstruktur sind wir einmalig &#8211; in Deutschland ganz sicher, vermutlich auch in Europa. Ich war gestern mal wieder v\u00f6llig geflasht, was aus dieser Idee von Vorstand Simon und Daniel geworden ist, dass das tr\u00e4gt, funktioniert und ausstrahlt. Umso weniger verstand ich, dass diesmal zur Generalversammlung sogar nur halb so viele Genossenschaftlerinnen und Genossenschaftler gekommen waren wie vergangenes Jahr &#8211; gerade mal \u00fcber hundert von derzeit 1340 (nicht alle Mitglieder beziehen Ernteanteile).<\/p>\n<p>Dabei galt es Interessantes und Wichtiges zu besprechen und beschlie\u00dfen: Die Pl\u00e4ne f\u00fcr die bereits 2017 vorgestellte Lagerhalle sind detaillierter geworden &#8211; wir wollen uns zum einen mit unserem Winter-(=Lager-)gem\u00fcse unabh\u00e4ngig machen, zudem braucht es f\u00fcr die mittlerweile 22 Angestellten und zum Kistenpacken anst\u00e4ndige Arbeitsbedingungen.<\/p>\n<p>Und dann war bereits in der diesj\u00e4hrigen Mitgliederumfrage die Haltung zu einem &#8220;Soli-Anteil&#8221; abgeklopft worden: Auch wenn unsere Satzung festlegt, dass die monatlichen Kosten f\u00fcr die breite Bev\u00f6lkerung bezahlbar sein sollen, sind diese derzeit 68 Euro f\u00fcr Familien eine Strapaze, die wirklich jeden Euro umdrehen m\u00fcssen &#8211; wir schlie\u00dfen einige Interessierte aus. Gestern beschlossen wir, dass es einen &#8220;Soli-Anteil&#8221; geben soll: Wer dazu bereit ist (und die Umfrage hatte ergeben, dass das mehr als 200 Genossenschaftlerinnen sind), zahlt monatlich mehr, daf\u00fcr zahlen Haushalte mit wenig Geld weniger. Mich freut sehr, dass es diese M\u00f6glichkeit ab 2019 gibt.<\/p>\n<p>Wenn Sie zu uns ins Kartoffelkombinat kommen wollen: <a href=\"https:\/\/www.kartoffelkombinat.de\/blog\/mitmachen\/ja-ich-will-das-kartoffelkombinat-6-wochen-lang-testen\/\" rel=\"noopener\" target=\"_blank\">Nur zu, wir wollen noch ein wenig wachsen<\/a>. Wenn Sie sowas oder sowas \u00c4hnliches woanders in Deutschland aufbauen m\u00f6chten: <a href=\"https:\/\/www.kartoffelkombinat.de\/blog\/kontakt\/\" rel=\"noopener\" target=\"_blank\">Wenden Sie sich gerne an unseren Vorstand Daniel und Simon<\/a> &#8211; wir verstehen uns als Leuchtturmprojekt und freuen uns, wenn unser Beispiel Schule macht.<\/p>\n<p>Das Wetter war gestern tags\u00fcber stabil und warm, erst abends begann es zu regnen. Zur Generalversammlung radelte ich, danach bloggte ich ausf\u00fchrlich <a href=\"https:\/\/www.vorspeisenplatte.de\/speisen\/2018\/06\/st-pius-in-ingolstadt-die-kirche-meiner-kindheit.htm\" rel=\"noopener\" target=\"_blank\">\u00fcber die Kirche meiner Kindheit, St. Pius in Ingolstadt<\/a>. Ein bisschen zog es mich noch raus: F\u00fcr Frischluft, sch\u00f6nes Gr\u00fcn und Pok\u00e9mon dreht ich eine Runde \u00fcber den Alten S\u00fcdfriedhof.<\/p>\n<p>\u00a7<\/p>\n<p>Warum ich bei Internet-Ausfall <a href=\"https:\/\/twitter.com\/andwoo\/status\/1007468303256702976?s=19\" rel=\"noopener\" target=\"_blank\">nie wieder Brieftaubenwitze machen werde<\/a>. <img loading=\"lazy\" decoding=\"async\" src=\"https:\/\/ssl-vg03.met.vgwort.de\/na\/936696e183a641f8b3c1894256ed2a5f\" width=\"1\" height=\"1\" alt=\"\"\/><\/p>\n","protected":false},"excerpt":{"rendered":"<p>Das M\u00fcnchner Kartoffelkombinat gibt es jetzt seit sechs Jahren, seit fast f\u00fcnf bin ich Genossin. Als der Vorstand auf der gestrigen Generalversammlung kurz auf den Weg zur jetzigen eigenen G\u00e4rtnerei zur\u00fcckblickte, wurde mir klar, dass ich fast gesamt dabei war: Von den Anf\u00e4ngen in der G\u00e4rtnerei in Eschenried \u00fcber die Jahre im Franziskuswerk Sch\u00f6nbrunn bis [&hellip;]<\/p>\n","protected":false},"author":2,"featured_media":0,"comment_status":"open","ping_status":"closed","sticky":false,"template":"","format":"standard","meta":{"footnotes":""},"categories":[2,1],"tags":[],"class_list":["post-45130","post","type-post","status-publish","format-standard","hentry","category-fotos","category-general"],"_links":{"self":[{"href":"https:\/\/www.vorspeisenplatte.de\/speisen\/wp-json\/wp\/v2\/posts\/45130","targetHints":{"allow":["GET"]}}],"collection":[{"href":"https:\/\/www.vorspeisenplatte.de\/speisen\/wp-json\/wp\/v2\/posts"}],"about":[{"href":"https:\/\/www.vorspeisenplatte.de\/speisen\/wp-json\/wp\/v2\/types\/post"}],"author":[{"embeddable":true,"href":"https:\/\/www.vorspeisenplatte.de\/speisen\/wp-json\/wp\/v2\/users\/2"}],"replies":[{"embeddable":true,"href":"https:\/\/www.vorspeisenplatte.de\/speisen\/wp-json\/wp\/v2\/comments?post=45130"}],"version-history":[{"count":3,"href":"https:\/\/www.vorspeisenplatte.de\/speisen\/wp-json\/wp\/v2\/posts\/45130\/revisions"}],"predecessor-version":[{"id":45176,"href":"https:\/\/www.vorspeisenplatte.de\/speisen\/wp-json\/wp\/v2\/posts\/45130\/revisions\/45176"}],"wp:attachment":[{"href":"https:\/\/www.vorspeisenplatte.de\/speisen\/wp-json\/wp\/v2\/media?parent=45130"}],"wp:term":[{"taxonomy":"category","embeddable":true,"href":"https:\/\/www.vorspeisenplatte.de\/speisen\/wp-json\/wp\/v2\/categories?post=45130"},{"taxonomy":"post_tag","embeddable":true,"href":"https:\/\/www.vorspeisenplatte.de\/speisen\/wp-json\/wp\/v2\/tags?post=45130"}],"curies":[{"name":"wp","href":"https:\/\/api.w.org\/{rel}","templated":true}]}}