{"id":45348,"date":"2018-06-30T08:44:25","date_gmt":"2018-06-30T06:44:25","guid":{"rendered":"https:\/\/www.vorspeisenplatte.de\/speisen\/?p=45348"},"modified":"2018-06-30T08:44:25","modified_gmt":"2018-06-30T06:44:25","slug":"journal-freitag-29-juni-2018-urlaubsauftakt-mit-sommerrueckkehr","status":"publish","type":"post","link":"https:\/\/www.vorspeisenplatte.de\/speisen\/2018\/06\/journal-freitag-29-juni-2018-urlaubsauftakt-mit-sommerrueckkehr.htm","title":{"rendered":"Journal Freitag, 29. Juni 2018 &#8211; Urlaubsauftakt mit Sommerr\u00fcckkehr"},"content":{"rendered":"<p>Fr\u00fchmorgens eine Runde Kraft- und Cardiotraining nach neuer Fitnessblender-Vorlage. Ich hatte in der Beschreibung \u00fcbersehen, dass kein Bauchtraining dabei war, das h\u00e4ngte ich selbstt\u00e4tig dran.<\/p>\n<p>Mit dem Fahrrad in die Arbeit, obwohl es entgegen der Wettervorhersage d\u00fcster aussah. Es blieb aber trocken, und nachmittags riss der Himmel tats\u00e4chlich auf. Ich h\u00f6rte drau\u00dfen Vogelgeschrei, und als ich nachsah, schoss gerade ein Falke schreiend an meinem Fenster vorbei, eine Kr\u00e4he jagend, die er immer wieder attackierte. Dahinter ein weiterer Falke. Wird die Kr\u00e4he sich ans Falkennest gemacht haben? Morgens hatte ich diese Woche am Heimeranplatz schon mal \u00fcberm Sheraton-Hotel zwei Falken gesehen.<\/p>\n<p>Angenehmerweise bekam ich meinen Schreibtisch ohne Panik urlaubsleer, ich verlie\u00df ihn mit gro\u00dfer Vorfreude. Zur Schusterin geradelt, beim Basitsch daneben Abendbrot besorgt.<\/p>\n<p>Herr Kaltmamsell kam fr\u00fcher als angek\u00fcndigt von einer Abiturfeier heim, zusammen bereiteten wir Lauchgem\u00fcse, Champignons und Entrec\u00f4te zu. Als Aperitif gab&#8217;s nach f\u00fcnf Tagen ohne Alkohol Cosmopolitans, zum Essen ein Glas Rotwein, w\u00e4hrend es drau\u00dfen warm und sommerlich wurde.<\/p>\n<p>\u00a7<\/p>\n<p>Der US-amerikanische Science-Fiction-Autor und Essayist Harlan Ellison ist mit 84 Jahren gestorben. <a href=\"https:\/\/www.vorspeisenplatte.de\/speisen\/2004\/05\/anruf-aus-hollywood.htm\" rel=\"noopener\" target=\"_blank\">Der hat ja mal bei uns angerufen.<\/a><\/p>\n<p>Das erinnerte mich intensiv daran, wie das Internet mal war und auf meiner kleinen Insel der Seligen noch sehr oft ist: Menschen und eine Verbindung zwischen ihnen, die es so noch nie gab &#8211; vielf\u00e4ltigste Grenzen von Lebenswelten \u00fcberwindend. Zum Gl\u00fcck war mir das auch damals schon bewusst.<\/p>\n<p>Ich musste besonders daran denken, als ich in der <i>New York Times<\/i> \u00fcber eine eigentlich sehr interessante Begegnung mit Jonathan Franzen las:<br \/>\n<a href=\"https:\/\/www.nytimes.com\/2018\/06\/26\/magazine\/jonathan-franzen-is-fine-with-all-of-it.html\" rel=\"noopener\" target=\"_blank\">&#8220;Jonathan Franzen Is Fine With All of It&#8221;.<\/a><\/p>\n<p>Darin wird Franzen zitiert:<\/p>\n<blockquote><p>\u201cThe internet is all about destroying the elite, destroying the gatekeepers,\u201d he said. \u201c<em>The people know best.<\/em> You take that to its conclusion, and you get Donald Trump.\u201d<\/p><\/blockquote>\n<p>So ein Bl\u00f6dsinn! Die beschriebene Haltung kann man tats\u00e4chlich in den vergangenen Jahren beobachten (siehe Brexit-Votum); doch das Internet ist doch nur ein Ort, an der sie sichtbar wird, nicht die Ursache daf\u00fcr. Es tut mir wirklich von Herzen leid, dass nur so wenige die M\u00f6glichkeiten des Internets erlebten und erleben wie ich. Vor allem angesichts der Entwicklungen in den vergangenen zehn Jahren wei\u00df ich, dass ich einfach Gl\u00fcck hatte. <img loading=\"lazy\" decoding=\"async\" src=\"https:\/\/ssl-vg03.met.vgwort.de\/na\/a5dab328576442dbaf4404f86ee9ecb3\" width=\"1\" height=\"1\" alt=\"\"\/><\/p>\n","protected":false},"excerpt":{"rendered":"<p>Fr\u00fchmorgens eine Runde Kraft- und Cardiotraining nach neuer Fitnessblender-Vorlage. Ich hatte in der Beschreibung \u00fcbersehen, dass kein Bauchtraining dabei war, das h\u00e4ngte ich selbstt\u00e4tig dran. Mit dem Fahrrad in die Arbeit, obwohl es entgegen der Wettervorhersage d\u00fcster aussah. Es blieb aber trocken, und nachmittags riss der Himmel tats\u00e4chlich auf. Ich h\u00f6rte drau\u00dfen Vogelgeschrei, und als [&hellip;]<\/p>\n","protected":false},"author":2,"featured_media":0,"comment_status":"open","ping_status":"closed","sticky":false,"template":"","format":"standard","meta":{"footnotes":""},"categories":[1],"tags":[],"class_list":["post-45348","post","type-post","status-publish","format-standard","hentry","category-general"],"_links":{"self":[{"href":"https:\/\/www.vorspeisenplatte.de\/speisen\/wp-json\/wp\/v2\/posts\/45348","targetHints":{"allow":["GET"]}}],"collection":[{"href":"https:\/\/www.vorspeisenplatte.de\/speisen\/wp-json\/wp\/v2\/posts"}],"about":[{"href":"https:\/\/www.vorspeisenplatte.de\/speisen\/wp-json\/wp\/v2\/types\/post"}],"author":[{"embeddable":true,"href":"https:\/\/www.vorspeisenplatte.de\/speisen\/wp-json\/wp\/v2\/users\/2"}],"replies":[{"embeddable":true,"href":"https:\/\/www.vorspeisenplatte.de\/speisen\/wp-json\/wp\/v2\/comments?post=45348"}],"version-history":[{"count":3,"href":"https:\/\/www.vorspeisenplatte.de\/speisen\/wp-json\/wp\/v2\/posts\/45348\/revisions"}],"predecessor-version":[{"id":45354,"href":"https:\/\/www.vorspeisenplatte.de\/speisen\/wp-json\/wp\/v2\/posts\/45348\/revisions\/45354"}],"wp:attachment":[{"href":"https:\/\/www.vorspeisenplatte.de\/speisen\/wp-json\/wp\/v2\/media?parent=45348"}],"wp:term":[{"taxonomy":"category","embeddable":true,"href":"https:\/\/www.vorspeisenplatte.de\/speisen\/wp-json\/wp\/v2\/categories?post=45348"},{"taxonomy":"post_tag","embeddable":true,"href":"https:\/\/www.vorspeisenplatte.de\/speisen\/wp-json\/wp\/v2\/tags?post=45348"}],"curies":[{"name":"wp","href":"https:\/\/api.w.org\/{rel}","templated":true}]}}