{"id":45399,"date":"2018-07-02T08:07:11","date_gmt":"2018-07-02T06:07:11","guid":{"rendered":"https:\/\/www.vorspeisenplatte.de\/speisen\/?p=45399"},"modified":"2018-07-02T08:07:11","modified_gmt":"2018-07-02T06:07:11","slug":"journal-sonntag-1-juli-2018-beerensonntag","status":"publish","type":"post","link":"https:\/\/www.vorspeisenplatte.de\/speisen\/2018\/07\/journal-sonntag-1-juli-2018-beerensonntag.htm","title":{"rendered":"Journal Sonntag, 1. Juli 2018 &#8211; Beerensonntag"},"content":{"rendered":"<p>Nach guter Nacht fr\u00fch augewacht und aufgestanden. Am Vorabend hatte ich Joghurt angesetzt, gestern Morgen stellte ich fest, dass er misslungen war: Ich sah nur flockige Suppe. Nachdem ich sie durch ein Tuch abtropfen lie\u00df, hatte ich eine Hand voll eher Quark, das war zumindest essbar.<\/p>\n<p>Wolkenlose Sonne, doch f\u00fcr Morgenkaffe auf dem Balkon war es definitiv zu k\u00fchl. Ich plante einen Isarlauf, doch erst, wenn es ein wenig w\u00e4rmer geworden war.<\/p>\n<p>Die Waschmaschine lief mit meiner Bettw\u00e4sche, ich nahm mich der geschenkten Beeren der Nachbarin an. Johannisbeeren m\u00f6gen sowohl Herr Kaltmamsell als auch ich nur als Gelee (vielleicht noch als Sirup). Da ich gestern f\u00fcrs Entsaften keine Zeit hatte, streifte ich die Beeren nur von den Rispen und fror sie ein.<\/p>\n<p><a href=\"https:\/\/www.vorspeisenplatte.de\/speisen\/archiv\/180701_02_Johannisbeeren.jpg\"><img loading=\"lazy\" decoding=\"async\" src=\"https:\/\/www.vorspeisenplatte.de\/speisen\/archiv\/180701_02_Johannisbeeren.jpg\" alt=\"\" width=\"379\" height=\"345\" class=\"alignnone size-full wp-image-45414\" \/><\/a><\/p>\n<p>Dabei entdeckte ich einen blinden Passagier.<\/p>\n<p>Auch um halb elf war es noch deutlich unter 20 Grad k\u00fchl, aber jetzt wollte ich los: Mit dem Rad zum Friedensengel, Rad abgestellt, isarabw\u00e4rts gelaufen. Ging gut, die Sommerfarben blau und gr\u00fcn machten mich ganz trunken.<\/p>\n<p><a href=\"https:\/\/www.vorspeisenplatte.de\/speisen\/archiv\/180701_04_Isarlauf.jpg\"><img loading=\"lazy\" decoding=\"async\" src=\"https:\/\/www.vorspeisenplatte.de\/speisen\/archiv\/180701_04_Isarlauf.jpg\" alt=\"\" width=\"393\" height=\"524\" class=\"alignnone size-full wp-image-45416\" \/><\/a><\/p>\n<p><a href=\"https:\/\/www.vorspeisenplatte.de\/speisen\/archiv\/180701_06_Isarlauf.jpg\"><img loading=\"lazy\" decoding=\"async\" src=\"https:\/\/www.vorspeisenplatte.de\/speisen\/archiv\/180701_06_Isarlauf.jpg\" alt=\"\" width=\"423\" height=\"564\" class=\"alignnone size-full wp-image-45417\" \/><\/a><\/p>\n<p><a href=\"https:\/\/www.vorspeisenplatte.de\/speisen\/archiv\/180701_09_Isarlauf.jpg\"><img loading=\"lazy\" decoding=\"async\" src=\"https:\/\/www.vorspeisenplatte.de\/speisen\/archiv\/180701_09_Isarlauf.jpg\" alt=\"\" width=\"485\" height=\"462\" class=\"alignnone size-full wp-image-45418\" \/><\/a><\/p>\n<p><a href=\"https:\/\/www.vorspeisenplatte.de\/speisen\/archiv\/180701_10_Isarlauf.jpg\"><img loading=\"lazy\" decoding=\"async\" src=\"https:\/\/www.vorspeisenplatte.de\/speisen\/archiv\/180701_10_Isarlauf.jpg\" alt=\"\" width=\"472\" height=\"536\" class=\"alignnone size-full wp-image-45419\" \/><\/a><\/p>\n<p><a href=\"https:\/\/www.vorspeisenplatte.de\/speisen\/archiv\/180701_14_Friedensengel.jpg\"><img loading=\"lazy\" decoding=\"async\" src=\"https:\/\/www.vorspeisenplatte.de\/speisen\/archiv\/180701_14_Friedensengel.jpg\" alt=\"\" width=\"415\" height=\"581\" class=\"alignnone size-full wp-image-45420\" \/><\/a><\/p>\n<p>Der <a href=\"https:\/\/de.wikipedia.org\/wiki\/Friedensdenkmal\" rel=\"noopener\" target=\"_blank\">Friedensengel<\/a> (!) unterm Europaplatz (!) schien mir gestern bereits genervt vom Maximilianeum weg zu schaun.<\/p>\n<p>Zum Fr\u00fchst\u00fcck gab&#8217;s Quiche vom Vorabend, dann k\u00fcmmerte ich mich um die Stachelbeeren.<\/p>\n<p>Stachelbeeren hatte ich schon so lange nicht mehr gegessen, dass ich mich nicht mehr an das letzte Mal erinnern konnte. In meiner Kindheit gab es sie im Garten von Elternfreunden, ich a\u00df sie direkt vom Busch, genauer: Ich zuzelte die Schale aus, die ich wegwarf, weil sie mir zu sauer war.<\/p>\n<p>Den gr\u00f6\u00dften Teil der Beeren verarbeitete ich zu einem <a href=\"https:\/\/www.deliaonline.com\/recipes\/collections\/delias-summer-collection\/english-gooseberry-cobbler\" rel=\"noopener\" target=\"_blank\">English Gooseberry Cobbler<\/a> aus dem Sommerkochbuch von Delia Smith.<\/p>\n<p><a href=\"https:\/\/www.vorspeisenplatte.de\/speisen\/archiv\/180701_18_GooseberryCobbler.jpg\"><img loading=\"lazy\" decoding=\"async\" src=\"https:\/\/www.vorspeisenplatte.de\/speisen\/archiv\/180701_18_GooseberryCobbler.jpg\" alt=\"\" width=\"423\" height=\"318\" class=\"alignnone size-full wp-image-45422\" \/><\/a><\/p>\n<p><a href=\"https:\/\/www.vorspeisenplatte.de\/speisen\/archiv\/180701_22_GooseberryCobbler.jpg\"><img loading=\"lazy\" decoding=\"async\" src=\"https:\/\/www.vorspeisenplatte.de\/speisen\/archiv\/180701_22_GooseberryCobbler.jpg\" alt=\"\" width=\"423\" height=\"379\" class=\"alignnone size-full wp-image-45423\" \/><\/a><\/p>\n<p><a href=\"https:\/\/www.vorspeisenplatte.de\/speisen\/archiv\/180701_27_GooseberryCobbler.jpg\"><img loading=\"lazy\" decoding=\"async\" src=\"https:\/\/www.vorspeisenplatte.de\/speisen\/archiv\/180701_27_GooseberryCobbler.jpg\" alt=\"\" width=\"363\" height=\"484\" class=\"alignnone size-full wp-image-45424\" \/><\/a><\/p>\n<p>Der Teig war nicht ganz durchgebacken, obwohl oben bereits sehr braun &#8211; beim n\u00e4chsten Mal w\u00fcrde ich an Temperatur (niedriger), Backort (nicht wie angewiesen oben im Ofen), Backzeit (l\u00e4nger) schrauben. Nur dass es sehr wahrscheinlich kein n\u00e4chstes Mal gibt, denn, wie soll ich sagen: Vielleicht mag ich Stachelbeeren dann doch nicht. Es hatte gute Gr\u00fcnde, dass ich sie als Kind auszuzelte, sie sind mir zu sauer, dagegen kommt keine Menge Zucker an.<\/p>\n<p>Die restlichen Stachelbeeren kochte ich zu Kompott, mit Zucker, Vanilleschote und einem Schuss Brandy, ein wenig mit St\u00e4rke angedickt. Zu meiner \u00dcberraschung schmeckte mir das sehr gut. Ich wei\u00df also, was ich mit weiteren geschenkten Stachelbeeren machen w\u00fcrde.<\/p>\n<p>Herr Kaltmamsell musste heftigst arbeiten, er entschuldigte sich mehrfach, dass er mich mit den Beeren allein lie\u00df. No na, das kommt ja wirklich selten vor, noch dazu kochte er unser Abendessen: Ich hatte ihm <a href=\"https:\/\/www.arthurstochterkochtblog.com\/2017\/07\/rezept-querrippe-schmoren-polenta-zitronenpolenta-bramata-foodblog.html\" rel=\"noopener\" target=\"_blank\">diesen Link<\/a> geschickt mit der Bitte &#8220;Kochst du das f\u00fcr mich?&#8221;. <a href=\"https:\/\/www.instagram.com\/p\/Bksp_K-DAZf\/\" rel=\"noopener\" target=\"_blank\">Und das machte er.<\/a> K\u00f6stlich, die Zitronenpolenta ist eine ganz ausgezeichnete Idee.<\/p>\n<p>Abends kl\u00e4rten sich noch Details meiner \u00dcbernachtungen in Klagenfurt, jetzt kann ich mich unbelastet freuen. (Allerdings muss mir noch einfallen, was ich drei Stunden lang mit Koffer zwischen Ankunft und Wohnungsbezug in Klagenfurt anstelle.)<\/p>\n<p>\u00a7<\/p>\n<p>Die <i>New York Times<\/i> erkl\u00e4rt Bayern zum Texas Deutschlands. Danke CSU.<br \/>\n<a href=\"https:\/\/www.nytimes.com\/2018\/06\/30\/world\/europe\/bavaria-immigration-afd-munich.html\" rel=\"noopener\" target=\"_blank\">&#8220;Bavaria: Affluent, Picturesque \u2014 and Angry&#8221;.<\/a><\/p>\n<blockquote><p>Bavaria may seem an unlikely home for populism. Nearly a third of Germany\u2019s blue-chip listed companies are based here, unemployment is below 3 percent and economic growth has exceeded that of other German regions for the past eight years.<\/p>\n<p>A melting pot of Slavic and southern European influences for centuries, Bavaria has also been more successful than many other German regions at integrating newcomers. Munich, for example, is far more multicultural than Berlin.<\/p>\n<p>As Wolfgang Jirschik, mayor of Baierbrunn, a small village in the Isar valley near Munich put it: \u201cThere is no need to make Bavaria great again. It is already pretty great.\u201d<\/p><\/blockquote>\n<p>(&#8230;)<\/p>\n<blockquote><p>\u201cThis is not about economics,\u201d said Gerald Knaus, the director of the European Stability Initiative, a Berlin-based think tank. \u201cIt is about identity and a very successful populist P.R. machine that is rewriting recent history.\u201d<\/p>\n<p>In the fall of 2015, Bavaria was on the front line of Germany\u2019s migrant crisis, processing tens of thousands of newcomers a day along its 500-mile border with Austria and earning worldwide praise for the humanity and efficiency with which bureaucracy and volunteers worked hand in hand to meet the challenge.<\/p>\n<p>Refugees were welcomed with applause at train stations. Sport halls were transformed into makeshift camps. Soup kitchens were manned by local residents.<\/p>\n<p>But three years later, the mood has shifted, particularly in areas close to the border where the far-right Alternative for Germany, or AfD, has made the most of its gains.<\/p><\/blockquote>\n<p>(&#8230;)<\/p>\n<blockquote><p>\u201cBavarian nationalism has been a tolerated form of nationalism since 1945,\u201d said Klaus Reichhold, who runs a cultural institute in Munich and has written about Bavarian folklore. \u201cYou could always bypass the German taboo on nationalism by being Bavarian.\u201d<\/p><\/blockquote>\n<p>Letzteres finde ich eine besonders interessante Beobachtung.<br \/>\nAllerdings l\u00e4sst dieser <i>NYT<\/i>-Artikel <a href=\"https:\/\/www.zeit.de\/politik\/deutschland\/2018-06\/unionsstreit-csu-bayern-problem-forsa-umfrage?\" rel=\"noopener\" target=\"_blank\">die j\u00fcngsten Umfragergebnisse<\/a> unerw\u00e4hnt, nach denen 39% der befragten W\u00e4hlerinnen und W\u00e4hler in Bayern die CSU als derzeit gr\u00f6\u00dftes Problem ansehen.<\/p>\n<p>\u00a7<\/p>\n<p>Ein Twitterfaden erz\u00e4hlt ein Kapitel englischer <i>gay history<\/i>. <a href=\"https:\/\/twitter.com\/gawanmac\/status\/1013161024244125696\" rel=\"noopener\" target=\"_blank\">Es beginnt mit einem Dachbodenfund.<\/a><\/p>\n<p>via <a href=\"https:\/\/twitter.com\/spreeblick\" rel=\"noopener\" target=\"_blank\">@spreeblick<\/a><\/p>\n<p>\u00a7<\/p>\n<p>Diversity-Coach Robin DiAngelo erz\u00e4hlt von ihren Erlebnissen:<br \/>\n<a href=\"https:\/\/medium.com\/s\/story\/how-white-people-handle-diversity-training-in-the-workplace-e8408d2519f\" rel=\"noopener\" target=\"_blank\">&#8220;How White People Handle Diversity Training in the Workplace&#8221;.<\/a><\/p>\n<blockquote><p>Confronted with their own shortcomings, white employees often shut down the dialogue\u2014or frame themselves as victims.<\/p><\/blockquote>\n<p>Sie nennt einige Beispiele und folgert:<\/p>\n<blockquote><p>White fragility functions as a form of bullying: \u201cI am going to make it so miserable for you to confront me\u200a\u2014\u200ano matter how diplomatically you try to do so\u200a\u2014\u200athat you will simply back off, give up, and never raise the issue again.\u201d White fragility keeps people of color in line and \u201cin their place.\u201d In this way, it is a powerful form of white racial control.<\/p><\/blockquote>\n<p>Ich musste fast lachen, weil ich diese Mechanismen bei jedem der wenigen Male erlebt habe, wenn ich mich traute, jemanden auf rassistische Aussagen oder auf rassistisches Verhalten hinzuweisen &#8211; ohne dabei auch nur einmal das Wort selbst zu verwenden: Heftigstes Verteidigungsgefuchtel mit teilweise superrassistischen Argumenten, warum er\/sie auf keinen Fall jemals rassistisch sein k\u00f6nne &#8211; von der Behauptung, Andersfarbigkeit gar nicht wahrzunehmen, bis zu Kompliment-Absicht. <img loading=\"lazy\" decoding=\"async\" src=\"https:\/\/ssl-vg03.met.vgwort.de\/na\/2507429ded3c43b2a11646ab13f8a9c8\" width=\"1\" height=\"1\" alt=\"\"\/><\/p>\n","protected":false},"excerpt":{"rendered":"<p>Nach guter Nacht fr\u00fch augewacht und aufgestanden. Am Vorabend hatte ich Joghurt angesetzt, gestern Morgen stellte ich fest, dass er misslungen war: Ich sah nur flockige Suppe. Nachdem ich sie durch ein Tuch abtropfen lie\u00df, hatte ich eine Hand voll eher Quark, das war zumindest essbar. Wolkenlose Sonne, doch f\u00fcr Morgenkaffe auf dem Balkon war [&hellip;]<\/p>\n","protected":false},"author":2,"featured_media":0,"comment_status":"open","ping_status":"closed","sticky":false,"template":"","format":"standard","meta":{"footnotes":""},"categories":[6,2,1],"tags":[],"class_list":["post-45399","post","type-post","status-publish","format-standard","hentry","category-essen","category-fotos","category-general"],"_links":{"self":[{"href":"https:\/\/www.vorspeisenplatte.de\/speisen\/wp-json\/wp\/v2\/posts\/45399","targetHints":{"allow":["GET"]}}],"collection":[{"href":"https:\/\/www.vorspeisenplatte.de\/speisen\/wp-json\/wp\/v2\/posts"}],"about":[{"href":"https:\/\/www.vorspeisenplatte.de\/speisen\/wp-json\/wp\/v2\/types\/post"}],"author":[{"embeddable":true,"href":"https:\/\/www.vorspeisenplatte.de\/speisen\/wp-json\/wp\/v2\/users\/2"}],"replies":[{"embeddable":true,"href":"https:\/\/www.vorspeisenplatte.de\/speisen\/wp-json\/wp\/v2\/comments?post=45399"}],"version-history":[{"count":3,"href":"https:\/\/www.vorspeisenplatte.de\/speisen\/wp-json\/wp\/v2\/posts\/45399\/revisions"}],"predecessor-version":[{"id":45427,"href":"https:\/\/www.vorspeisenplatte.de\/speisen\/wp-json\/wp\/v2\/posts\/45399\/revisions\/45427"}],"wp:attachment":[{"href":"https:\/\/www.vorspeisenplatte.de\/speisen\/wp-json\/wp\/v2\/media?parent=45399"}],"wp:term":[{"taxonomy":"category","embeddable":true,"href":"https:\/\/www.vorspeisenplatte.de\/speisen\/wp-json\/wp\/v2\/categories?post=45399"},{"taxonomy":"post_tag","embeddable":true,"href":"https:\/\/www.vorspeisenplatte.de\/speisen\/wp-json\/wp\/v2\/tags?post=45399"}],"curies":[{"name":"wp","href":"https:\/\/api.w.org\/{rel}","templated":true}]}}