{"id":45428,"date":"2018-07-03T07:39:51","date_gmt":"2018-07-03T05:39:51","guid":{"rendered":"https:\/\/www.vorspeisenplatte.de\/speisen\/?p=45428"},"modified":"2018-07-03T08:21:24","modified_gmt":"2018-07-03T06:21:24","slug":"journal-montag-2-juli-2018-heimatwanderurlaub","status":"publish","type":"post","link":"https:\/\/www.vorspeisenplatte.de\/speisen\/2018\/07\/journal-montag-2-juli-2018-heimatwanderurlaub.htm","title":{"rendered":"Journal Montag, 2. Juli 2018 &#8211; Heimatwanderurlaub"},"content":{"rendered":"<p>Der freie Montag sollte Wandertag werden: Um den Putzmann seine Arbeit in Ruhe machen zu lassen, wollte ich nicht zu Hause sein, Sport hatte ich aber bereits in den Tagen davor recht ausf\u00fchrlich getrieben. Zun\u00e4chst dachte ich Richtung Starnberger oder Ammersee, doch beim Laufen am Sonntag kam ich auf die Idee, eben diese Laufstrecke mal zu wandern: Eine andere Gangart w\u00fcrde sicher zu anderen Perspektiven f\u00fchren, au\u00dferdem konnte ich am menschenarmen Montag auch Wege nehmen, die ich wochenends wegen \u00dcberv\u00f6lkerung oder Radlern mied.<\/p>\n<p>Ich stand fr\u00fch auf, um meinen Morgenkaffee mit Herrn Kaltmamsell teilen zu k\u00f6nnen, der um 6:45 Uhr das Haus verlassen musste. Mit der gurgelnden und fauchenden Cafetera im Hintergrund holte ich die Zeitung herein.<\/p>\n<p><a href=\"https:\/\/www.vorspeisenplatte.de\/speisen\/archiv\/180702_01_SZTitel.jpg\"><img loading=\"lazy\" decoding=\"async\" src=\"https:\/\/www.vorspeisenplatte.de\/speisen\/archiv\/180702_01_SZTitel.jpg\" alt=\"\" width=\"363\" height=\"448\" class=\"alignnone size-full wp-image-45441\" \/><\/a><\/p>\n<p>Wieder mal schaffte es die <i>S\u00fcddeutsche<\/i>, echte Neuigkeiten zu servieren, da waren ein paar Leute drau\u00dfen am Leuchtenbergring f\u00fcr die Stadtausgabe ganz sch\u00f6n lang aufgeblieben. <\/p>\n<p>Nach Bloggen, Duschen, Altglaswegbringen cremte ich mich dem wolkenlosen Sonnentag angemessen mit Sonnenmilch ein.<\/p>\n<p><a href=\"https:\/\/www.vorspeisenplatte.de\/speisen\/archiv\/180702_02_Wanderbereit.jpg\"><img loading=\"lazy\" decoding=\"async\" src=\"https:\/\/www.vorspeisenplatte.de\/speisen\/archiv\/180702_02_Wanderbereit.jpg\" alt=\"\" width=\"236\" height=\"420\" class=\"alignnone size-full wp-image-45442\" \/><\/a><\/p>\n<p>Wanderfertig!<br \/>\nJa, in kurzen Hosen. Auch auf dem Fahrrad zum Start. Auch anschlie\u00dfend beim Einkaufen. Und ob sie&#8217;s glauben oder nicht: Niemand hat auf die Textur meiner Oberschenkel geachtet, die exakt die einer normalen 51-j\u00e4hrigen Frau ist. MUHAHAHAHA!<\/p>\n<p>Das Wandern selbst war durchmischt. Mir war leider schwindelig, auch nach der Brotzeit und auch im Schatten, manchmal glaubte ich zu torkeln und hatte arge Probleme, einen klaren Gedanken zu fassen. Doch die Ausblicke waren sch\u00f6n, das Licht strahlte verzaubert, ich begegnete nur wenigen Menschen.<\/p>\n<p><a href=\"https:\/\/www.vorspeisenplatte.de\/speisen\/archiv\/180702_06_Luitpoldbruecke.jpg\"><img loading=\"lazy\" decoding=\"async\" src=\"https:\/\/www.vorspeisenplatte.de\/speisen\/archiv\/180702_06_Luitpoldbruecke.jpg\" alt=\"\" width=\"538\" height=\"397\" class=\"alignnone size-full wp-image-45443\" \/><\/a><\/p>\n<p><a href=\"https:\/\/www.vorspeisenplatte.de\/speisen\/archiv\/180702_05_Luitpoldbruecke.jpg\"><img loading=\"lazy\" decoding=\"async\" src=\"https:\/\/www.vorspeisenplatte.de\/speisen\/archiv\/180702_05_Luitpoldbruecke.jpg\" alt=\"\" width=\"363\" height=\"493\" class=\"alignnone size-full wp-image-45444\" \/><\/a><\/p>\n<p>Auch an anderen Stellen der Luitpoldbr\u00fccke waren Zettel in dieser Formation angebracht, alle mit beruhigenden Worten.<\/p>\n<p><a href=\"https:\/\/www.vorspeisenplatte.de\/speisen\/archiv\/180702_08_Isarwanderung.jpg\"><img loading=\"lazy\" decoding=\"async\" src=\"https:\/\/www.vorspeisenplatte.de\/speisen\/archiv\/180702_08_Isarwanderung.jpg\" alt=\"\" width=\"447\" height=\"605\" class=\"alignnone size-full wp-image-45445\" srcset=\"https:\/\/www.vorspeisenplatte.de\/speisen\/archiv\/180702_08_Isarwanderung.jpg 447w, https:\/\/www.vorspeisenplatte.de\/speisen\/archiv\/180702_08_Isarwanderung-443x600.jpg 443w\" sizes=\"auto, (max-width: 447px) 100vw, 447px\" \/><\/a><\/p>\n<p><a href=\"https:\/\/www.vorspeisenplatte.de\/speisen\/archiv\/180702_12_Isarwanderung.jpg\"><img loading=\"lazy\" decoding=\"async\" src=\"https:\/\/www.vorspeisenplatte.de\/speisen\/archiv\/180702_12_Isarwanderung.jpg\" alt=\"\" width=\"599\" height=\"420\" class=\"alignnone size-full wp-image-45446\" \/><\/a><\/p>\n<p>Am Isarkanal, der am F\u00f6hringer Wehr beginnt, kam mir ein Dutzend halbw\u00fcchsiger Enten auf dem Wasser entgegengerannt, als sei der Teufel hinter ihnen her.<\/p>\n<p><a href=\"https:\/\/www.vorspeisenplatte.de\/speisen\/archiv\/180702_14_Isarwanderung.jpg\"><img loading=\"lazy\" decoding=\"async\" src=\"https:\/\/www.vorspeisenplatte.de\/speisen\/archiv\/180702_14_Isarwanderung.jpg\" alt=\"\" width=\"570\" height=\"406\" class=\"alignnone size-full wp-image-45447\" \/><\/a><\/p>\n<p>Es war dann aber nicht der Teufel, sondern ein Boot der Feuerwehr, die mit ein paar Wagen dastand und \u00fcbte (im weitesten Sinn).<\/p>\n<p><a href=\"https:\/\/www.vorspeisenplatte.de\/speisen\/archiv\/180702_21_Isarwanderung.jpg\"><img loading=\"lazy\" decoding=\"async\" src=\"https:\/\/www.vorspeisenplatte.de\/speisen\/archiv\/180702_21_Isarwanderung.jpg\" alt=\"\" width=\"423\" height=\"505\" class=\"alignnone size-full wp-image-45448\" \/><\/a><\/p>\n<p>Ich lie\u00df mich am Ufer nieder zu einem Fr\u00fchst\u00fcck (Laugenzopf, Nektarinen) mit Aussicht.<\/p>\n<p><a href=\"https:\/\/www.vorspeisenplatte.de\/speisen\/archiv\/180702_23_Isarwanderung.jpg\"><img loading=\"lazy\" decoding=\"async\" src=\"https:\/\/www.vorspeisenplatte.de\/speisen\/archiv\/180702_23_Isarwanderung.jpg\" alt=\"\" width=\"423\" height=\"564\" class=\"alignnone size-full wp-image-45449\" \/><\/a><\/p>\n<p>Am Poschinger  Weiher (so weit bin ich erst zwei oder drei Mal gejoggt, zuletzt vor Jahren) kreuzte ich die Isar und ging auf der anderen Seite zur\u00fcck.<\/p>\n<p><a href=\"https:\/\/www.vorspeisenplatte.de\/speisen\/archiv\/180702_27_Isarwanderung.jpg\"><img loading=\"lazy\" decoding=\"async\" src=\"https:\/\/www.vorspeisenplatte.de\/speisen\/archiv\/180702_27_Isarwanderung.jpg\" alt=\"\" width=\"383\" height=\"491\" class=\"alignnone size-full wp-image-45450\" \/><\/a><\/p>\n<p><a href=\"https:\/\/www.vorspeisenplatte.de\/speisen\/archiv\/180702_30_Isarwanderung.jpg\"><img loading=\"lazy\" decoding=\"async\" src=\"https:\/\/www.vorspeisenplatte.de\/speisen\/archiv\/180702_30_Isarwanderung.jpg\" alt=\"\" width=\"556\" height=\"407\" class=\"alignnone size-full wp-image-45451\" \/><\/a><\/p>\n<p>\u00dcbrigens habe ich hiermit f\u00fcr mich das Sandalenwandern entdeckt. Warum das Wandern und kein Spaziergang war?<br \/>\n&#8211; Vier Stunden und 19 Kilometer sind kein Spaziergang.<br \/>\n&#8211; Ich hatte Brotzeit dabei.<\/p>\n<p>Die vergangenes Jahr gekauften Langstreckensandalen haben sich hiermit in dieser Funkion bew\u00e4hrt: Nicht mal der Hauch einer Blase oder reibenden Stelle. (Was ich beim Zu-Bett-Gehen allerdings entdeckte: Sandalenwandern macht sehr schmutzige F\u00fc\u00dfe.)<\/p>\n<p>Vom Friedensengel aus radelte ich in die Maxvorstadt und holte mir nach Langem mal wieder ein Eis bei Ballabeni: Schoko-Ingwer war sehr gut, Pistazie angemessen, das Kokos-Probiererl definitiv eines der besseren seiner Art.<\/p>\n<p>Auf dem Heimweg Einkaufsabstecher.<\/p>\n<p>Herr Kaltmamsell kam abends nach einem heftigen Arbeitstag heim, es gab Reste. Schr\u00f6dingers Innenministerium hatte sich bis zum Schlafengehen immer noch nicht gekl\u00e4rt.<\/p>\n<p>\u00a7<\/p>\n<p>Mehr als ich je \u00fcber Klapperschlangenbisse wissen wollte. Ungef\u00e4hr 200 Prozent mehr. Aufgeschrieben von einem \u00dcberlebenden eines Klapperschlangenbisses.<br \/>\n<a href=\"https:\/\/www.outsideonline.com\/2315436\/surviving-rattlesnake-bite\" rel=\"noopener\" target=\"_blank\">&#8220;A Rattle with Death in Yosemite&#8221;.<\/a><\/p>\n<p>aus den instagram-Kommentaren <a href=\"https:\/\/www.instagram.com\/p\/BktyDKxh4QS\/\" rel=\"noopener\" target=\"_blank\">zu einer Wanderbegegnung<\/a><\/p>\n<p>\u00a7<\/p>\n<p>Kulturwissenschaftlerin Asal Dardan schreibt in der <i>Zeit<\/i>:<br \/>\n<a href=\"https:\/\/www.zeit.de\/kultur\/2018-06\/diskriminierungen-opfer-taeter-politisierung-opferkultur-gewalt\" rel=\"noopener\" target=\"_blank\">&#8220;Die Politisierung der Tr\u00e4nendr\u00fcse&#8221;.<\/a><\/p>\n<p>Darum geht es ihr:<\/p>\n<blockquote><p>Wir alle sind verletzlich, aber wir sind nicht alle gleich: Wer in Opferdiskursen nicht differenziert, handelt politisch verantwortungslos.<\/p><\/blockquote>\n<p>Wie so oft hilft eine historische Perspektive: <\/p>\n<blockquote><p>Emanzipatorische Bewegungen l\u00f6sen Gegenbewegungen aus, weil manche Menschen sich schon dadurch in ihrer Freiheit bedroht sehen, das sie auf andere ausgeweitet werden soll.<\/p><\/blockquote>\n<p>(&#8230;)<\/p>\n<blockquote><p>Wie der Politiktheoretiker Corey Robin in seiner Analyse konservativen Denkens <em>The Reactionary Mind<\/em> ausf\u00fchrt, sind solche Formen der Viktimisierung oder Selbstviktimisierung keine Folgeerscheinung der so oft diffamierten politischen Korrektheit. Im Gegenteil sind sie ein wesentlicher Bestandteil rechter Narrative. Seit der Franz\u00f6sischen Revolution waren Konterrevolution\u00e4re, Monarchisten und Konservative von der Angst geplagt, sie k\u00f6nnten von Linken geg\u00e4ngelt und unterworfen werden. Wie die politischen Machtverh\u00e4ltnisse wirklich waren, hatte auf diese Wahrnehmung kaum Einfluss.<\/p><\/blockquote>\n<p>Bezogen auf die aktuellen Debatten hei\u00dft das:<\/p>\n<blockquote><p>Strukturelle Gewalt bedarf keiner T\u00e4ter im Sinne von einzelnen handelnden Personen, um Menschen in ihrem Leben zu beeintr\u00e4chtigen und ihnen unn\u00f6tige Opfer abzuverlangen. (&#8230;) Im Kontext struktureller Gewalt bedeutet Schuld nicht, Privilegien innezuhaben, sondern diese nicht zu reflektieren. Ein wei\u00dfer Mann, <a href=\"https:\/\/www.zeit.de\/kultur\/2018-05\/opferkultur-debatte-sexismus-freiheit-gesellschaft\" rel=\"noopener\" target=\"_blank\">wie er auch von Neft angef\u00fchrt wird<\/a>, ist selbstverst\u00e4ndlich nicht sofort T\u00e4ter oder Mitt\u00e4ter, nur weil er ein wei\u00dfer Mann ist. H\u00f6rt er aber jenen, die keine wei\u00dfen M\u00e4nner sind, nicht zu, und denkt nicht dar\u00fcber nach, was es wohl gesellschaftlich bedeutet, ein wei\u00dfer Mann zu sein, stabilisiert er ein System, das anderen schadet. Kein einzelner Mensch tr\u00e4gt kausale Schuld an systemischem und strukturellem Unrecht. Wer sich aber weigert, sich als Teil einer historisch gewachsenen gesellschaftlichen Struktur zu sehen, die eben nicht von Gott oder der Natur gegeben ist, der tr\u00e4gt die moralische Schuld, Unrecht nicht anerkannt und nichts dagegen getan zu haben. <\/p><\/blockquote>\n<p>(&#8230;)<\/p>\n<blockquote><p>&#8220;Das geht zu weit&#8221; ist neben &#8220;Es muss auch mal gut sein&#8221; der Slogan der Nicht-Betroffenen, die au\u00dfer ein bisschen Ungest\u00f6rtsein nichts verloren haben.<\/p><\/blockquote>\n<p>\u00a7<\/p>\n<p>Im M\u00e4rz 2017 <a href=\"https:\/\/www.abendzeitung-muenchen.de\/inhalt.muenchner-abfallwirtschaft-eine-frau-bei-der-muellabfuhr-allein-unter-muellmaennern.61f403e7-a1bf-4450-ac8a-8ae2584d5b34.html\" rel=\"noopener\" target=\"_blank\">gab es bei der M\u00fcnchner M\u00fcllabfuhr f\u00fcnf Frauen<\/a>. In Berlin gibt es keine. Jutta Allmendinger (<a href=\"https:\/\/de.wikipedia.org\/wiki\/Jutta_Allmendinger\" rel=\"noopener\" target=\"_blank\">ja, genau die<\/a>) ist Aufsichtsr\u00e4tin der Berliner Stadtreinigung und wehrt sich gegen die Behauptung, der Job sei f\u00fcr Frauen zu schwer &#8211; unter anderem, indem sie einen Tag mitarbeitete. Hier ihr Bericht im <i>Tagesspiegel<\/i>:<br \/>\n<a href=\"https:\/\/www.tagesspiegel.de\/berlin\/berliner-stadtreinigung-eine-frau-geht-unter-die-muellmaenner\/22756318.html\" rel=\"noopener\" target=\"_blank\">&#8220;Eine Frau geht unter die M\u00fcllm\u00e4nner&#8221;.<\/a> <img loading=\"lazy\" decoding=\"async\" src=\"https:\/\/ssl-vg03.met.vgwort.de\/na\/e54aeb49973148dfb5449199957ecff5\" width=\"1\" height=\"1\" alt=\"\"\/><\/p>\n","protected":false},"excerpt":{"rendered":"<p>Der freie Montag sollte Wandertag werden: Um den Putzmann seine Arbeit in Ruhe machen zu lassen, wollte ich nicht zu Hause sein, Sport hatte ich aber bereits in den Tagen davor recht ausf\u00fchrlich getrieben. Zun\u00e4chst dachte ich Richtung Starnberger oder Ammersee, doch beim Laufen am Sonntag kam ich auf die Idee, eben diese Laufstrecke mal [&hellip;]<\/p>\n","protected":false},"author":2,"featured_media":0,"comment_status":"open","ping_status":"closed","sticky":false,"template":"","format":"standard","meta":{"footnotes":""},"categories":[2,1],"tags":[],"class_list":["post-45428","post","type-post","status-publish","format-standard","hentry","category-fotos","category-general"],"_links":{"self":[{"href":"https:\/\/www.vorspeisenplatte.de\/speisen\/wp-json\/wp\/v2\/posts\/45428","targetHints":{"allow":["GET"]}}],"collection":[{"href":"https:\/\/www.vorspeisenplatte.de\/speisen\/wp-json\/wp\/v2\/posts"}],"about":[{"href":"https:\/\/www.vorspeisenplatte.de\/speisen\/wp-json\/wp\/v2\/types\/post"}],"author":[{"embeddable":true,"href":"https:\/\/www.vorspeisenplatte.de\/speisen\/wp-json\/wp\/v2\/users\/2"}],"replies":[{"embeddable":true,"href":"https:\/\/www.vorspeisenplatte.de\/speisen\/wp-json\/wp\/v2\/comments?post=45428"}],"version-history":[{"count":3,"href":"https:\/\/www.vorspeisenplatte.de\/speisen\/wp-json\/wp\/v2\/posts\/45428\/revisions"}],"predecessor-version":[{"id":45458,"href":"https:\/\/www.vorspeisenplatte.de\/speisen\/wp-json\/wp\/v2\/posts\/45428\/revisions\/45458"}],"wp:attachment":[{"href":"https:\/\/www.vorspeisenplatte.de\/speisen\/wp-json\/wp\/v2\/media?parent=45428"}],"wp:term":[{"taxonomy":"category","embeddable":true,"href":"https:\/\/www.vorspeisenplatte.de\/speisen\/wp-json\/wp\/v2\/categories?post=45428"},{"taxonomy":"post_tag","embeddable":true,"href":"https:\/\/www.vorspeisenplatte.de\/speisen\/wp-json\/wp\/v2\/tags?post=45428"}],"curies":[{"name":"wp","href":"https:\/\/api.w.org\/{rel}","templated":true}]}}