{"id":45767,"date":"2018-07-23T06:34:28","date_gmt":"2018-07-23T04:34:28","guid":{"rendered":"https:\/\/www.vorspeisenplatte.de\/speisen\/?p=45767"},"modified":"2018-07-30T08:36:21","modified_gmt":"2018-07-30T06:36:21","slug":"journal-sonntag-22-juli-2018-demo-ausgehetzt","status":"publish","type":"post","link":"https:\/\/www.vorspeisenplatte.de\/speisen\/2018\/07\/journal-sonntag-22-juli-2018-demo-ausgehetzt.htm","title":{"rendered":"Journal Sonntag, 22. Juli 2018 &#8211; Demo #ausgehetzt"},"content":{"rendered":"<p>Die CSU kl\u00e4rte in der Nacht auf Sonntag und am Sonntagvormittag, warum man wirklich, wirklich an der Demo #ausgehetzt teilnehmen sollte:<\/p>\n<p><a href=\"https:\/\/www.vorspeisenplatte.de\/speisen\/archiv\/180721_ausgehetzt_1.jpg\"><img loading=\"lazy\" decoding=\"async\" src=\"https:\/\/www.vorspeisenplatte.de\/speisen\/archiv\/180721_ausgehetzt_1.jpg\" alt=\"\" width=\"543\" height=\"535\" class=\"alignnone size-full wp-image-45773\" \/><\/a><\/p>\n<p><a href=\"https:\/\/www.vorspeisenplatte.de\/speisen\/archiv\/180721_ausgehetzt_2.jpg\"><img loading=\"lazy\" decoding=\"async\" src=\"https:\/\/www.vorspeisenplatte.de\/speisen\/archiv\/180721_ausgehetzt_2.jpg\" alt=\"\" width=\"467\" height=\"562\" class=\"alignnone size-full wp-image-45774\" \/><\/a><\/p>\n<p>Welche Flachzange in der PR-Abteilung blo\u00df darauf gekommen sein mag? Die CSU h\u00e4tte durch Ignorieren kommunizieren k\u00f6nnen, dass die Demo sich nicht auf sie bezieht. Oder sich vor l\u00e4ngerer Zeit schon mit der Sache gemein machen: &#8220;Genau! B\u00f6se, b\u00f6se AfD!&#8221; Einer friedlichen und ordentlichen Demo Anstand abzusprechen und sie selbst als Hetzerei zu attackieren, stellt niemanden in gutes Licht.<\/p>\n<p>Es regnete seit der Nacht wechselnd kr\u00e4ftig und gegen Mittag (Start der Demo war 13 Uhr am Goetheplatz) in den sprichw\u00f6rtlichen Str\u00f6men. Herr Kaltmamsell und ich entschieden uns f\u00fcr die Ausstattung, die wir eigens f\u00fcr den Fall haben, dass bei solchem Wetter Drinbleiben keine Option ist: Wanderstiefel und superduperschei\u00dfteure Wanderjacken. Wenn Irland sie schon nicht auf die Probe stellte, dann sollte M\u00fcnchen das halt machen.<\/p>\n<p>Auf dem Goetheplatz war die Lage f\u00fcr uns Demonstrantinnen und Demonstranten un\u00fcbersichtlich. Von oben sah sie aber klasse aus.<\/p>\n<p><a href=\"https:\/\/www.vorspeisenplatte.de\/speisen\/archiv\/180722_Goetheplatz.jpg\"><img loading=\"lazy\" decoding=\"async\" src=\"https:\/\/www.vorspeisenplatte.de\/speisen\/archiv\/180722_Goetheplatz.jpg\" alt=\"\" width=\"518\" height=\"564\" class=\"alignnone size-full wp-image-45775\" \/><\/a><\/p>\n<p><a href=\"https:\/\/www.vorspeisenplatte.de\/speisen\/archiv\/180722_Goetheplatz_2.jpg\"><img loading=\"lazy\" decoding=\"async\" src=\"https:\/\/www.vorspeisenplatte.de\/speisen\/archiv\/180722_Goetheplatz_2.jpg\" alt=\"\" width=\"543\" height=\"531\" class=\"alignnone size-full wp-image-45776\" \/><\/a><\/p>\n<p>Die n\u00e4chste Stunde meinte der Regen alle f\u00fcnf Minuten so: &#8220;Ihr dachtet, das war str\u00f6mender Regen? DAS ist str\u00f6mender Regen!&#8221; Eine Mitdemonstrantin vermutete S\u00f6ders Hand am Regenregler. Aber Jacken und Schuhe hielten super, der Rest wurde halt nass &#8211; es war ja nicht kalt. Nach einer Stunde beruhigte sich das Wetter und warf nur noch hin und wieder mit ein paar Tropfen und Nieslern um sich.<\/p>\n<p>Wir spazierten die Demostrecke entlang, ich sah sehr gemischte Bev\u00f6lkerung um mich: Alte, Junge, Sonntagsstaat, zerl\u00f6cherte Kleidung um t\u00e4towierte Haut, Familien. Wie viele davon \u00e4hnlich wie ich sonst nicht auf Demonstrationen gehen, kann ich nicht beurteilen &#8211; weil ich ja zu wenige Vergleichsdemos kenne.<\/p>\n<p>Die Polizei war ausgesprochen angenehm: Am Anfang dirigierte sie noch ein wenig, um die Menschen auf dem Goetheplatz au\u00dfer Gefahr zu bringen, dann war sie immer mehr im Hintergrund, bei der Abschlusskundgebung auf dem K\u00f6nigsplatz so gut wie unsichtbar: Vielen Dank, super Job.<\/p>\n<p>Auf der Kundgebung blieb ich nur, bis der Platz ordentlich voll war. <\/p>\n<p><a href=\"https:\/\/www.vorspeisenplatte.de\/speisen\/archiv\/180722_ausgehetzt.jpg\"><img loading=\"lazy\" decoding=\"async\" src=\"https:\/\/www.vorspeisenplatte.de\/speisen\/archiv\/180722_ausgehetzt.jpg\" alt=\"\" width=\"579\" height=\"490\" class=\"alignnone size-full wp-image-45780\" \/><\/a><\/p>\n<p>Dann ging ich heim und war sehr froh, meine nasse Jeans ausziehen zu k\u00f6nnen (die Jacke hatte super funktioniert).<\/p>\n<p><a href=\"https:\/\/www.sueddeutsche.de\/muenchen\/ausgehetzt-demo-in-muenchen-tausende-protestieren-gegen-die-csu-1.4065349\" rel=\"noopener\" target=\"_blank\">Mehr Bilder<\/a> hat die <i>S\u00fcddeutsche Zeitung<\/i>, auch <a href=\"https:\/\/www.sueddeutsche.de\/muenchen\/ausgehetzt-demo-in-muenchen-aufstand-der-mutbuerger-1.4065190\" rel=\"noopener\" target=\"_blank\">eine Reportage<\/a>.<\/p>\n<p>\u00a7<\/p>\n<p>Um bei konstruktiver Kritik zu bleiben (so geht das \u00fcbrigens): Dass gut integrierte Fl\u00fcchtende abgeschoben werden, ist nat\u00fcrlich haarstr\u00e4ubend &#8211; doch es ist kein b\u00f6ser Wille der Beh\u00f6rden oder gar einzelner Politiker, sondern ein Fehler im System. Eva Horn erkl\u00e4rt:<br \/>\n<a href=\"http:\/\/www.spiegel.de\/politik\/deutschland\/fluechtlinge-warum-wir-ein-einwanderungsgesetz-brauchen-a-1219454.html\" rel=\"noopener\" target=\"_blank\">&#8220;Warum wir ein Einwanderungsgesetz brauchen&#8221;.<\/a><\/p>\n<p>\u00a7<\/p>\n<p>Um bei Beh\u00f6rden zu bleiben (&#8220;Die \u00dcberg\u00e4nge sind immer das Schwerste.&#8221; H\u00fcsch): Katrin Scheib erz\u00e4hlt<br \/>\n<a href=\"http:\/\/kscheib.de\/fliegen-zwei-wellensittiche-von-moskau-nach-muenchen\/\" rel=\"noopener\" target=\"_blank\">&#8220;Fliegen zwei Wellensittiche von Moskau nach M\u00fcnchen&#8221;.<\/a><\/p>\n<p>\u00a7<\/p>\n<p>Der gr\u00f6\u00dfte Lacher des Tages: Die Techniktagebuch-Redaktion hat die Mobilfunkl\u00f6cher der Republik regionsspezifisch benamst.<br \/>\n<a href=\"https:\/\/techniktagebuch.tumblr.com\/post\/176151673772\/seit-dem-21122017\" rel=\"noopener\" target=\"_blank\">&#8220;Seit dem 21.12.2017<br \/>\nEdgingen in Edgeland&#8221;.<\/a><\/p>\n<p>Am meisten freute ich mich \u00fcber &#8220;Edgingen (Sieg)&#8221;, weil ich den ja erst seit Samstag kapiere. <img loading=\"lazy\" decoding=\"async\" src=\"https:\/\/ssl-vg03.met.vgwort.de\/na\/383e1abb04fa4fb7ac107e78471eab41\" width=\"1\" height=\"1\" alt=\"\"\/><\/p>\n","protected":false},"excerpt":{"rendered":"<p>Die CSU kl\u00e4rte in der Nacht auf Sonntag und am Sonntagvormittag, warum man wirklich, wirklich an der Demo #ausgehetzt teilnehmen sollte: Welche Flachzange in der PR-Abteilung blo\u00df darauf gekommen sein mag? Die CSU h\u00e4tte durch Ignorieren kommunizieren k\u00f6nnen, dass die Demo sich nicht auf sie bezieht. Oder sich vor l\u00e4ngerer Zeit schon mit der Sache [&hellip;]<\/p>\n","protected":false},"author":2,"featured_media":0,"comment_status":"open","ping_status":"closed","sticky":false,"template":"","format":"standard","meta":{"footnotes":""},"categories":[2,1],"tags":[],"class_list":["post-45767","post","type-post","status-publish","format-standard","hentry","category-fotos","category-general"],"_links":{"self":[{"href":"https:\/\/www.vorspeisenplatte.de\/speisen\/wp-json\/wp\/v2\/posts\/45767","targetHints":{"allow":["GET"]}}],"collection":[{"href":"https:\/\/www.vorspeisenplatte.de\/speisen\/wp-json\/wp\/v2\/posts"}],"about":[{"href":"https:\/\/www.vorspeisenplatte.de\/speisen\/wp-json\/wp\/v2\/types\/post"}],"author":[{"embeddable":true,"href":"https:\/\/www.vorspeisenplatte.de\/speisen\/wp-json\/wp\/v2\/users\/2"}],"replies":[{"embeddable":true,"href":"https:\/\/www.vorspeisenplatte.de\/speisen\/wp-json\/wp\/v2\/comments?post=45767"}],"version-history":[{"count":3,"href":"https:\/\/www.vorspeisenplatte.de\/speisen\/wp-json\/wp\/v2\/posts\/45767\/revisions"}],"predecessor-version":[{"id":45913,"href":"https:\/\/www.vorspeisenplatte.de\/speisen\/wp-json\/wp\/v2\/posts\/45767\/revisions\/45913"}],"wp:attachment":[{"href":"https:\/\/www.vorspeisenplatte.de\/speisen\/wp-json\/wp\/v2\/media?parent=45767"}],"wp:term":[{"taxonomy":"category","embeddable":true,"href":"https:\/\/www.vorspeisenplatte.de\/speisen\/wp-json\/wp\/v2\/categories?post=45767"},{"taxonomy":"post_tag","embeddable":true,"href":"https:\/\/www.vorspeisenplatte.de\/speisen\/wp-json\/wp\/v2\/tags?post=45767"}],"curies":[{"name":"wp","href":"https:\/\/api.w.org\/{rel}","templated":true}]}}