{"id":45790,"date":"2018-07-24T05:46:37","date_gmt":"2018-07-24T03:46:37","guid":{"rendered":"https:\/\/www.vorspeisenplatte.de\/speisen\/?p=45790"},"modified":"2018-07-24T06:13:56","modified_gmt":"2018-07-24T04:13:56","slug":"journal-montag-23-juli-2018-kuehle-vor-hochsommer","status":"publish","type":"post","link":"https:\/\/www.vorspeisenplatte.de\/speisen\/2018\/07\/journal-montag-23-juli-2018-kuehle-vor-hochsommer.htm","title":{"rendered":"Journal Montag, 23. Juli 2018 &#8211; K\u00fchle vor Hochsommer"},"content":{"rendered":"<p>Bew\u00f6lkt und eher k\u00fchl (noch unter Jacke), aber es regnete nicht.<\/p>\n<p>Auf dem Heimweg ein paar Eink\u00e4ufe beim Edeka Theresienh\u00f6he, zu Hause verifizierte ich mein <i>flan de queso<\/i>-Rezept &#8211; weil ich Lust auf das Dessert hatte und weil ich bei Erfolg mein Rezept weitergebe.<\/p>\n<p>Herr Kaltmamsell hatte sich f\u00fcr den Abend abgemeldet, ich briet mir zum Nachtmahl Mangold aus Ernteanteil mit zwei kleinen Chillis und Knoblauch und vermischte das mit frisch gekochten Nudeln (Penne). W\u00e4hrend ich noch kochte, kam Herr Kaltmamsell doch schon heim, wir teilten das Abendessen inklusive Ben&#038;Jerry&#8217;s-Eis zum Nachtisch (der Flan ist erst am n\u00e4chsten Tag servierbar).<\/p>\n<p>Es regnete nochmal, ab Dienstag ist Hochsommerhitze angek\u00fcndigt.<\/p>\n<p>Beim Herablassen des Rolladens in meinem Schlafzimmers l\u00f6ste sich pl\u00f6tzlich der Widerstand im unteren K\u00e4stchen, das das Ende des Riemens aufrollt: Es rauchte sogar ein wenig aus dem K\u00e4stchen, die Riemenr\u00e4nder waren schwarz &#8211; und es wickelte nicht mehr.<\/p>\n<p>\u00a7<\/p>\n<p>K\u00f6nnte <a href=\"https:\/\/www.gofugyourself.com\/photos\/men-of-mamma-mia-2\/mamma-mia-here-we-go-again-premiere-in-london-13\" rel=\"noopener\" target=\"_blank\">Megans ein Haarschnitt f\u00fcr mich<\/a> sein?<\/p>\n","protected":false},"excerpt":{"rendered":"<p>Bew\u00f6lkt und eher k\u00fchl (noch unter Jacke), aber es regnete nicht. Auf dem Heimweg ein paar Eink\u00e4ufe beim Edeka Theresienh\u00f6he, zu Hause verifizierte ich mein flan de queso-Rezept &#8211; weil ich Lust auf das Dessert hatte und weil ich bei Erfolg mein Rezept weitergebe. Herr Kaltmamsell hatte sich f\u00fcr den Abend abgemeldet, ich briet mir [&hellip;]<\/p>\n","protected":false},"author":2,"featured_media":0,"comment_status":"open","ping_status":"closed","sticky":false,"template":"","format":"standard","meta":{"footnotes":""},"categories":[1],"tags":[],"class_list":["post-45790","post","type-post","status-publish","format-standard","hentry","category-general"],"_links":{"self":[{"href":"https:\/\/www.vorspeisenplatte.de\/speisen\/wp-json\/wp\/v2\/posts\/45790","targetHints":{"allow":["GET"]}}],"collection":[{"href":"https:\/\/www.vorspeisenplatte.de\/speisen\/wp-json\/wp\/v2\/posts"}],"about":[{"href":"https:\/\/www.vorspeisenplatte.de\/speisen\/wp-json\/wp\/v2\/types\/post"}],"author":[{"embeddable":true,"href":"https:\/\/www.vorspeisenplatte.de\/speisen\/wp-json\/wp\/v2\/users\/2"}],"replies":[{"embeddable":true,"href":"https:\/\/www.vorspeisenplatte.de\/speisen\/wp-json\/wp\/v2\/comments?post=45790"}],"version-history":[{"count":3,"href":"https:\/\/www.vorspeisenplatte.de\/speisen\/wp-json\/wp\/v2\/posts\/45790\/revisions"}],"predecessor-version":[{"id":45798,"href":"https:\/\/www.vorspeisenplatte.de\/speisen\/wp-json\/wp\/v2\/posts\/45790\/revisions\/45798"}],"wp:attachment":[{"href":"https:\/\/www.vorspeisenplatte.de\/speisen\/wp-json\/wp\/v2\/media?parent=45790"}],"wp:term":[{"taxonomy":"category","embeddable":true,"href":"https:\/\/www.vorspeisenplatte.de\/speisen\/wp-json\/wp\/v2\/categories?post=45790"},{"taxonomy":"post_tag","embeddable":true,"href":"https:\/\/www.vorspeisenplatte.de\/speisen\/wp-json\/wp\/v2\/tags?post=45790"}],"curies":[{"name":"wp","href":"https:\/\/api.w.org\/{rel}","templated":true}]}}