{"id":45931,"date":"2018-12-07T15:32:27","date_gmt":"2018-12-07T14:32:27","guid":{"rendered":"https:\/\/www.vorspeisenplatte.de\/speisen\/?p=45931"},"modified":"2018-12-11T07:04:34","modified_gmt":"2018-12-11T06:04:34","slug":"1000-fragen-461-480","status":"publish","type":"post","link":"https:\/\/www.vorspeisenplatte.de\/speisen\/2018\/12\/1000-fragen-461-480.htm","title":{"rendered":"1000 Fragen 461-480"},"content":{"rendered":"<p><strong>461. F\u00fcr wen bist du eine Inspirationsquelle?<\/strong><br \/>\nDar\u00fcber mag ich nicht nachdenken, ich f\u00fchle mich in Irrelevanz wohler.<\/p>\n<p><strong>462. Wann hast du zuletzt einen Sonnenaufgang beobachtet?<\/strong><br \/>\nWenn auch Morgenrot z\u00e4hlt: vergangenen Sonntag.<\/p>\n<p><strong>463. Wie hoch war das h\u00f6chste Geb\u00e4ude, das du je besucht hast?<\/strong><br \/>\n411 Meter.<\/p>\n<p><strong>464. K\u00f6nnen andere auf dich bauen?<\/strong><br \/>\nKommt drauf an wer und worin. Grunds\u00e4tzlich ist mir Zuverl\u00e4ssigkeit sehr wichtig &#8211; allerdings mag ich nicht ausgenutzt werden.<\/p>\n<p><strong>465. Was ist das Verr\u00fcckteste, das du jemals getan hast?<\/strong><br \/>\nSo richtig mit Ansage? Da ist immer noch ganz weit vorn das Schwimmen im Ingolst\u00e4dter Baggersee im Januar 1986. Es war wenige Monate vorm Abitur, mein Freundinnenkreis im Abijahrgang und ich f\u00fchlten uns ziemlich \u00fcberfordert mit dieser Lebensphase. Wir wollten dringen &#8220;was Verr\u00fccktes&#8221; machen: Schwimmengehen im Baggersee kam uns in diesem Januar wie das Allerverr\u00fcckteste vor. Es war kein sehr kalter Tag, doch an unserem \u00fcblichen Badeplatz war der See noch zugefroren: Wir mussten weiterfahren bis zum Bachzulauf, der den See speiste. Dort rannten wir einmal ins Wasser und dann wieder raus.<\/p>\n<p><strong>466. Kaufst du h\u00e4ufig etwas Neues zum Anziehen?<\/strong><br \/>\nInzwischen nicht mehr &#8211; aber das ist vermutlich relativ. Es vergeht immer noch kein Jahr ohne Bekleidungsanschaffungen.<\/p>\n<p><strong>467. W\u00fcrdest du einen Teil deiner Intelligenz gegen ein sensationelles Aussehen eintauschen?<\/strong><br \/>\nGanz sicher nicht.<\/p>\n<p><strong>468. Wei\u00dft du, ob du jemals einen heimlichen Verehrer hattest?<\/strong><br \/>\nEin Mitsch\u00fcler gestand (sehr r\u00fchrend) auf einer unserer vielen Abiturpartys, dass er ja, wenn ich nicht schon einen Freund h\u00e4tte&#8230; &#8211; aber damit war es ja schon nicht mehr heimlich, oder?<\/p>\n<p><strong>469. Welches Schmuckst\u00fcck tr\u00e4gst du am liebsten?<\/strong><br \/>\nDas wechselt.<\/p>\n<p><strong>470. Was w\u00fcrdest du dein zuk\u00fcnftiges Ich fragen wollen?<\/strong><br \/>\nMir f\u00e4llt nichts ein.<\/p>\n<p><strong>471. W\u00fcrdest du bei deinem Partner bleiben, wenn deine Umgebung ihn ablehnen w\u00fcrde?<\/strong><br \/>\nEs k\u00e4me auf den Grund der Ablehnung an &#8211; vielleicht m\u00fcsste ich mich ihr ja anschlie\u00dfen.<\/p>\n<p><strong>472. Wann hast du zuletzt etwas gebacken?<\/strong><br \/>\nVergangenen Sonntag.<\/p>\n<p><strong>473. F\u00fcr welche Gelegenheit warst du zuletzt schick angezogen?<\/strong><br \/>\n&#8220;Schick&#8221; mache ich mich eigentlich fast jeden Tag, das bereitet mir Freude.<\/p>\n<p><strong>474. Welche Redensart magst du am liebsten?<\/strong><br \/>\nEs ist kompliziert.<\/p>\n<p><strong>476. Was ist auf dem Foto zu sehen, das du als Letztes aufgenommen hast?<\/strong><br \/>\nDie Ank\u00fcndigung eines Christmas-Carol-Singens.<\/p>\n<p><strong>476. Findest du es wichtig, an besonderen Jahrestagen innezuhalten?<\/strong><br \/>\nJa.<\/p>\n<p><strong>477. Was w\u00fcrdest du in einen Guckkasten kleben?<\/strong><br \/>\nIch musste erst mal recherchieren, <a href=\"https:\/\/de.wikipedia.org\/wiki\/Guckkasten\" target=\"_blank\" rel=\"noopener\">was ein Guckkasten ist<\/a>. Welche Bilder ich also zum Vorzeigen auf einem Jahrmarkt ausw\u00e4hlen w\u00fcrde? Bilder von Brighton, M\u00fcnchen, Madrid, Berlin, Rom &#8211; Sie kennen sie hier aus dem Blog.<\/p>\n<p><strong>478. Welche Cremes verwendest du?<\/strong><br \/>\nDerzeit eine rauchig duftende K\u00f6rperlotion.<\/p>\n<p><strong>479. W\u00e4rst du gern k\u00f6rperlich st\u00e4rker?<\/strong><br \/>\nJa, immer.<\/p>\n<p><strong>480. Findest du, dass jeder Tag z\u00e4hlt?<\/strong><br \/>\nLeider ja.<\/p>\n<p>Quelle: <a href=\"http:\/\/www.flow-magazin.de\/\" target=\"_blank\" rel=\"noopener\">Flow-Magazin<\/a>.<\/p>\n<p><a href=\"https:\/\/www.vorspeisenplatte.de\/speisen\/2018\/12\/1000-fragen-441-460.htm\" target=\"_blank\" rel=\"noopener\"><em>Zu den Fragen 441-460.<\/em><\/a><br \/>\n<a href=\"https:\/\/www.vorspeisenplatte.de\/speisen\/2018\/12\/1000-fragen-481-500.htm\"><em>Zu den Fragen 480-500.<\/em><\/a><\/p>\n","protected":false},"excerpt":{"rendered":"<p>461. F\u00fcr wen bist du eine Inspirationsquelle? Dar\u00fcber mag ich nicht nachdenken, ich f\u00fchle mich in Irrelevanz wohler. 462. Wann hast du zuletzt einen Sonnenaufgang beobachtet? Wenn auch Morgenrot z\u00e4hlt: vergangenen Sonntag. 463. Wie hoch war das h\u00f6chste Geb\u00e4ude, das du je besucht hast? 411 Meter. 464. K\u00f6nnen andere auf dich bauen? Kommt drauf an [&hellip;]<\/p>\n","protected":false},"author":2,"featured_media":0,"comment_status":"open","ping_status":"closed","sticky":false,"template":"","format":"standard","meta":{"footnotes":""},"categories":[1],"tags":[],"class_list":["post-45931","post","type-post","status-publish","format-standard","hentry","category-general"],"_links":{"self":[{"href":"https:\/\/www.vorspeisenplatte.de\/speisen\/wp-json\/wp\/v2\/posts\/45931","targetHints":{"allow":["GET"]}}],"collection":[{"href":"https:\/\/www.vorspeisenplatte.de\/speisen\/wp-json\/wp\/v2\/posts"}],"about":[{"href":"https:\/\/www.vorspeisenplatte.de\/speisen\/wp-json\/wp\/v2\/types\/post"}],"author":[{"embeddable":true,"href":"https:\/\/www.vorspeisenplatte.de\/speisen\/wp-json\/wp\/v2\/users\/2"}],"replies":[{"embeddable":true,"href":"https:\/\/www.vorspeisenplatte.de\/speisen\/wp-json\/wp\/v2\/comments?post=45931"}],"version-history":[{"count":3,"href":"https:\/\/www.vorspeisenplatte.de\/speisen\/wp-json\/wp\/v2\/posts\/45931\/revisions"}],"predecessor-version":[{"id":48874,"href":"https:\/\/www.vorspeisenplatte.de\/speisen\/wp-json\/wp\/v2\/posts\/45931\/revisions\/48874"}],"wp:attachment":[{"href":"https:\/\/www.vorspeisenplatte.de\/speisen\/wp-json\/wp\/v2\/media?parent=45931"}],"wp:term":[{"taxonomy":"category","embeddable":true,"href":"https:\/\/www.vorspeisenplatte.de\/speisen\/wp-json\/wp\/v2\/categories?post=45931"},{"taxonomy":"post_tag","embeddable":true,"href":"https:\/\/www.vorspeisenplatte.de\/speisen\/wp-json\/wp\/v2\/tags?post=45931"}],"curies":[{"name":"wp","href":"https:\/\/api.w.org\/{rel}","templated":true}]}}