{"id":464,"date":"2004-07-16T17:42:21","date_gmt":"2004-07-16T15:42:21","guid":{"rendered":"https:\/\/www.vorspeisenplatte.de\/speisen\/2004\/07\/kindermund.htm"},"modified":"-0001-11-30T00:00:00","modified_gmt":"-0001-11-29T22:00:00","slug":"kindermund","status":"publish","type":"post","link":"https:\/\/www.vorspeisenplatte.de\/speisen\/2004\/07\/kindermund.htm","title":{"rendered":"Kindermund"},"content":{"rendered":"<p>Es war kurz vor meinem achten Geburtstag. Die Familie Kaltmamsell befand sich auf dem R\u00fcckweg von einem sechsw\u00f6chigen Spanienurlaub und machte in einer franz\u00f6sischen Autobahn-Rastst\u00e4tte Halt. Mein Blick fiel auf meinen gut einj\u00e4hrigen kleinen Bruder. Er stand mit angewiderter Mine vor mir, die Windeln so vollgeschissen, dass sich deutlich braune R\u00e4nder an seiner Hose bildeten. Und ich hub an, \u00fcberliefert zu sprechen:<br \/>\n\u201eAlso, ICH will mal keine Kinder haben.\u201c<br \/>\nEben.<\/p>\n","protected":false},"excerpt":{"rendered":"<p>Es war kurz vor meinem achten Geburtstag. Die Familie Kaltmamsell befand sich auf dem R\u00fcckweg von einem sechsw\u00f6chigen Spanienurlaub und machte in einer franz\u00f6sischen Autobahn-Rastst\u00e4tte Halt. Mein Blick fiel auf meinen gut einj\u00e4hrigen kleinen Bruder. Er stand mit angewiderter Mine vor mir, die Windeln so vollgeschissen, dass sich deutlich braune R\u00e4nder an seiner Hose bildeten. [&hellip;]<\/p>\n","protected":false},"author":2,"featured_media":0,"comment_status":"open","ping_status":"open","sticky":false,"template":"","format":"standard","meta":{"footnotes":""},"categories":[1],"tags":[],"class_list":["post-464","post","type-post","status-publish","format-standard","hentry","category-general"],"_links":{"self":[{"href":"https:\/\/www.vorspeisenplatte.de\/speisen\/wp-json\/wp\/v2\/posts\/464","targetHints":{"allow":["GET"]}}],"collection":[{"href":"https:\/\/www.vorspeisenplatte.de\/speisen\/wp-json\/wp\/v2\/posts"}],"about":[{"href":"https:\/\/www.vorspeisenplatte.de\/speisen\/wp-json\/wp\/v2\/types\/post"}],"author":[{"embeddable":true,"href":"https:\/\/www.vorspeisenplatte.de\/speisen\/wp-json\/wp\/v2\/users\/2"}],"replies":[{"embeddable":true,"href":"https:\/\/www.vorspeisenplatte.de\/speisen\/wp-json\/wp\/v2\/comments?post=464"}],"version-history":[{"count":0,"href":"https:\/\/www.vorspeisenplatte.de\/speisen\/wp-json\/wp\/v2\/posts\/464\/revisions"}],"wp:attachment":[{"href":"https:\/\/www.vorspeisenplatte.de\/speisen\/wp-json\/wp\/v2\/media?parent=464"}],"wp:term":[{"taxonomy":"category","embeddable":true,"href":"https:\/\/www.vorspeisenplatte.de\/speisen\/wp-json\/wp\/v2\/categories?post=464"},{"taxonomy":"post_tag","embeddable":true,"href":"https:\/\/www.vorspeisenplatte.de\/speisen\/wp-json\/wp\/v2\/tags?post=464"}],"curies":[{"name":"wp","href":"https:\/\/api.w.org\/{rel}","templated":true}]}}