{"id":46479,"date":"2018-08-28T05:44:49","date_gmt":"2018-08-28T03:44:49","guid":{"rendered":"https:\/\/www.vorspeisenplatte.de\/speisen\/?p=46479"},"modified":"2018-08-28T05:44:49","modified_gmt":"2018-08-28T03:44:49","slug":"journal-montag-27-august-2018-morgenkaelte-abendschwuele-und-beifang-aus-dem-internetz","status":"publish","type":"post","link":"https:\/\/www.vorspeisenplatte.de\/speisen\/2018\/08\/journal-montag-27-august-2018-morgenkaelte-abendschwuele-und-beifang-aus-dem-internetz.htm","title":{"rendered":"Journal Montag, 27. August 2018 &#8211; Morgenk\u00e4lte, Abendschw\u00fcle und Beifang aus dem Internetz"},"content":{"rendered":"<p>Endlich mal wieder richtig gut geschlafen (hochdosiert Ibu vorm Zu-Bett-Gehen gegen Mentruationskr\u00e4mpfe), h\u00e4tte ruhig l\u00e4nger sein d\u00fcrfen.<\/p>\n<p>Zum Morgenkaffee musste ich inzwischen wieder das Licht anschalten, wenn auch nur f\u00fcr die ersten 15 Minuten. Dennoch mit nackten Beinen und ohne Jacke aus dem Haus gegangen: Laut Wettervorhersagen wird in den n\u00e4chsten Tagen nochmal ein bisschen Sommer nachgeschoben, der Gedanke musste zum W\u00e4rmen reichen.<\/p>\n<p>Auf dem Heimweg war es dann auch \u00fcberraschend schw\u00fclwarm. Ein wenig Lebensmitteleink\u00e4ufe, ein wenig Bank.<\/p>\n<p><a href=\"https:\/\/www.vorspeisenplatte.de\/speisen\/archiv\/180827_02_StPaulstr.jpg\"><img loading=\"lazy\" decoding=\"async\" src=\"https:\/\/www.vorspeisenplatte.de\/speisen\/archiv\/180827_02_StPaulstr.jpg\" alt=\"\" width=\"502\" height=\"465\" class=\"alignnone size-full wp-image-46493\" \/><\/a><\/p>\n<p><a href=\"https:\/\/www.vorspeisenplatte.de\/speisen\/archiv\/180827_04_StPaulstr.jpg\"><img loading=\"lazy\" decoding=\"async\" src=\"https:\/\/www.vorspeisenplatte.de\/speisen\/archiv\/180827_04_StPaulstr.jpg\" alt=\"\" width=\"565\" height=\"448\" class=\"alignnone size-full wp-image-46494\" \/><\/a><\/p>\n<p><a href=\"https:\/\/www.vorspeisenplatte.de\/speisen\/archiv\/180827_05_StPaulstr.jpg\"><img loading=\"lazy\" decoding=\"async\" src=\"https:\/\/www.vorspeisenplatte.de\/speisen\/archiv\/180827_05_StPaulstr.jpg\" alt=\"\" width=\"446\" height=\"595\" class=\"alignnone size-full wp-image-46495\" \/><\/a><\/p>\n<p>8 &#8211; 9 &#8211; 10<\/p>\n<p>Abend allein daheim, Herr Kaltmamsell besuchte einen Freund. Ich machte mir Ernteanteilsalat sowie Nudeln mit Ernteanteil-Zucchini und Karottengr\u00fcn-Pesto, das Herr Kaltmamsell im K\u00fchlschrank hinterlassen hatte. Alles sehr k\u00f6stlich, ich freute mich \u00fcber die Idee eines Tahini-Dressings.<\/p>\n<p>\u00a7<\/p>\n<p>Mir wird ganz kalt:<br \/>\n<a href=\"https:\/\/editionf.com\/sexuelle-belaestigung-maedchen-normalitaet\" rel=\"noopener\" target=\"_blank\">&#8220;Studien zeigen: Schon M\u00e4dchen glauben, dass sexuelle Bel\u00e4stigung ganz normal ist&#8221;.<\/a><\/p>\n<blockquote><p>Es macht etwas mit dem eigenen Selbstbewusstsein, wenn du immer und immer wieder \u00fcber Jahre und von allen m\u00f6glichen Personen \u2013 seien es Fremde oder Menschen, die dir n\u00e4her stehen \u2013 auf deine Sexualit\u00e4t und deinen K\u00f6rper reduziert wirst. Man vergisst, dass man ja so viel mehr ist als diese \u00e4u\u00dfere H\u00fclle. Unsere sexualisierte und herablassende Kultur gegen\u00fcber Frauen verursacht kollektive Sch\u00e4den am Selbstwertgef\u00fchl von Frauen und M\u00e4dchen \u2013 und das hat Folgen f\u00fcr das, was sie f\u00fcr sich selbst und gesellschaftlich erreichen k\u00f6nnen. Denn wenn ich mich wieder einmal dar\u00fcber \u00e4rgere, dass ich als Schlampe bezeichnet wurde, wenn ich jemanden in der S-Bahn wegschubsen muss, weil er zu nah kam, wenn ich beim Joggen im Park Angst habe, dann kann ich mich in diesem Moment nicht auf das einlassen, was mir wichtig ist: einen sch\u00f6nen Gedanken, eine kluge Idee, einen Traum. Sexuelle Bel\u00e4stigung raubt Lebenszeit.<\/p><\/blockquote>\n<p>(&#8230;)<\/p>\n<blockquote><p>Eine Studie der American Association of University Women (AAUW) hat aber gezeigt, dass schon Kinder beginnen die frauenfeindlichen Mythen unserer Kultur zu verinnerlichen. Sie geben sich selbst die Schuld oder den M\u00e4dchen, die bel\u00e4stigt werden.<\/p><\/blockquote>\n<p>(&#8230;)<\/p>\n<blockquote><p>Hinzu kommt, dass die Kinder und Teenager nur selten mit erwachsenen Vertrauenspersonen dar\u00fcber reden. Nur 12 Prozent der M\u00e4dchen und 5 Prozent der Jungen wandten sich an Lehrerin oder Lehrer, 27 Prozent sprachen mit Familienmitgliedern (Eltern oder Geschwister) und 23 Prozent mit Freundinnen oder Freunden dar\u00fcber. 50 Prozent der Befragten sagten jedoch, dass sie nach dem Vorfall \u00fcberhaupt nichts unternommen haben.<\/p><\/blockquote>\n<p>Ich wiederhole: Redet nicht nur mit den M\u00e4dchen, wie sie sich sch\u00fctzen k\u00f6nnen &#8211; erzieht vor allem eure Buben! Denn, nein: Die Welt ist nicht halt so.<br \/>\nSexuelle Bele\u00e4stigung wird nie davon weggehen, dass M\u00e4dchen und Frauen nicht allein auf die Stra\u00dfe gehen, nachts daheim bleiben, sich verh\u00fcllen, brav und folgsam sind oder Selbstverteidigungskurse besuchen.<br \/>\nSexuelle Bel\u00e4stigung h\u00f6rt erst auf, wenn Buben und M\u00e4nner nicht mehr bel\u00e4stigen!<\/p>\n<p>\u00a7<\/p>\n<p>Wir Fu\u00dfvolk sammeln Lieblingstweets, Katrin Scheib sammelt Lieblingsthreads.<br \/>\n<a href=\"http:\/\/kscheib.de\/die-besten-threads-aus-dem-august\/\" rel=\"noopener\" target=\"_blank\">&#8220;Die besten Threads aus dem August&#8221;.<\/a><\/p>\n<p>\u00a7<\/p>\n<p>Sprachforschung! Bitte helfen Sie, regionale Rede zu erforschen <a href=\"https:\/\/survey.online.uni-marburg.de\/rede\/\" rel=\"noopener\" target=\"_blank\">und nehmen Sie an dieser Umfrage der Uni Marburg teil<\/a>.<\/p>\n<p>\u00a7<\/p>\n<p>Die <i>Zeit<\/i> schreibt \u00fcber Siegmund J\u00e4hn, den ersten Deutschen im All:<br \/>\n<a href=\"https:\/\/www.zeit.de\/wissen\/geschichte\/2018-08\/sigmund-jaehn-astronaut-held-erinnerung-deutsche-einheit\/komplettansicht\" rel=\"noopener\" target=\"_blank\">&#8220;Warum ist dieser Mann kein Held?&#8221;<\/a><\/p>\n<p>Es geht ziemlich ans Eingemachte der deutschen Wiedervereinigungsgeschichte.<\/p>\n","protected":false},"excerpt":{"rendered":"<p>Endlich mal wieder richtig gut geschlafen (hochdosiert Ibu vorm Zu-Bett-Gehen gegen Mentruationskr\u00e4mpfe), h\u00e4tte ruhig l\u00e4nger sein d\u00fcrfen. Zum Morgenkaffee musste ich inzwischen wieder das Licht anschalten, wenn auch nur f\u00fcr die ersten 15 Minuten. Dennoch mit nackten Beinen und ohne Jacke aus dem Haus gegangen: Laut Wettervorhersagen wird in den n\u00e4chsten Tagen nochmal ein bisschen [&hellip;]<\/p>\n","protected":false},"author":2,"featured_media":0,"comment_status":"open","ping_status":"closed","sticky":false,"template":"","format":"standard","meta":{"footnotes":""},"categories":[2,1],"tags":[],"class_list":["post-46479","post","type-post","status-publish","format-standard","hentry","category-fotos","category-general"],"_links":{"self":[{"href":"https:\/\/www.vorspeisenplatte.de\/speisen\/wp-json\/wp\/v2\/posts\/46479","targetHints":{"allow":["GET"]}}],"collection":[{"href":"https:\/\/www.vorspeisenplatte.de\/speisen\/wp-json\/wp\/v2\/posts"}],"about":[{"href":"https:\/\/www.vorspeisenplatte.de\/speisen\/wp-json\/wp\/v2\/types\/post"}],"author":[{"embeddable":true,"href":"https:\/\/www.vorspeisenplatte.de\/speisen\/wp-json\/wp\/v2\/users\/2"}],"replies":[{"embeddable":true,"href":"https:\/\/www.vorspeisenplatte.de\/speisen\/wp-json\/wp\/v2\/comments?post=46479"}],"version-history":[{"count":3,"href":"https:\/\/www.vorspeisenplatte.de\/speisen\/wp-json\/wp\/v2\/posts\/46479\/revisions"}],"predecessor-version":[{"id":46497,"href":"https:\/\/www.vorspeisenplatte.de\/speisen\/wp-json\/wp\/v2\/posts\/46479\/revisions\/46497"}],"wp:attachment":[{"href":"https:\/\/www.vorspeisenplatte.de\/speisen\/wp-json\/wp\/v2\/media?parent=46479"}],"wp:term":[{"taxonomy":"category","embeddable":true,"href":"https:\/\/www.vorspeisenplatte.de\/speisen\/wp-json\/wp\/v2\/categories?post=46479"},{"taxonomy":"post_tag","embeddable":true,"href":"https:\/\/www.vorspeisenplatte.de\/speisen\/wp-json\/wp\/v2\/tags?post=46479"}],"curies":[{"name":"wp","href":"https:\/\/api.w.org\/{rel}","templated":true}]}}