{"id":467,"date":"2004-07-18T11:41:54","date_gmt":"2004-07-18T09:41:54","guid":{"rendered":"https:\/\/www.vorspeisenplatte.de\/speisen\/2004\/07\/senium-trainiert-fuer-olympia.htm"},"modified":"-0001-11-30T00:00:00","modified_gmt":"-0001-11-29T22:00:00","slug":"senium-trainiert-fuer-olympia","status":"publish","type":"post","link":"https:\/\/www.vorspeisenplatte.de\/speisen\/2004\/07\/senium-trainiert-fuer-olympia.htm","title":{"rendered":"Senium trainiert f\u00fcr Olympia"},"content":{"rendered":"<p>Also eigentlich bin ich ja ein toleranter Mensch.<br \/>\nNein wirklich!<br \/>\nIch mache vieles mit, echt wahr.<br \/>\nUnd dass heute morgen auf meiner sonnt\u00e4glichen Laufrunde ein Pferd neben mir her joggte, das finde ich eigentlich auch gar nicht so schlimm&#8230;<br \/>\n&#8230;gew\u00f6hnungsbed\u00fcrftig vielleicht, aber nicht schlimm, nein!<\/p>\n<p><i>(langsam crescendierend)<\/i><br \/>\nAber dass auf diesem Pferd ein Kind thront, und dieses Kind sich dann auch noch berufen f\u00fchlt, mit huldvollem Blick altklug-h\u00e4mische Kommentare bez\u00fcglich meines Trainingszustands auf mich niederprasseln zu lassen&#8230;<\/p>\n<p><i>(ff)<\/i><br \/>\n&#8230;sagen Sie selbst&#8230;<\/p>\n<p><i>(fff)<\/i><br \/>\n&#8230;DAS GEHT DOCH EINDEUTIG ZU WEIT!<\/p>\n<p><i>(subito piano)<\/i><br \/>\nGeht es doch&#8230; oder nicht?<\/p>\n","protected":false},"excerpt":{"rendered":"<p>Also eigentlich bin ich ja ein toleranter Mensch. Nein wirklich! Ich mache vieles mit, echt wahr. Und dass heute morgen auf meiner sonnt\u00e4glichen Laufrunde ein Pferd neben mir her joggte, das finde ich eigentlich auch gar nicht so schlimm&#8230; &#8230;gew\u00f6hnungsbed\u00fcrftig vielleicht, aber nicht schlimm, nein! (langsam crescendierend) Aber dass auf diesem Pferd ein Kind thront, [&hellip;]<\/p>\n","protected":false},"author":2,"featured_media":0,"comment_status":"open","ping_status":"open","sticky":false,"template":"","format":"standard","meta":{"footnotes":""},"categories":[1],"tags":[],"class_list":["post-467","post","type-post","status-publish","format-standard","hentry","category-general"],"_links":{"self":[{"href":"https:\/\/www.vorspeisenplatte.de\/speisen\/wp-json\/wp\/v2\/posts\/467","targetHints":{"allow":["GET"]}}],"collection":[{"href":"https:\/\/www.vorspeisenplatte.de\/speisen\/wp-json\/wp\/v2\/posts"}],"about":[{"href":"https:\/\/www.vorspeisenplatte.de\/speisen\/wp-json\/wp\/v2\/types\/post"}],"author":[{"embeddable":true,"href":"https:\/\/www.vorspeisenplatte.de\/speisen\/wp-json\/wp\/v2\/users\/2"}],"replies":[{"embeddable":true,"href":"https:\/\/www.vorspeisenplatte.de\/speisen\/wp-json\/wp\/v2\/comments?post=467"}],"version-history":[{"count":0,"href":"https:\/\/www.vorspeisenplatte.de\/speisen\/wp-json\/wp\/v2\/posts\/467\/revisions"}],"wp:attachment":[{"href":"https:\/\/www.vorspeisenplatte.de\/speisen\/wp-json\/wp\/v2\/media?parent=467"}],"wp:term":[{"taxonomy":"category","embeddable":true,"href":"https:\/\/www.vorspeisenplatte.de\/speisen\/wp-json\/wp\/v2\/categories?post=467"},{"taxonomy":"post_tag","embeddable":true,"href":"https:\/\/www.vorspeisenplatte.de\/speisen\/wp-json\/wp\/v2\/tags?post=467"}],"curies":[{"name":"wp","href":"https:\/\/api.w.org\/{rel}","templated":true}]}}