{"id":47066,"date":"2018-09-27T08:54:53","date_gmt":"2018-09-27T06:54:53","guid":{"rendered":"https:\/\/www.vorspeisenplatte.de\/speisen\/?p=47066"},"modified":"2018-09-27T08:54:53","modified_gmt":"2018-09-27T06:54:53","slug":"journal-mittwoch-26-september-2018-neuer-koffer-und-wahlhilfegeschult","status":"publish","type":"post","link":"https:\/\/www.vorspeisenplatte.de\/speisen\/2018\/09\/journal-mittwoch-26-september-2018-neuer-koffer-und-wahlhilfegeschult.htm","title":{"rendered":"Journal Mittwoch, 26. September 2018 &#8211; Neuer Koffer und wahlhilfegeschult"},"content":{"rendered":"<p>Unruhiges Ausschlafen, ich erwachte mit dumpfem Hirn (und sollte wohl ab sofort wieder das abendliche Glas Wein meiden, das ich in den vergangenen zwei Wochen so problemlos vertragen hatte).<\/p>\n<p>Ausf\u00fchrliches und emotionales Bloggen. Ich habe da eine Idee, wen ich fragen k\u00f6nnte, ob er nach meiner polnischen Gro\u00dfmutter recherchieren m\u00f6chte &#8211; er interessiert sich f\u00fcr Ahnenforschung, steht mir nahe, hat aber keine direkte Verbindung zu ihr.<\/p>\n<p>Erst nach drei Stunden knickte ich ein und drehte erstmals in der Saison die Heizung auf &#8211;  statt einen zweiten Wollpullover \u00fcberzuziehen.<\/p>\n<p>Dann war es bereits so sp\u00e4t, dass ich alle Sportpl\u00e4ne strich: Urlaubsprogramm f\u00fcr Nachmittag war n\u00e4mlich die Wahlhilfeschulung f\u00fcr die Landtagswahl. (Nur deshalb in den Urlaub gerutscht, weil ich vers\u00e4umt hatte, mich rechtzeitig um einen der Samstagstermine f\u00fcr die Schulung zu bem\u00fchen und sehr froh war, dass Urlaub und passender Schulungstermin noch zusammenfielen.)<\/p>\n<p>Statt desse Einkaufsrunde in k\u00fchler Sonne: Zum einen kaufte ich nun doch einen mittelgro\u00dfen Koffer. Da ich wusste, was ich wollte (die Nummer kleiner <a href=\"https:\/\/www.samsonite.de\/cosmolite\/\" rel=\"noopener\" target=\"_blank\">aus der Serie<\/a>, aus der ich einen gro\u00dfen Koffer habe und sehr sch\u00e4tze), ging ich in einen kleinen Nachbarschaftsladen statt in das Kaufhaus, <a href=\"https:\/\/www.vorspeisenplatte.de\/speisen\/2010\/07\/journal-mittwoch-7-juli-2010.htm\" rel=\"noopener\" target=\"_blank\">in dem ich vor acht Jahren den gro\u00dfen erwarb<\/a>. Mein Ideal &#8220;Support your local dealer&#8221; hatte diesmal einen unangenehmen Preis: In dem schraddligen, vollgestellten Laden wurde ich erst mal ignoriert, als man mich endlich mit einem freundlichen &#8220;Kann ich Ihnen helfen?&#8221; ansprach, wandte sich der Frager mitten in meinem ersten Antwortsatz zu seiner vorherigen Gespr\u00e4chspartnerin und sagte etwas zu ihr. <a href=\"http:\/\/www.wortschnittchen.de\/2018\/09\/stolz\/\" rel=\"noopener\" target=\"_blank\">Ich bin stolz darauf<\/a>, dass ich trotz Blitzwut nicht wortlos den Laden verlie\u00df,<sup><a href=\"#footnote_1_47066\" id=\"identifier_1_47066\" class=\"footnote-link footnote-identifier-link\" title=\"Ich f&uuml;rchte, ich bin generell am stolzesten auf Taten und Worte, die ich mir verkneife &ndash; ziemlich armselig.\">1<\/a><\/sup> sondern nur den Satz mitten im Wort abbrach. Den Koffer kaufte ich dort (im vollgestapelten Schaufenster hatte ich eine Sonderfarbe reduziert gesehen), bekam allerdings au\u00dfer &#8220;10 Jahre Garantie&#8221; keine weiteren Informationen und werde den Laden sicher nicht empfehlen.<\/p>\n<p>F\u00fcrs Abendessen besorgte ich zum anderen Zutaten in der Lebensmitteabteilung des Kaufhof.<br \/>\nDaheim gab&#8217;s Fr\u00fchst\u00fcck. Als ich dabei die Route zum Wahlschulungsort recherchierte, geriet ich in Hektik: Ich hatte auf der Einladung die Adresse vor Monaten nur \u00fcberflogen, &#8220;Ruppertstra\u00dfe&#8221; gelesen und mit &#8220;Ah, im KVR wie letztes Mal&#8221; abgehakt. Jetzt stellte ich fest, dass da tats\u00e4chlich &#8220;Rupert-Mayer-Stra\u00dfe&#8221; stand &#8211; und schlagartig wurden aus 20 Minuten Fu\u00dfweg in der Nachbarschaft 30 Minuten Radeln in fremde Gegenden.<\/p>\n<p>Ich k\u00fcrzte das Fr\u00fchst\u00fcck ab, packte hastig und stieg aufs Rad. Ganz hatte ich mir den langen Weg nicht merken k\u00f6nnen, hielt also immer wieder an, um auf dem Smartphone die Route zu checken. Registrierte aber sehr wohl, dass ich durch die Tumblingerstra\u00dfe radelte: Am Vortag hatte ich im NS-Dokumentationszentrum einen Zeitzeugen geh\u00f6rt, der als junger Bursche vom Fenster der Elternwohnung in dieser Stra\u00dfe gesehen hatte, wie nach der Niederschlagung der R\u00e4terepublik gegen\u00fcber am Schlachthof an der Viehrampe Anh\u00e4nger der Republik erschossen wurden.<\/p>\n<p>Au\u00dfer Atem gelangte ich an das Firmengel\u00e4nde, in dem die Schulung stattfand &#8211; und musste herausfinden, in welchem der vielen Geb\u00e4ude dort, die Einladung hatte nur den Namen des Schulungsraums aufgef\u00fchrt. Zum Gl\u00fcck stie\u00df ich auf weitere Wahlhelfenden, die einen Plan dabei hatten (war wohl an st\u00e4dtische Angestellte ausgeteilt worden).<\/p>\n<p>Hochinteressante und informationsdichte dreieinhalb Stunden Schulung. <\/p>\n<p><a href=\"https:\/\/www.vorspeisenplatte.de\/speisen\/archiv\/180926_02_Schulungsausblick.jpg\"><img loading=\"lazy\" decoding=\"async\" src=\"https:\/\/www.vorspeisenplatte.de\/speisen\/archiv\/180926_02_Schulungsausblick.jpg\" alt=\"\" width=\"514\" height=\"465\" class=\"alignnone size-full wp-image-47089\" \/><\/a><\/p>\n<p>(Mit diesem Ausblick, im Original inklusive deutlichem Alpenpanorama.)<\/p>\n<p>Es wurden nochmal Gesetze und Verordnungen durchgenommen, au\u00dferdem der genaue Ablauf der Ausz\u00e4hlung, an den auch das Programm des Computerkoffers zur Eingabe und \u00dcbertragung der Ergebnisse angepasst worden war. Hier sind die <a href=\"https:\/\/www.muenchen.de\/rathaus\/dam\/jcr:30e1bc66-c7ca-4d66-80a2-4a5ffb4a86e6\/engerer%20Wahlvorstand_Wahllokal_Lang_mit_Inhaltsverzeichnissen_Internet.pdf\" rel=\"noopener\" target=\"_blank\">Unterlagen der Schulung f\u00fcr den engeren Wahlvorstand im Wahllokal<\/a> einsehbar. Neuer Inhalt unter anderem: &#8220;Umgang mit Wahlbeaobachtern&#8221; &#8211; zu dieser &#8220;Wahlbeobachtung&#8221; fordern rechte Kr\u00e4fte seit einiger Zeit auf (kein Link, leicht zu finden).<\/p>\n<p>Diesmal bestand die Gruppe nur aus sachorientierten Menschen (also keine Geschichtenerz\u00e4hler und G&#8217;schaftlhuberinnen <a href=\"https:\/\/www.vorspeisenplatte.de\/speisen\/2017\/09\/journal-samstag-16-september-2017-wahlhilfeschulung.htm\" rel=\"noopener\" target=\"_blank\">wie bei der letzten Runde<\/a>), es ging flott durch, so dass wir nur wenig \u00fcberzogen. Es l\u00f6ste Erstaunen (und ein wenig Unglauben) aus, dass ich weder st\u00e4dtische noch staatliche Angestellte bin, somit das Wahlhelfen wirklich echt ehrlich freiwillig mache und nicht mal einen freien Tag daf\u00fcr bekomme.<\/p>\n<p>Behindert wurde meine Aufnahmef\u00e4higkeit durch Schwindel und eine lange M\u00fcdigkeitsattacke, ich werde die Unterlagen vor dem 14. Oktober nochmal gr\u00fcndlich durchgehen.<\/p>\n<p>Heimradeln auf einfacherem Weg ohne Anweisungen &#8211; heim finde ich in M\u00fcnchen immer. (F\u00fcr eine Innenstadtbewohnerin nicht schwierig.)<\/p>\n<p>Zum Nachtmahl versuchte ich die k\u00f6stlichen Muscheln von vergangenem Freitagabend in Oldenburg nachzubauen. Ganz so frisch waren sie nicht (vielleicht sollte man in M\u00fcnchen Muscheln den Profis \u00fcberlassen), aber die Kombination mit Zwiebel-Speck-Sahne-Petersilienso\u00dfe schmeckte.<\/p>\n<p><a href=\"https:\/\/www.vorspeisenplatte.de\/speisen\/archiv\/180926_04_Muscheln.jpg\"><img loading=\"lazy\" decoding=\"async\" src=\"https:\/\/www.vorspeisenplatte.de\/speisen\/archiv\/180926_04_Muscheln.jpg\" alt=\"\" width=\"393\" height=\"468\" class=\"alignnone size-full wp-image-47091\" \/><\/a><\/p>\n<p>Jetzt ist aber mal Zeit f\u00fcr Ruhe &#8211; am Abend f\u00fchlte ich mich richtig urlaubsreif.<\/p>\n<p>\u00a7<\/p>\n<p>Stella Hindemith schreibt f\u00fcr die <i>Zeit<\/i>:<br \/>\n<a href=\"https:\/\/www.zeit.de\/kultur\/2018-09\/rechtspopulismus-martin-walser-heimat-nationalsozialismus-10nach8?\" rel=\"noopener\" target=\"_blank\">&#8220;Rechtspopulismus:Es begann nicht auf der Stra\u00dfe&#8221;.<\/a><\/p>\n<p>Ihre These:<\/p>\n<blockquote><p>Im Umgang mit der deutschen Nazivergangenheit markierte Martin Walsers Rede in der Paulskirche eine Wende: Vor 20 Jahren verschob er die Grenzen des Sagbaren nach rechts.<\/p><\/blockquote>\n<p>Denn:<\/p>\n<blockquote><p>Die Rede suggeriert den Bruch eines Tabus, welches von einem m\u00e4chtigen Gegner gesch\u00fctzt wird. Einzig Walser, der mutige Einzelk\u00e4mpfer, bringt die Kraft auf, sich dem vermeintlichen Erwartungsdruck der M\u00e4chtigen zu widersetzen und die unbequeme Wahrheit auszusprechen. Mit dieser Selbstinszenierung ger\u00e4t jede\/r KritikerIn seiner Aussagen in die Position der Unterdr\u00fcckerIn ebenjener Wahrheit \u2013 eine rhetorische Finesse, der sich RechtspopulistInnen auch heute gern bedienen.<\/p><\/blockquote>\n<p>(&#8230;)<\/p>\n<blockquote><p>Der Rechtspopulismus wurde nicht auf der Stra\u00dfe erfunden, auch nicht von den viel zitierten Wutb\u00fcrgern. Er kommt auch nicht allein aus dem Osten oder von den Wendeverlierern, auch wenn er hier vielleicht besonders viel Resonanz erf\u00e4hrt. Der Rechtspopulismus ist lange und hartn\u00e4ckig erdacht, nicht zuletzt von Intellektuellen und Politikern aus dem Westen. Seine b\u00fcrgerlichen ArchitektInnen hei\u00dfen Walser, Hohmann, M\u00f6llemann, Sarrazin oder Steinbach. Und er ist verwurzelt in der Abwehr der Verantwortung f\u00fcr den Nationalsozialismus und dem damit einhergehenden Antisemitismus. Der Erfolg des Rechtspopulismus \u2013 auf der Stra\u00dfe wie in den Parlamenten \u2013 wird nicht verstehbar werden, wenn seine Entstehung nicht beachtet wird.<br \/>\nIm Gegenteil: Solange die Debatte auf das Jahr 2015 fokussiert ist, geht sie dem rechtspopulistischen Mythos auf den Leim, der behauptet, das &#8220;Volk&#8221; w\u00fcrde sich wehren.<\/p><\/blockquote>\n<p> <img loading=\"lazy\" decoding=\"async\" src=\"https:\/\/ssl-vg03.met.vgwort.de\/na\/e225a2a85b554634b3647935cfdb3258\" width=\"1\" height=\"1\" alt=\"\"\/><\/p>\n<ol class=\"footnotes\"><li id=\"footnote_1_47066\" class=\"footnote\">Ich f\u00fcrchte, ich bin generell am stolzesten auf Taten und Worte, die ich mir verkneife &#8211; ziemlich armselig.<span class=\"footnote-back-link-wrapper\"> [<a href=\"#identifier_1_47066\" class=\"footnote-link footnote-back-link\">&#8617;<\/a>]<\/span><\/li><\/ol>","protected":false},"excerpt":{"rendered":"<p>Unruhiges Ausschlafen, ich erwachte mit dumpfem Hirn (und sollte wohl ab sofort wieder das abendliche Glas Wein meiden, das ich in den vergangenen zwei Wochen so problemlos vertragen hatte). Ausf\u00fchrliches und emotionales Bloggen. Ich habe da eine Idee, wen ich fragen k\u00f6nnte, ob er nach meiner polnischen Gro\u00dfmutter recherchieren m\u00f6chte &#8211; er interessiert sich f\u00fcr [&hellip;]<\/p>\n","protected":false},"author":2,"featured_media":0,"comment_status":"open","ping_status":"closed","sticky":false,"template":"","format":"standard","meta":{"footnotes":""},"categories":[6,2,1],"tags":[],"class_list":["post-47066","post","type-post","status-publish","format-standard","hentry","category-essen","category-fotos","category-general"],"_links":{"self":[{"href":"https:\/\/www.vorspeisenplatte.de\/speisen\/wp-json\/wp\/v2\/posts\/47066","targetHints":{"allow":["GET"]}}],"collection":[{"href":"https:\/\/www.vorspeisenplatte.de\/speisen\/wp-json\/wp\/v2\/posts"}],"about":[{"href":"https:\/\/www.vorspeisenplatte.de\/speisen\/wp-json\/wp\/v2\/types\/post"}],"author":[{"embeddable":true,"href":"https:\/\/www.vorspeisenplatte.de\/speisen\/wp-json\/wp\/v2\/users\/2"}],"replies":[{"embeddable":true,"href":"https:\/\/www.vorspeisenplatte.de\/speisen\/wp-json\/wp\/v2\/comments?post=47066"}],"version-history":[{"count":3,"href":"https:\/\/www.vorspeisenplatte.de\/speisen\/wp-json\/wp\/v2\/posts\/47066\/revisions"}],"predecessor-version":[{"id":47102,"href":"https:\/\/www.vorspeisenplatte.de\/speisen\/wp-json\/wp\/v2\/posts\/47066\/revisions\/47102"}],"wp:attachment":[{"href":"https:\/\/www.vorspeisenplatte.de\/speisen\/wp-json\/wp\/v2\/media?parent=47066"}],"wp:term":[{"taxonomy":"category","embeddable":true,"href":"https:\/\/www.vorspeisenplatte.de\/speisen\/wp-json\/wp\/v2\/categories?post=47066"},{"taxonomy":"post_tag","embeddable":true,"href":"https:\/\/www.vorspeisenplatte.de\/speisen\/wp-json\/wp\/v2\/tags?post=47066"}],"curies":[{"name":"wp","href":"https:\/\/api.w.org\/{rel}","templated":true}]}}