{"id":47147,"date":"2018-09-30T08:03:23","date_gmt":"2018-09-30T06:03:23","guid":{"rendered":"https:\/\/www.vorspeisenplatte.de\/speisen\/?p=47147"},"modified":"2023-09-24T14:50:32","modified_gmt":"2023-09-24T12:50:32","slug":"journal-samstag-29-september-2018-westerwaldsteig-2-herborn-nach-breitscheid","status":"publish","type":"post","link":"https:\/\/www.vorspeisenplatte.de\/speisen\/2018\/09\/journal-samstag-29-september-2018-westerwaldsteig-2-herborn-nach-breitscheid.htm","title":{"rendered":"Journal Samstag, 29. September 2018 \u2013 Westerwaldsteig 2: Herborn nach Breitscheid"},"content":{"rendered":"<p>Vom Wecker geweckt, ich hatte ja noch was vor an diesem Urlaubstag. Drau\u00dfen sah ich Frost auf den D\u00e4chern, doch die Sonne schien.<\/p>\n<p>Duschen, Bloggen, Fr\u00fchst\u00fcck \u2013 ich a\u00df aus Vernunft, genoss aber wirklich den \u00fcberraschend guten Cappuccino des Hauses.<\/p>\n<p>Abschied vom h\u00fcbschen, kalten Herborn.<\/p>\n<p>Die Tagesetappe sah nur 15,5 Kilometer vor, bot aber einen Abstecher nach Dillenburg an. Nach nur der Tagesetappe w\u00e4re ich selbst mit Bummeln um 15 Uhr am Zielort gewesen \u2013 was sollte ich so fr\u00fch in einem Westerwalddorf? Spazierengehen? Das machte ich doch lieber unterwegs mit dem Abstecher. Gerade bei diesem herrlich sonnigen Wetter.<\/p>\n<p>Seltsam fand ich allerdings die unterschiedlichen Streckenangaben f\u00fcr den Abstecher in Wanderb\u00fcchel und auf Schildern: Sie reichten von acht Kilometer Wanderung hin und zur\u00fcck bis zu 6,2 Kilometer einfach.<\/p>\n<p>Das Ergebnis f\u00fcr die Nachwelt: Ich war zus\u00e4tzliche drei Stunden nach Dillenburg hin und zur\u00fcck unterwegs, plus einem P\u00e4uschen. Das stellte sich als l\u00e4nger heraus als gedacht; da ich die B&#038;B-Zimmerwirtin am Zielort nicht unn\u00f6tig warten lassen wollte (ihre Telefonnummer hatte ich ungeschickterweise im Koffer und nicht bei mir), geriet ich ein wenig in Eile.<\/p>\n<p>Doch die Wanderung war sehr sch\u00f6n, gerade die Strecke nach Dillenburg und zur\u00fcck. Der Abstecher lohnte sich auch wegen eines fliehenden Kaninchens von hinten und zwei aufgeschreckten Rehb\u00f6cklein an einem Buchenwald am Hang: Ich hatte mich um einen umgest\u00fcrzten Baum \u00fcberm Weg ins Holz schlagen m\u00fcssen und hatte sie damit aufgest\u00f6bert.<\/p>\n<p>In Dillenburg steuerte ich das n\u00e4chstbeste Caf\u00e9 f\u00fcr Cappuccino und Klo an. Es war ein italienisches Eiscaf\u00e9, und der stark akzentuierte Kellner wurde am Nebentisch von einer alten Dame niedergebabbelt (es ging um Wespenstiche und um Antibiotika im Schweinefleisch). \u00dcberhaupt machen die Menschen hier bislang einen sehr geselligen und freundlichen Eindruck, gr\u00fc\u00dfen bei Begegnung (\u201eHallo\u201c scheint hier Standard, ich brauche meine Fremdsprachenkenntnisse mit \u201eGuten Tag\u201c gar nicht), l\u00e4cheln.<\/p>\n<p>Es ging sanft bergauf und bergab, meist begleitet von Autoger\u00e4uschen der umliegenden Schnellstra\u00dfen. Immer wieder sch\u00f6ne Ausblicke auf angeherbstelte Waldh\u00fcgel. Ich h\u00f6rte und sah Eichelh\u00e4her, auch Elstern, eine M\u00f6nchsgrasm\u00fccke, Bachstelzen, einen r\u00fcttelnden Falken, Termik-kreisende Greifv\u00f6gel (zu weit weg f\u00fcr eine Identifikation), dazu Kr\u00e4hen, Amseln, Spatzen, Meisen, Wildtauben.<\/p>\n<p>Die Luft war ein wenig zu kalt f\u00fcr ideales Wanderwetter: In der Sonne ging&#8217;s ab Mittag ohne Jacke, doch in schattigen Waldst\u00fccken brauchte ich die Wanderjacke, schwitzte vor allem bergauf aber, begann gleich darauf bei weniger anstrengenden Abschnitten in der k\u00fchlen Luft zu fr\u00f6steln.<\/p>\n<p>Brotzeitpause machte ich nicht (siehe Eile, au\u00dferdem hatte ich keinen Hunger) und kam nach gut sieben Stunden am Zielort Breitscheid an, mit ganz sch\u00f6n schweren Beinen. Die Bewegungsapp hatte 29,6 Kilometer gemessen. Upsie.<\/p>\n<p>Meine sp\u00e4te Ankunft hatte zum Gl\u00fcck keine Probleme bereitet, ich wurde in eines von zwei vermieteten G\u00e4stezimmern im Souterrain eines neuen Einfamilienhauses gebracht, gemeinsames Bad, und lernte gleich den anderen Gast kennen, der zu einer Geburtstagsfeier in der N\u00e4he angereist war.<\/p>\n<p>Koffer war angekommen, WLAN vorhanden, doch nun erlebte ich digitales Dorfleben: elend langsames Internet. (Plus Edgeborn. Und Pok\u00e9stopleere.) Diesen Post schrieb ich besser mal offline vor.<br \/>\nAber ich bekam das Zimmer warm.<\/p>\n<p>Abendessen: Eine Packung gesalzene Erdn\u00fcsse, ein Apfel und ein Eiwei\u00dfriegel, ich wollte nirgendwohin mehr gehen. (JAHA, ich habe mich versch\u00e4tzt.) H\u00e4tte ich gewusst, dass der G\u00e4stekeller auch eine G\u00e4stek\u00fcche umfasste, h\u00e4tte ich wie vor zwei Jahren am Moselsteig eine Dose Linsen eingepackt.<\/p>\n<p>Meine Bandscheiben hatten schon am Morgen gezickt und mir das rechte Bein weggerissen, kamen aber zum Gl\u00fcck erst am Schluss der Etappe nochmal auf die Idee. Um sich abends mit Schmerzen zu r\u00e4chen. (600 mg Ibu)<\/p>\n<p><a href=\"https:\/\/www.vorspeisenplatte.de\/speisen\/archiv\/180929_01_Herborn_Hotel.jpg\"><img loading=\"lazy\" decoding=\"async\" src=\"https:\/\/www.vorspeisenplatte.de\/speisen\/archiv\/180929_01_Herborn_Hotel.jpg\" alt=\"\" width=\"325\" height=\"377\" class=\"alignnone size-full wp-image-47158\" \/><\/a><\/p>\n<p>Abschied von Herborn:<\/p>\n<p><a href=\"https:\/\/www.vorspeisenplatte.de\/speisen\/archiv\/180929_02_Herborn.jpg\"><img loading=\"lazy\" decoding=\"async\" src=\"https:\/\/www.vorspeisenplatte.de\/speisen\/archiv\/180929_02_Herborn.jpg\" alt=\"\" width=\"420\" height=\"545\" class=\"alignnone size-full wp-image-47160\" \/><\/a><\/p>\n<p><a href=\"https:\/\/www.vorspeisenplatte.de\/speisen\/archiv\/180929_04_Herborn.jpg\"><img loading=\"lazy\" decoding=\"async\" src=\"https:\/\/www.vorspeisenplatte.de\/speisen\/archiv\/180929_04_Herborn.jpg\" alt=\"\" width=\"423\" height=\"547\" class=\"alignnone size-full wp-image-47161\" \/><\/a><\/p>\n<p><a href=\"https:\/\/www.vorspeisenplatte.de\/speisen\/archiv\/180929_08_Herborn.jpg\"><img loading=\"lazy\" decoding=\"async\" src=\"https:\/\/www.vorspeisenplatte.de\/speisen\/archiv\/180929_08_Herborn.jpg\" alt=\"\" width=\"393\" height=\"524\" class=\"alignnone size-full wp-image-47162\" \/><\/a><\/p>\n<p>Gleich hinter Herborn: Die Farbvorgaben f\u00fcr den Tag.<\/p>\n<p><a href=\"https:\/\/www.vorspeisenplatte.de\/speisen\/archiv\/180929_11_Westerwaldsteig.jpg\"><img loading=\"lazy\" decoding=\"async\" src=\"https:\/\/www.vorspeisenplatte.de\/speisen\/archiv\/180929_11_Westerwaldsteig.jpg\" alt=\"\" width=\"362\" height=\"451\" class=\"alignnone size-full wp-image-47164\" \/><\/a><\/p>\n<p>Der oberen Markierung folgte ich.<\/p>\n<p><a href=\"https:\/\/www.vorspeisenplatte.de\/speisen\/archiv\/180929_12_Westerwaldsteig.jpg\"><img loading=\"lazy\" decoding=\"async\" src=\"https:\/\/www.vorspeisenplatte.de\/speisen\/archiv\/180929_12_Westerwaldsteig.jpg\" alt=\"\" width=\"393\" height=\"524\" class=\"alignnone size-full wp-image-47166\" \/><\/a><\/p>\n<p><a href=\"https:\/\/www.vorspeisenplatte.de\/speisen\/archiv\/180929_29_Dillenburg.jpg\"><img loading=\"lazy\" decoding=\"async\" src=\"https:\/\/www.vorspeisenplatte.de\/speisen\/archiv\/180929_29_Dillenburg.jpg\" alt=\"\" width=\"394\" height=\"503\" class=\"alignnone size-full \" \/><\/a><\/p>\n<p>Diesen Ausguck hat man \u00fcber Dillenburg gebaut,<\/p>\n<p><a href=\"https:\/\/www.vorspeisenplatte.de\/speisen\/archiv\/180929_28_Dillenburg.jpg\"><img loading=\"lazy\" decoding=\"async\" src=\"https:\/\/www.vorspeisenplatte.de\/speisen\/archiv\/180929_28_Dillenburg.jpg\" alt=\"\" width=\"454\" height=\"485\" class=\"alignnone size-full wp-image-47169\" \/><\/a><\/p>\n<p>damit man darauf runterschaun kann.<\/p>\n<p><a href=\"https:\/\/www.vorspeisenplatte.de\/speisen\/archiv\/180929_32_Dillenburg.jpg\"><img loading=\"lazy\" decoding=\"async\" src=\"https:\/\/www.vorspeisenplatte.de\/speisen\/archiv\/180929_32_Dillenburg.jpg\" alt=\"\" width=\"530\" height=\"405\" class=\"alignnone size-full \" \/><\/a><\/p>\n<p>Dabei ist Dillenburg, soweit ich das auf einen Blick sehen konnte, wirklich h\u00fcbsch. Hier das Hessische Landgest\u00fct Dillenburg.<\/p>\n<p><a href=\"https:\/\/www.vorspeisenplatte.de\/speisen\/archiv\/180929_36_Niederscheld.jpg\"><img loading=\"lazy\" decoding=\"async\" src=\"https:\/\/www.vorspeisenplatte.de\/speisen\/archiv\/180929_36_Niederscheld.jpg\" alt=\"\" width=\"393\" height=\"407\" class=\"alignnone size-full wp-image-47171\" \/><\/a><\/p>\n<p>Warm genug f\u00fcr ohne Jacke.<\/p>\n<p><a href=\"https:\/\/www.vorspeisenplatte.de\/speisen\/archiv\/180929_38_ForsthausNeuhaus.jpg\"><img loading=\"lazy\" decoding=\"async\" src=\"https:\/\/www.vorspeisenplatte.de\/speisen\/archiv\/180929_38_ForsthausNeuhaus.jpg\" alt=\"\" width=\"563\" height=\"432\" class=\"alignnone size-full \" \/><\/a><\/p>\n<p>Idyllisches Forsthaus Neuhaus links, etwas weniger idyllische Autobahnbr\u00fccke rechts.<\/p>\n<p><a href=\"https:\/\/www.vorspeisenplatte.de\/speisen\/archiv\/180929_39_Uckersdorf.jpg\"><img loading=\"lazy\" decoding=\"async\" src=\"https:\/\/www.vorspeisenplatte.de\/speisen\/archiv\/180929_39_Uckersdorf.jpg\" alt=\"\" width=\"611\" height=\"462\" class=\"alignnone size-full \" \/><\/a><\/p>\n<p><a href=\"https:\/\/www.vorspeisenplatte.de\/speisen\/archiv\/180929_46_Erdbach.jpg\"><img loading=\"lazy\" decoding=\"async\" src=\"https:\/\/www.vorspeisenplatte.de\/speisen\/archiv\/180929_46_Erdbach.jpg\" alt=\"\" width=\"539\" height=\"465\" class=\"alignnone size-full \" \/><\/a><\/p>\n<p>\u00a7<\/p>\n<p>Dieser Twitter-Faden hat mich nachdenklich gemacht: <a href=\"https:\/\/twitter.com\/behindyourback\/status\/1045864179171766272\" rel=\"noopener\" target=\"_blank\">Woran es liegt, wenn eine Frau nicht vergewaltigt oder missbraucht wird (Tipp: an den M\u00e4nnern).<\/a><\/p>\n<p>Meine Geschichte: Ich war Studentin Anfang 20, auf einer Party und betrunken, sa\u00df auf dem Scho\u00df eines jungen Manns, der mir schon eine ganze Weile sehr gut gefiel und der ebenfalls betrunken war. Wir k\u00fcssten uns, er kam mit zu mir, ich bat ihn herein, er stand schon in meinem Flur, als ich das sehr pl\u00f6tzlich sehr gar nicht wollte und sagte: &#8220;ICH gehe jetzt ins Bett.&#8221; Woraufhin er kurz ein wenig schwankte, mir eine gute Nacht w\u00fcnschte und ging. Ein wenig hatte ich wegen meines Verhaltens ein schlechtes Gewissen, seines hielt ich f\u00fcr keiner Erw\u00e4hnung wert.<\/p>\n<p>\u00a7<\/p>\n<p>Eine etwas andere Krankengeschichte einer MS-Patientin:<br \/>\n<a href=\"https:\/\/www.nytimes.com\/2018\/09\/19\/opinion\/disability-multiple-sclerosis-losing-touch.html\" rel=\"noopener\" target=\"_blank\">&#8220;Losing Touch, Finding Intimacy&#8221;.<\/a><\/p>\n<p>via <a href=\"https:\/\/twitter.com\/raulde\" rel=\"noopener\" target=\"_blank\">@raulde<\/a> <img loading=\"lazy\" decoding=\"async\" src=\"https:\/\/ssl-vg03.met.vgwort.de\/na\/26cd26bd12414c5ea488bbc63ec63fec\" width=\"1\" height=\"1\" alt=\"\"\/><\/p>\n","protected":false},"excerpt":{"rendered":"<p>Vom Wecker geweckt, ich hatte ja noch was vor an diesem Urlaubstag. Drau\u00dfen sah ich Frost auf den D\u00e4chern, doch die Sonne schien. Duschen, Bloggen, Fr\u00fchst\u00fcck \u2013 ich a\u00df aus Vernunft, genoss aber wirklich den \u00fcberraschend guten Cappuccino des Hauses. Abschied vom h\u00fcbschen, kalten Herborn. Die Tagesetappe sah nur 15,5 Kilometer vor, bot aber einen [&hellip;]<\/p>\n","protected":false},"author":2,"featured_media":0,"comment_status":"open","ping_status":"closed","sticky":false,"template":"","format":"standard","meta":{"footnotes":""},"categories":[2,1],"tags":[],"class_list":["post-47147","post","type-post","status-publish","format-standard","hentry","category-fotos","category-general"],"_links":{"self":[{"href":"https:\/\/www.vorspeisenplatte.de\/speisen\/wp-json\/wp\/v2\/posts\/47147","targetHints":{"allow":["GET"]}}],"collection":[{"href":"https:\/\/www.vorspeisenplatte.de\/speisen\/wp-json\/wp\/v2\/posts"}],"about":[{"href":"https:\/\/www.vorspeisenplatte.de\/speisen\/wp-json\/wp\/v2\/types\/post"}],"author":[{"embeddable":true,"href":"https:\/\/www.vorspeisenplatte.de\/speisen\/wp-json\/wp\/v2\/users\/2"}],"replies":[{"embeddable":true,"href":"https:\/\/www.vorspeisenplatte.de\/speisen\/wp-json\/wp\/v2\/comments?post=47147"}],"version-history":[{"count":3,"href":"https:\/\/www.vorspeisenplatte.de\/speisen\/wp-json\/wp\/v2\/posts\/47147\/revisions"}],"predecessor-version":[{"id":91376,"href":"https:\/\/www.vorspeisenplatte.de\/speisen\/wp-json\/wp\/v2\/posts\/47147\/revisions\/91376"}],"wp:attachment":[{"href":"https:\/\/www.vorspeisenplatte.de\/speisen\/wp-json\/wp\/v2\/media?parent=47147"}],"wp:term":[{"taxonomy":"category","embeddable":true,"href":"https:\/\/www.vorspeisenplatte.de\/speisen\/wp-json\/wp\/v2\/categories?post=47147"},{"taxonomy":"post_tag","embeddable":true,"href":"https:\/\/www.vorspeisenplatte.de\/speisen\/wp-json\/wp\/v2\/tags?post=47147"}],"curies":[{"name":"wp","href":"https:\/\/api.w.org\/{rel}","templated":true}]}}