{"id":4731,"date":"2009-06-01T18:27:07","date_gmt":"2009-06-01T16:27:07","guid":{"rendered":"https:\/\/www.vorspeisenplatte.de\/speisen\/?p=4731"},"modified":"2009-06-01T18:27:07","modified_gmt":"2009-06-01T16:27:07","slug":"kriterien-fur-extremistische-organisationen","status":"publish","type":"post","link":"https:\/\/www.vorspeisenplatte.de\/speisen\/2009\/06\/kriterien-fur-extremistische-organisationen.htm","title":{"rendered":"Kriterien f\u00fcr extremistische Organisationen"},"content":{"rendered":"<p>Oh, es hat sich sehr gelohnt, dass der Mitbewohner das <i>SZ-Magazin<\/i> aus der Altpapiertonne fischte. (Ich hatte es versehentlich mit zeitungsbegleitendem Unkraut, aka Prospekten, weggeworfen.) In meiner <a href=\"http:\/\/sz-magazin.sueddeutsche.de\/texte\/anzeigen\/29440\" target=_new>Lieblingskolumne \u201eGewissensfrage\u201c<\/a> sollte Kolumnist Rainer Erlinger beurteilen, ob in einem Fragebogen als Angabe \u00fcber fr\u00fchere Mitgliedschaften in extremistischen Organisationen die katholische Kirche aufgef\u00fchrt werden sollte.<\/p>\n<blockquote><p>Nun wird die katholische Kirche in Personalunion vom Staatschef des Vatikans gef\u00fchrt, einer absoluten Monarchie, die \u00e4hnlich wie die Kirche selbst weder Gewaltenteilung noch Demokratie kennt \u2013 beides elementare Grundz\u00fcge unserer Verfassung. Frauen wird in Kirche wie Vatikan der gleichberechtigte Zugang zu h\u00f6heren \u00c4mtern verwehrt, sexuelle Minderheiten werden verfemt und diskriminiert. Zudem sind die hiesigen leitenden Geistlichen, obwohl aus deutschen Staatskassen bezahlt, undemokratisch zustande gekommenen Weisungen aus dem theokratischen Kleinstaat zu Gehorsam verpflichtet. Und so manche ihrer \u00c4u\u00dferungen scheinen, wenn auch nicht direkt sicherheitsgef\u00e4hrdend, so doch stark polarisierend. Insgesamt zeigt sich an vielen Stellen also eine deutliche Abweichung von Gesellschaftsverst\u00e4ndnis und Menschenbild unserer Verfassung. Letzteres gr\u00fcndet zwar auf dem christlichen Menschenbild, hat sich jedoch im Hinblick etwa auf Eigenverantwortung, Freiheit und Gleichheit gegen\u00fcber dem der katholischen Kirche offenbar deutlich weiterentwickelt. <\/p><\/blockquote>\n<p><a href=\"http:\/\/sz-magazin.sueddeutsche.de\/texte\/anzeigen\/29440\" target=_new>Hier zur ganzen Kolumne.<\/a><\/p>\n<p>Passt wunderbar zu meinem Zucken, als ich gestern <a href=\"http:\/\/www.tagesschau.de\/ausland\/pfingstpredigten100.html\" target=_new>Herrn Ratzingers Warnung vor der \u201eVerschmutzung des Geistes\u201c<\/a> h\u00f6rte und mich fragte, was denn bitte Religion anderes sei.<\/p>\n","protected":false},"excerpt":{"rendered":"<p>Oh, es hat sich sehr gelohnt, dass der Mitbewohner das SZ-Magazin aus der Altpapiertonne fischte. (Ich hatte es versehentlich mit zeitungsbegleitendem Unkraut, aka Prospekten, weggeworfen.) In meiner Lieblingskolumne \u201eGewissensfrage\u201c sollte Kolumnist Rainer Erlinger beurteilen, ob in einem Fragebogen als Angabe \u00fcber fr\u00fchere Mitgliedschaften in extremistischen Organisationen die katholische Kirche aufgef\u00fchrt werden sollte. Nun wird die [&hellip;]<\/p>\n","protected":false},"author":2,"featured_media":0,"comment_status":"open","ping_status":"closed","sticky":false,"template":"","format":"standard","meta":{"footnotes":""},"categories":[1],"tags":[],"class_list":["post-4731","post","type-post","status-publish","format-standard","hentry","category-general"],"_links":{"self":[{"href":"https:\/\/www.vorspeisenplatte.de\/speisen\/wp-json\/wp\/v2\/posts\/4731","targetHints":{"allow":["GET"]}}],"collection":[{"href":"https:\/\/www.vorspeisenplatte.de\/speisen\/wp-json\/wp\/v2\/posts"}],"about":[{"href":"https:\/\/www.vorspeisenplatte.de\/speisen\/wp-json\/wp\/v2\/types\/post"}],"author":[{"embeddable":true,"href":"https:\/\/www.vorspeisenplatte.de\/speisen\/wp-json\/wp\/v2\/users\/2"}],"replies":[{"embeddable":true,"href":"https:\/\/www.vorspeisenplatte.de\/speisen\/wp-json\/wp\/v2\/comments?post=4731"}],"version-history":[{"count":0,"href":"https:\/\/www.vorspeisenplatte.de\/speisen\/wp-json\/wp\/v2\/posts\/4731\/revisions"}],"wp:attachment":[{"href":"https:\/\/www.vorspeisenplatte.de\/speisen\/wp-json\/wp\/v2\/media?parent=4731"}],"wp:term":[{"taxonomy":"category","embeddable":true,"href":"https:\/\/www.vorspeisenplatte.de\/speisen\/wp-json\/wp\/v2\/categories?post=4731"},{"taxonomy":"post_tag","embeddable":true,"href":"https:\/\/www.vorspeisenplatte.de\/speisen\/wp-json\/wp\/v2\/tags?post=4731"}],"curies":[{"name":"wp","href":"https:\/\/api.w.org\/{rel}","templated":true}]}}